{"id":126976,"date":"2025-12-01T09:52:07","date_gmt":"2025-12-01T09:52:07","guid":{"rendered":"https:\/\/www.europesays.com\/pl\/126976\/"},"modified":"2025-12-01T09:52:07","modified_gmt":"2025-12-01T09:52:07","slug":"polak-dla-niej-zostal-w-rosji-teraz-glosno-o-ich-rozwodzie-przeglad-sportowy-onet","status":"publish","type":"post","link":"https:\/\/www.europesays.com\/pl\/126976\/","title":{"rendered":"Polak dla niej zosta\u0142 w Rosji. Teraz g\u0142o\u015bno o ich rozwodzie &#8211; Przegl\u0105d Sportowy Onet"},"content":{"rendered":"<ol>\n<li><a href=\"https:\/\/news.google.com\/rss\/articles\/CBMirwFBVV95cUxQZVZUcmRYR2dSbVZreFV0RUIxMHg3Yk16cHc1dllUYnljcjZmTE4xZHczdnl0LWhxaGVDWnJFRlRvVF9JMGlUYUJwT2NQZHA3YTY5T0VNdlRKczFCMTZmdjl0bjFnNmw5ek1KZDVKNnkxRlEyMFZaN1RXZkRZZlZXakhuSHNUMVZOeVJPRDdHbnVlZnZVVHJuT29GNXdOSzlPZVVnZzRjZXlpcDRGU1ZN?oc=5\" target=\"_blank\" rel=\"nofollow noopener\">Polak dla niej zosta\u0142 w Rosji. Teraz g\u0142o\u015bno o ich rozwodzie<\/a>&nbsp;&nbsp;Przegl\u0105d Sportowy Onet<\/li>\n<li><a href=\"https:\/\/news.google.com\/rss\/articles\/CBMiugFBVV95cUxPLWQ3LUtQT25UeG4ySlBTdUJtWEJYVW5rX21HRFkyWUtibkFzTWttSTRvMXlYNTQzRWlJTnBWRWlUS1doQVg0N2hUeTlBZTRKWmY2TUl3eFA3SGlKNkZVeEw4NEhMOGdtN1d3cEJ4QTBJYVJhS1hXRHN3bERPcVdBM3BmSW5uQnlrazJMbzEtUDJTVWY4MktNM0dtRVVCMnRCeWtCc0xOR1ZwaDBaSm9LM0tlbldfcm1GakE?oc=5\" target=\"_blank\" rel=\"nofollow noopener\">A jednak to nie by\u0142y tylko plotki o ma\u0142\u017ce\u0144stwie Rybusa. Nadesz\u0142o potwierdzenie, to koniec<\/a>&nbsp;&nbsp;Sport w INTERIA.PL<\/li>\n<li><a href=\"https:\/\/news.google.com\/rss\/articles\/CBMirwFBVV95cUxOVzVRNHRaZnRzSmdoLTRRcEdGMHdQS3B5bFFjY0F0VUY4cGRJZFVmNUthNlNJNXFZNEMwS0RHQ0FFenRfcHJ4SnVZRFJlaDFTZmJWQjg0WEJJMl92cEVyYmpqVU5UZGpQbXBtMzNudE4tNjBSUURwWWNLcldRM2Y0bnpEWDYzdWphMDlrRUlwTXBwUU5nSmtXUU5pWkdTY2lfV0trb09TSXZQSzljOWNv?oc=5\" target=\"_blank\" rel=\"nofollow noopener\">Wzi\u0119li rozw\u00f3d! \u017bona Rybusa powiedzia\u0142a do\u015b\u0107, to dla niej zosta\u0142 w Rosji<\/a>&nbsp;&nbsp;Sport.pl<\/li>\n<li><a href=\"https:\/\/news.google.com\/rss\/articles\/CBMikwFBVV95cUxNNmY0dEdGYXZtZHpfODV1Q0Izc21nWHlYeW9tTkNidXROTG1xTEVmNUQ5Wk9HblJBeWluX1VwNW5vNlVqOEc2dzZjRTdKT0ttV1BmdnpCdEthRG9la3laajRyeFpNVVN5LWh6clYzeFg1NHZRUkRWTXFkc0RRRzBBbEloY0k0WV9fQVNZVWtaWFhmdDA?oc=5\" target=\"_blank\" rel=\"nofollow noopener\">Rosyjskie media: Maciej Rybus ROZWI\u00d3D\u0141 SI\u0118 z \u017con\u0105!<\/a>&nbsp;&nbsp;Pudelek<\/li>\n<li><a href=\"https:\/\/news.google.com\/rss\/articles\/CBMipgFBVV95cUxONl8yWmZ5bGVGTE1sekdBdTV3TGczaDQ1LTFHRXYzRHVsa0VvMXJCOF9Zb19qbEkwVy1UaGxBR2Znel9peExRMEVtUEp4N09DRndIMjZlZkJ6Uk1jcmY4ZXF0bTBHNHdXd1NiWDd4Z0RyZ21ZNVFhekV4X2xQQ1lkbkZGeWxIRHhyb0p5QzF4dmRiTExDd2pmd2RlWi1ab1Vnd2NUTmNn?oc=5\" target=\"_blank\" rel=\"nofollow noopener\">Zosta\u0142 dla niej w Rosji. S\u0105d orzek\u0142 ws. ma\u0142\u017ce\u0144stwa Rybusa<\/a>&nbsp;&nbsp;SportoweFakty<\/li>\n<\/ol>\n","protected":false},"excerpt":{"rendered":"Polak dla niej zosta\u0142 w Rosji. Teraz g\u0142o\u015bno o ich rozwodzie&nbsp;&nbsp;Przegl\u0105d Sportowy Onet A jednak to nie by\u0142y&hellip;\n","protected":false},"author":2,"featured_media":126977,"comment_status":"","ping_status":"","sticky":false,"template":"","format":"standard","meta":{"footnotes":""},"categories":[24],"tags":[67,26910,26909,129,948,42,38,40,39,41,136,128,557,47,127,126,655,130],"class_list":{"0":"post-126976","1":"post","2":"type-post","3":"status-publish","4":"format-standard","5":"has-post-thumbnail","7":"category-sport","8":"tag-intextvideo_splayer","9":"tag-lana_rybus","10":"tag-maciej_rybus","11":"tag-ofsajd","12":"tag-pilka_nozna","13":"tag-pl","14":"tag-poland","15":"tag-polish","16":"tag-polska","17":"tag-polski","18":"tag-ps_detal_new","19":"tag-psv2","20":"tag-rozwod","21":"tag-screening_general","22":"tag-sport","23":"tag-sports","24":"tag-styl_zycia_lifestyle_","25":"tag-wiadomosci_sportowe"},"share_on_mastodon":{"url":"https:\/\/pubeurope.com\/@pl\/115643701222693924","error":""},"_links":{"self":[{"href":"https:\/\/www.europesays.com\/pl\/wp-json\/wp\/v2\/posts\/126976","targetHints":{"allow":["GET"]}}],"collection":[{"href":"https:\/\/www.europesays.com\/pl\/wp-json\/wp\/v2\/posts"}],"about":[{"href":"https:\/\/www.europesays.com\/pl\/wp-json\/wp\/v2\/types\/post"}],"author":[{"embeddable":true,"href":"https:\/\/www.europesays.com\/pl\/wp-json\/wp\/v2\/users\/2"}],"replies":[{"embeddable":true,"href":"https:\/\/www.europesays.com\/pl\/wp-json\/wp\/v2\/comments?post=126976"}],"version-history":[{"count":0,"href":"https:\/\/www.europesays.com\/pl\/wp-json\/wp\/v2\/posts\/126976\/revisions"}],"wp:featuredmedia":[{"embeddable":true,"href":"https:\/\/www.europesays.com\/pl\/wp-json\/wp\/v2\/media\/126977"}],"wp:attachment":[{"href":"https:\/\/www.europesays.com\/pl\/wp-json\/wp\/v2\/media?parent=126976"}],"wp:term":[{"taxonomy":"category","embeddable":true,"href":"https:\/\/www.europesays.com\/pl\/wp-json\/wp\/v2\/categories?post=126976"},{"taxonomy":"post_tag","embeddable":true,"href":"https:\/\/www.europesays.com\/pl\/wp-json\/wp\/v2\/tags?post=126976"}],"curies":[{"name":"wp","href":"https:\/\/api.w.org\/{rel}","templated":true}]}}