{"id":126999,"date":"2025-12-01T10:04:10","date_gmt":"2025-12-01T10:04:10","guid":{"rendered":"https:\/\/www.europesays.com\/pl\/126999\/"},"modified":"2025-12-01T10:04:10","modified_gmt":"2025-12-01T10:04:10","slug":"polska-produkuje-za-malo-dronow-jestesmy-w-miejscu-w-ktorym-nie-powinnismy-byc","status":"publish","type":"post","link":"https:\/\/www.europesays.com\/pl\/126999\/","title":{"rendered":"Polska produkuje za ma\u0142o dron\u00f3w? &#8222;Jeste\u015bmy w miejscu, w kt\u00f3rym nie powinni\u015bmy by\u0107&#8221;"},"content":{"rendered":"<ul class=\"UnorderedList_container__nmfSl\">\n<li class=\"UnorderedList_listElement__Py7xi\" data-id=\"ai-summary-link\">Du\u017co czytania, a ma\u0142o czasu? Sprawd\u017a\u00a0skr\u00f3t\u00a0artyku\u0142u<\/li>\n<\/ul>\n<p class=\"Paragraph_desktopParagraph__U31Gm\">Wypartowicz pytany by\u0142 o wsp\u00f3\u0142tworzony przez Defence24 raport &#8222;Polska Armia Dron\u00f3w&#8221;. Wskazano w nim, \u017ce Polska produkuje rocznie 400 wysoko wyspecjalizowanych dron\u00f3w, podczas gdy na Ukrainie powstaje ich 9 tys. dziennie.<\/p>\n<p class=\"Paragraph_desktopParagraph__U31Gm\">\u2014 Raport pokazuje, \u017ce jeste\u015bmy w miejscu, w kt\u00f3rym nie powinni\u015bmy by\u0107, je\u017celi chcemy by\u0107 powa\u017cnym pa\u0144stwem \u2014 ocenia dziennikarz.<\/p>\n<p class=\"VideoPlayerText_videoPlayerText__iDwyz\">Dalszy ci\u0105g materia\u0142u pod wideo<\/p>\n<ul class=\"OchatFollowUps_wrapper__1ry7X\">\n<li class=\"OchatFollowUps_item__Dhyly OchatFollowUps_itemDesktop__R6aBv\">Jakie s\u0105 zdolno\u015bci produkcyjne Polski w zakresie dron\u00f3w?<\/li>\n<li class=\"OchatFollowUps_item__Dhyly OchatFollowUps_itemDesktop__R6aBv\">Ile dron\u00f3w produkuje Polska rocznie?<\/li>\n<li class=\"OchatFollowUps_item__Dhyly OchatFollowUps_itemDesktop__R6aBv\">Co m\u00f3wi raport o polskiej armii dron\u00f3w?<\/li>\n<li class=\"OchatFollowUps_item__Dhyly OchatFollowUps_itemDesktop__R6aBv\">Dlaczego Polska nie jest gotowa na konflikt?<\/li>\n<\/ul>\n<p>Polska nie jest gotowa na konflikt <\/p>\n<p class=\"Paragraph_desktopParagraph__U31Gm\">Zaznacza, \u017ce na ten moment Polska nie jest w sytuacji, w kt\u00f3rej jej zdolno\u015bci do wytwarzania dron\u00f3w czy zdolno\u015bci technologiczne, je\u015bli chodzi o bezza\u0142ogowce, by\u0142yby wystarczaj\u0105ce do starcia takiego, jak toczy si\u0119 mi\u0119dzy Rosj\u0105 a Ukrain\u0105.<\/p>\n<p class=\"Paragraph_desktopParagraph__U31Gm\">\u2014 Cz\u0119sto w przestrzeni publicznej m\u00f3wi si\u0119, \u017ce wojna dron\u00f3w to jest wojna biedak\u00f3w. Ze wzgl\u0119du na ni\u017csze zdolno\u015bci w innego typu uzbrojeniach przez braki amunicyjne strony zacz\u0119\u0142y przerzuca\u0107 si\u0119 na u\u017cywanie bezza\u0142ogowc\u00f3w. Tylko \u017ce to jest nieprawda \u2014 podkre\u015bla Wypartowicz, dodaj\u0105c, \u017ce obecnie jeste\u015bmy na poziomie, na kt\u00f3rym drony z wykorzystaniem sztucznej inteligencji mog\u0105 nawet autonomicznie namierza\u0107 cz\u0142owieka.<\/p>\n<p class=\"Paragraph_desktopParagraph__U31Gm\">Zaznacza, \u017ce drony potrafi\u0105 si\u0119 zmienia\u0107 z tygodnia na tydzie\u0144. \u2014 Wa\u017cna jest obserwacja, ale te\u017c podej\u015bcie pa\u0144stwowe \u2014 stwierdza.<\/p>\n<p>Rosja uderzy w Polsk\u0119? &#8222;Ale po co?&#8221; <\/p>\n<p class=\"Paragraph_desktopParagraph__U31Gm\">Wypartowicz pytany by\u0142 tak\u017ce o to, czy Rosja mo\u017ce zaatakowa\u0107 Polsk\u0119. \u2014 Ale po co? \u2014 odpowiedzia\u0142. Dopytywany o to, czy powodem nie jest ch\u0119\u0107 odbudowania &#8222;imperialnej Rosji&#8221;, dziennikarz stwierdza, \u017ce &#8222;ci\u0119\u017cko realizowa\u0107 imperialn\u0105 Rosj\u0119, gdy nie jest si\u0119 w stanie podbi\u0107 Ukrainy&#8221;.<\/p>\n<p class=\"Paragraph_desktopParagraph__U31Gm\">Podkre\u015bla jednak, \u017ce Polska powinna zastanowi\u0107 si\u0119, jak odpowiedzie\u0107 na ewentualny akt agresji. \u2014 Nie jest powiedziane, \u017ce Rosjanie wejd\u0105 pe\u0142noskalowo, kinetycznie do Polski. To mo\u017ce by\u0107 wszystko, co jest pod progiem wojny, co ju\u017c widzimy cho\u0107by na granicy z Bia\u0142orusi\u0105, mo\u017ce to by\u0107 bardziej zintensyfikowane, je\u015bli chodzi o kwestie dywersji, wi\u0119c tu powinni\u015bmy si\u0119 przygotowywa\u0107, chocia\u017c nasze zdolno\u015bci dronowe te\u017c s\u0105 dla nas bardzo wa\u017cne \u2014 m\u00f3wi dziennikarz.<\/p>\n","protected":false},"excerpt":{"rendered":"Du\u017co czytania, a ma\u0142o czasu? Sprawd\u017a\u00a0skr\u00f3t\u00a0artyku\u0142u Wypartowicz pytany by\u0142 o wsp\u00f3\u0142tworzony przez Defence24 raport &#8222;Polska Armia Dron\u00f3w&#8221;. Wskazano&hellip;\n","protected":false},"author":2,"featured_media":127000,"comment_status":"","ping_status":"","sticky":false,"template":"","format":"standard","meta":{"footnotes":""},"categories":[12],"tags":[32,33,165,36,37,66,27,67,34,35,28,31,53,25,768,3935,52,68,51,55,42,38,40,39,2847,41,47,29,30,390,50,26,912],"class_list":{"0":"post-126999","1":"post","2":"type-post","3":"status-publish","4":"format-standard","5":"has-post-thumbnail","7":"category-polska","8":"tag-breaking-news","9":"tag-breakingnews","10":"tag-drony_dron","11":"tag-featured-news","12":"tag-featurednews","13":"tag-give_me_perspective","14":"tag-headlines","15":"tag-intextvideo_splayer","16":"tag-latest-news","17":"tag-latestnews","18":"tag-naglowki","19":"tag-najwazniejsze-artykuly","20":"tag-new_header","21":"tag-news","22":"tag-obronnosc","23":"tag-onet_rano_program_wideo","24":"tag-onet3","25":"tag-onet3d","26":"tag-onet3d_2i","27":"tag-phx","28":"tag-pl","29":"tag-poland","30":"tag-polish","31":"tag-polska","32":"tag-polska_polak_polka_polacy_polki","33":"tag-polski","34":"tag-screening_general","35":"tag-top-stories","36":"tag-topstories","37":"tag-ukraina_ukrainiec_ukrainka_ukraincy_ukrainki","38":"tag-v2021","39":"tag-wiadomosci","40":"tag-wojna_wojny_konflikt_zbrojny_konflikty_zbrojne"},"share_on_mastodon":{"url":"","error":"Validation failed: Text character limit of 500 exceeded"},"_links":{"self":[{"href":"https:\/\/www.europesays.com\/pl\/wp-json\/wp\/v2\/posts\/126999","targetHints":{"allow":["GET"]}}],"collection":[{"href":"https:\/\/www.europesays.com\/pl\/wp-json\/wp\/v2\/posts"}],"about":[{"href":"https:\/\/www.europesays.com\/pl\/wp-json\/wp\/v2\/types\/post"}],"author":[{"embeddable":true,"href":"https:\/\/www.europesays.com\/pl\/wp-json\/wp\/v2\/users\/2"}],"replies":[{"embeddable":true,"href":"https:\/\/www.europesays.com\/pl\/wp-json\/wp\/v2\/comments?post=126999"}],"version-history":[{"count":0,"href":"https:\/\/www.europesays.com\/pl\/wp-json\/wp\/v2\/posts\/126999\/revisions"}],"wp:featuredmedia":[{"embeddable":true,"href":"https:\/\/www.europesays.com\/pl\/wp-json\/wp\/v2\/media\/127000"}],"wp:attachment":[{"href":"https:\/\/www.europesays.com\/pl\/wp-json\/wp\/v2\/media?parent=126999"}],"wp:term":[{"taxonomy":"category","embeddable":true,"href":"https:\/\/www.europesays.com\/pl\/wp-json\/wp\/v2\/categories?post=126999"},{"taxonomy":"post_tag","embeddable":true,"href":"https:\/\/www.europesays.com\/pl\/wp-json\/wp\/v2\/tags?post=126999"}],"curies":[{"name":"wp","href":"https:\/\/api.w.org\/{rel}","templated":true}]}}