{"id":127001,"date":"2025-12-01T10:05:12","date_gmt":"2025-12-01T10:05:12","guid":{"rendered":"https:\/\/www.europesays.com\/pl\/127001\/"},"modified":"2025-12-01T10:05:12","modified_gmt":"2025-12-01T10:05:12","slug":"afera-wokol-zwyciezcy-the-voice-of-poland-jan-piwowarczyk-musial-sie-tlumaczyc-2","status":"publish","type":"post","link":"https:\/\/www.europesays.com\/pl\/127001\/","title":{"rendered":"Afera wok\u00f3\u0142 zwyci\u0119zcy &#8222;The Voice of Poland&#8221;. Jan Piwowarczyk musia\u0142 si\u0119 t\u0142umaczy\u0107"},"content":{"rendered":"<p class=\"ods-c-paragraph \">Zwyci\u0119\u017caj\u0105c program &#8222;The Voice of Poland&#8221;, Jasiek Piwowarczyk, opr\u00f3cz wspomnianych ju\u017c nagr\u00f3d, otrzyma\u0142 Z\u0142oty Bilet do konkursu Premier podczas 63. Krajowego Festiwalu Polskiej Piosenki w Opolu oraz zaproszenie do wyst\u0119pu na scenie Sylwestra z Dw\u00f3jk\u0105.<\/p>\n<p class=\"ods-c-paragraph \">O statuetk\u0119 walczy\u0142o pi\u0119cioro uczestnik\u00f3w: Hanna Kuzimowicz, \u0141ukasz Reks, \u017baneta Che\u0142miniak, Mateusz Jagie\u0142\u0142o oraz Jan Piwowarczyk. Widzowie SMS-ami wskazali, \u017ce to w\u0142a\u015bnie Jasiek zas\u0142uguje na zwyci\u0119stwo. Jego charakterystyczny g\u0142os, naturalna swoboda na scenie i charyzma zadecydowa\u0142y o jego triumfie. Wielki sukces ch\u0142opaka to tak\u017ce pow\u00f3d do \u015bwi\u0119towania dla jego dawnej szko\u0142y. Piwowarczyk jest absolwentem krakowskiego liceum si\u00f3str prezentek, kt\u00f3re z dum\u0105 pochwali\u0142y si\u0119 osi\u0105gni\u0119ciem swojego wychowanka w mediach spo\u0142eczno\u015bciowych.<\/p>\n<p class=\"ods-c-paragraph \">Polecamy: <a href=\"https:\/\/plejada.pl\/wideo\/jan-piwowarczyk-zwyciezyl-w-the-voice-of-poland-ujawnia-na-co-wyda-wygrana\/7p19xr4\" id=\"0fe4063d-f097-4bfb-af17-7889b95e9e88\" rel=\"nofollow noopener\" target=\"_blank\">Zwyci\u0119\u017cy\u0142 w &#8222;The Voice of Poland&#8221;. Ujawnia, na co przeznaczy wygrane 100 tys. z\u0142<\/a><\/p>\n<p class=\"ods-c-paragraph \">Na Facebooku na stronie I&#8221;nna Perspektywa Rzeczywisto\u015bci \u2014 Blog Rados\u0142awa Kordowskiego&#8221; napisano:<\/p>\n<blockquote class=\"ods-o-quota\">\n<p class=\"ods-o-quota__paragraph\">Bo autorski singiel &#8222;Ushuaia&#8221;, kt\u00f3ry Jasiek za\u015bpiewa\u0142 w programie, a kt\u00f3ry w refrenie mia\u0142 tekst: &#8222;nie mam w sobie mi\u0142o\u015bci&#8221;, jest dla mnie totalnym zaprzeczeniem nadziei i ca\u0142ej wiary chrze\u015bcija\u0144skiej. S\u0142uchaj\u0105c tego utworu, mia\u0142em wr\u0119cz wra\u017cenie, \u017ce to utw\u00f3r daj\u0105cy \u015bwiadectwo: &#8222;przeszed\u0142em na ciemn\u0105 stron\u0119 mocy&#8221;.<\/p>\n<p class=\"ods-o-quota__paragraph\">Ale mo\u017ce taka jest cena, aby wygra\u0107 ten program w Polsce, bo za\u015bpiewanie pie\u015bni uwielbiaj\u0105cej Boga pogr\u0105\u017cy\u0142oby jego szanse na zwyci\u0119stwo?<\/p>\n<\/blockquote>\n<p class=\"ods-c-paragraph \">Nast\u0119pnie dodano:<\/p>\n<blockquote class=\"ods-o-quota\">\n<p class=\"ods-o-quota__paragraph\">M\u00f3dlmy si\u0119 zatem, aby Jasiek takich &#8222;czarnych&#8221; singli ju\u017c wi\u0119cej nie \u015bpiewa\u0142 i mia\u0142 odwag\u0119 dawa\u0107 \u015bwiadectwo swojej wiary! Jasiek b\u0105d\u017a zawsze po tej jasnej stronie mocy, nie daj si\u0119 \u015bci\u0105gn\u0105\u0107 z Bo\u017cej drogi.<\/p>\n<\/blockquote>\n<p>Dalszy ci\u0105g artyku\u0142u pod materia\u0142em wideo<\/p>\n<p> Jaka by\u0142a reakcja Ja\u015bka Piwowarczyka na krytyk\u0119 jego piosenki? <\/p>\n<p> Kto by\u0142 uczestnikiem rywalizuj\u0105cym z Ja\u015bkiem w 'The Voice of Poland&#8217;? <\/p>\n<p> Co Jasiek Piwowarczyk otrzyma\u0142 za zwyci\u0119stwo w programie? <\/p>\n<p> Jakie przes\u0142anie p\u0142ynie z tekstu piosenki 'Ushuaia&#8217; wed\u0142ug Ja\u015bka? <\/p>\n<p>  Kontrowersje wok\u00f3\u0142 piosenki zwyci\u0119zcy &#8222;The Voice of Poland&#8221;<\/p>\n<p class=\"ods-c-paragraph \">Jan Piwowarski szybko odpowiedzia\u0142 na te s\u0142owa.<\/p>\n<blockquote class=\"ods-o-quota\">\n<p class=\"ods-o-quota__paragraph\">Cytuj\u0105c jedynie s\u0142owa &#8222;nie mam w sobie mi\u0142o\u015bci&#8221;, zestawiaj\u0105c je z &#8222;przej\u015bciem na ciemn\u0105 stron\u0119 mocy&#8221;, bardzo up\u0142ycile\u015b sens i doda\u0142e\u015b bardzo mocn\u0105 &#8222;mroczn\u0105&#8221; nadinterpretacj\u0119, dlatego odnosz\u0119 wra\u017cenie, \u017ce bardzo powierzchownie zapozna\u0142e\u015b si\u0119 z tekstem! <\/p>\n<\/blockquote>\n<p class=\"ods-c-paragraph \">&#8222;W tek\u015bcie chodzi\u0142o mi po prostu o to, \u017ce cz\u0142owiek pozbawiony mi\u0142o\u015bci do bli\u017anich i siebie samego, traci sens, a \u015bwiat zbudowany na takich zasadach ko\u0144czy si\u0119 i moim zdaniem nie ma sensu! \u017byjemy w bardzo dziwnych czasach, gdzie wszystko przejmuje sztuczna inteligencja, social media, kt\u00f3re tak bardzo mocno zmieniaj\u0105 nasze postrzeganie relacji mi\u0119dzyludzkich, co doprowadzi\u0142o do tego, \u017ce jest tak bardzo du\u017co samotnych ludzi na \u015bwiecie, kt\u00f3rzy zagubieni, nie potrafi\u0105 si\u0119 do tego \u015bwiata dopasowa\u0107. Mia\u0142 by\u0107 to pewnego rodzaju krzyk, nieodnosz\u0105cy si\u0119 bezpo\u015brednio do mnie osobi\u015bcie \u2014 uwa\u017cam, \u017ce sztuka (r\u00f3wnie\u017c ta o warto\u015bciach chrze\u015bcija\u0144skich) nie zawsze musi mie\u0107 puent\u0119 zwi\u0105zan\u0105 z nadziej\u0105 \u2014 tutaj by\u0142 to zabieg celowy, kt\u00f3ry ma zmusi\u0107 s\u0142uchacza do my\u015blenia i pyta\u0144&#8221; \u2014 t\u0142umaczy\u0142.<\/p>\n<p class=\"ods-c-paragraph \">Dzi\u0119kujemy, \u017ce przeczyta\u0142a\u015b\/e\u015b nasz artyku\u0142 do ko\u0144ca. W serwisie Plejada.pl ka\u017cdego dnia piszemy o najwa\u017cniejszych wydarzeniach show-biznesowych. B\u0105d\u017a na bie\u017c\u0105co! <a rel=\"nofollow noopener\" href=\"https:\/\/profile.google.com\/cp\/Cg0vZy8xMWJ6X19wdHBx\" id=\"3e21c5ef-caf6-4ec0-a17b-a9a65897d0a8\" target=\"_blank\">Obserwuj<\/a> Plejad\u0119 w Wiadomo\u015bciach Google. Odwied\u017a nas tak\u017ce na <a rel=\"nofollow noopener\" href=\"https:\/\/www.facebook.com\/plejadapl\" id=\"4600da99-391f-4b16-b7bb-95497454f513\" target=\"_blank\">Facebooku<\/a>, <a rel=\"nofollow noopener\" href=\"https:\/\/www.instagram.com\/plejadapl\/\" id=\"739ce7d8-63fa-4f88-b282-71fbb3d7d89c\" target=\"_blank\">Instagramie<\/a>, <a rel=\"nofollow noopener\" href=\"https:\/\/www.youtube.com\/c\/plejada\" id=\"6933cad0-882b-4c39-8f59-fea8b110c1a5\" target=\"_blank\">YouTube<\/a> oraz <a rel=\"nofollow noopener\" href=\"https:\/\/www.tiktok.com\/@plejada_pl\" id=\"46ec92cb-4d2f-4adc-be3c-5f087f5dba4a\" target=\"_blank\">TikToku<\/a>.<\/p>\n<p class=\"ods-c-paragraph \">Chcesz podzieli\u0107 si\u0119 ciekawym newsem lub zaproponowa\u0107 temat? Skontaktuj si\u0119 z nami, pisz\u0105c e-maila na adres: <a rel=\"nofollow noopener\" href=\"https:\/\/plejada.pl\/newsy\/afera-wokol-zwyciezcy-the-voice-of-poland-jan-piwowarczyk-musial-sie-tlumaczyc\/mailto:plejada@redakcjaonet.pl\" id=\"8b8d6e90-d7c9-412a-ae67-460a0e6c07a1\" target=\"_blank\">plejada@redakcjaonet.pl<\/a>.<\/p>\n<p><script async src=\"\/\/www.instagram.com\/embed.js\"><\/script><script async src=\"\/\/www.tiktok.com\/embed.js\"><\/script><\/p>\n","protected":false},"excerpt":{"rendered":"Zwyci\u0119\u017caj\u0105c program &#8222;The Voice of Poland&#8221;, Jasiek Piwowarczyk, opr\u00f3cz wspomnianych ju\u017c nagr\u00f3d, otrzyma\u0142 Z\u0142oty Bilet do konkursu Premier&hellip;\n","protected":false},"author":2,"featured_media":127002,"comment_status":"","ping_status":"","sticky":false,"template":"","format":"standard","meta":{"footnotes":""},"categories":[5],"tags":[3323,32,33,36,37,27,34,35,28,31,48,25,125,46,42,38,40,39,41,47,29,30,26],"class_list":{"0":"post-127001","1":"post","2":"type-post","3":"status-publish","4":"format-standard","5":"has-post-thumbnail","7":"category-naglowki","8":"tag-_the_voice_of_poland_","9":"tag-breaking-news","10":"tag-breakingnews","11":"tag-featured-news","12":"tag-featurednews","13":"tag-headlines","14":"tag-latest-news","15":"tag-latestnews","16":"tag-naglowki","17":"tag-najwazniejsze-artykuly","18":"tag-nat_styl","19":"tag-news","20":"tag-newsy","21":"tag-omp","22":"tag-pl","23":"tag-poland","24":"tag-polish","25":"tag-polska","26":"tag-polski","27":"tag-screening_general","28":"tag-top-stories","29":"tag-topstories","30":"tag-wiadomosci"},"share_on_mastodon":{"url":"https:\/\/pubeurope.com\/@pl\/115643752392190700","error":""},"_links":{"self":[{"href":"https:\/\/www.europesays.com\/pl\/wp-json\/wp\/v2\/posts\/127001","targetHints":{"allow":["GET"]}}],"collection":[{"href":"https:\/\/www.europesays.com\/pl\/wp-json\/wp\/v2\/posts"}],"about":[{"href":"https:\/\/www.europesays.com\/pl\/wp-json\/wp\/v2\/types\/post"}],"author":[{"embeddable":true,"href":"https:\/\/www.europesays.com\/pl\/wp-json\/wp\/v2\/users\/2"}],"replies":[{"embeddable":true,"href":"https:\/\/www.europesays.com\/pl\/wp-json\/wp\/v2\/comments?post=127001"}],"version-history":[{"count":0,"href":"https:\/\/www.europesays.com\/pl\/wp-json\/wp\/v2\/posts\/127001\/revisions"}],"wp:featuredmedia":[{"embeddable":true,"href":"https:\/\/www.europesays.com\/pl\/wp-json\/wp\/v2\/media\/127002"}],"wp:attachment":[{"href":"https:\/\/www.europesays.com\/pl\/wp-json\/wp\/v2\/media?parent=127001"}],"wp:term":[{"taxonomy":"category","embeddable":true,"href":"https:\/\/www.europesays.com\/pl\/wp-json\/wp\/v2\/categories?post=127001"},{"taxonomy":"post_tag","embeddable":true,"href":"https:\/\/www.europesays.com\/pl\/wp-json\/wp\/v2\/tags?post=127001"}],"curies":[{"name":"wp","href":"https:\/\/api.w.org\/{rel}","templated":true}]}}