{"id":127049,"date":"2025-12-01T10:34:08","date_gmt":"2025-12-01T10:34:08","guid":{"rendered":"https:\/\/www.europesays.com\/pl\/127049\/"},"modified":"2025-12-01T10:34:08","modified_gmt":"2025-12-01T10:34:08","slug":"wladimir-putin-spotka-sie-z-amerykanska-delegacja-bedzie-nagranie","status":"publish","type":"post","link":"https:\/\/www.europesays.com\/pl\/127049\/","title":{"rendered":"W\u0142adimir Putin spotka si\u0119 z ameryka\u0144sk\u0105 delegacj\u0105. &#8222;B\u0119dzie nagranie&#8221;"},"content":{"rendered":"<ul class=\"UnorderedList_container__nmfSl\">\n<li class=\"UnorderedList_listElement__Py7xi\" data-id=\"ai-summary-link\">Du\u017co czytania, a ma\u0142o czasu? Sprawd\u017a\u00a0skr\u00f3t\u00a0artyku\u0142u<\/li>\n<\/ul>\n<p class=\"Paragraph_desktopParagraph__U31Gm\">Rzecznik Kremla Dmitrij Pieskow w rozmowie z dziennikarzami przekaza\u0142, \u017ce spotkanie W\u0142adimira Putina z ameryka\u0144sk\u0105 delegacj\u0105 pod przewodnictwem specjalnego wys\u0142annika prezydenta USA Steve&#8217;a Witkoffa, kt\u00f3re odb\u0119dzie si\u0119 2 grudnia, rozpocznie si\u0119 w formacie otwartym.<\/p>\n<p class=\"VideoPlayerText_videoPlayerText__iDwyz\">Dalszy ci\u0105g materia\u0142u pod wideo<\/p>\n<p class=\"Paragraph_desktopParagraph__U31Gm\">\u2014 B\u0119dzie nagranie z pocz\u0105tku spotkania \u2014 przekaza\u0142 Pieskow cytowany przez pa\u0144stwow\u0105 rosyjsk\u0105 agencj\u0119 prasow\u0105 TASS.<\/p>\n<ul class=\"OchatFollowUps_wrapper__1ry7X\">\n<li class=\"OchatFollowUps_item__Dhyly OchatFollowUps_itemDesktop__R6aBv\">Kiedy odb\u0119dzie si\u0119 spotkanie Putina z ameryka\u0144sk\u0105 delegacj\u0105?<\/li>\n<li class=\"OchatFollowUps_item__Dhyly OchatFollowUps_itemDesktop__R6aBv\">Kto prowadzi ameryka\u0144sk\u0105 delegacj\u0119?<\/li>\n<li class=\"OchatFollowUps_item__Dhyly OchatFollowUps_itemDesktop__R6aBv\">Czy po spotkaniu planowane jest wydanie o\u015bwiadczenia?<\/li>\n<li class=\"OchatFollowUps_item__Dhyly OchatFollowUps_itemDesktop__R6aBv\">Czy na pocz\u0105tku spotkania b\u0119dzie nagranie?<\/li>\n<\/ul>\n<p class=\"Paragraph_desktopParagraph__U31Gm\">Rzecznik Kremla zosta\u0142 te\u017c zapytany, czy planowane jest wydanie o\u015bwiadczenia po zako\u0144czeniu spotkania. \u2014 Zobaczymy \u2014 stwierdzi\u0142 w odpowiedzi.<\/p>\n<p>Kluczowe spotkanie na Florydzie <\/p>\n<p class=\"Paragraph_desktopParagraph__U31Gm\">Steve Witkoff ju\u017c <a href=\"https:\/\/wiadomosci.onet.pl\/swiat\/wyslannik-donalda-trumpa-leci-do-moskwy-kazde-slowo-ma-znaczenie\/nez0lxy\" id=\"934b8257-f8f1-4d0c-b3d1-31e309a0859b\" rel=\"nofollow noopener\" target=\"_blank\">w poniedzia\u0142ek udaje si\u0119 do Moskwy<\/a>. Jeszcze przed podr\u00f3\u017c\u0105 specjalny wys\u0142annik USA na Bliski Wsch\u00f3d spotka\u0142 si\u0119 w niedziel\u0119 na Florydzie z ukrai\u0144skimi negocjatorami. W spotkaniu uczestniczyli r\u00f3wnie\u017c sekretarz stanu Marco Rubio i starszy doradca, a prywatnie zi\u0119\u0107 prezydenta Trumpa, Jared Kushner.<\/p>\n<p class=\"Paragraph_desktopParagraph__U31Gm\">Marco Rubio <a href=\"https:\/\/wiadomosci.onet.pl\/swiat\/rozmowy-w-sprawie-ukrainy-na-florydzie-kwestia-absolutnie-podstawowa\/f2q16se\" id=\"0f7e13d2-208c-4982-a902-7230535ef606\" rel=\"nofollow noopener\" target=\"_blank\">okre\u015bli\u0142 rozmowy jako &#8222;bardzo produktywne&#8221;<\/a>. W o\u015bwiadczeniu podkre\u015bli\u0142, \u017ce ostatecznym celem wysi\u0142k\u00f3w dyplomatycznych &#8222;nie jest tylko zako\u0144czenie wojny&#8221;.<\/p>\n<p class=\"Paragraph_desktopParagraph__U31Gm\">\u2014 Oczywi\u015bcie, to jest niezb\u0119dne i fundamentalne. Chcemy, \u017ceby sko\u0144czy\u0142o si\u0119 zabijanie, \u015bmier\u0107 i cierpienie, i jestem pewien, \u017ce strona ukrai\u0144ska te\u017c tego chce \u2014 powiedzia\u0142 Rubio. Zaznaczy\u0142 jednak, \u017ce celem jest r\u00f3wnie\u017c &#8222;zako\u0144czenie wojny, kt\u00f3re zapewni Ukrainie suwerenno\u015b\u0107 i niepodleg\u0142o\u015b\u0107 oraz umo\u017cliwi prawdziwy dobrobyt&#8221;.<\/p>\n<p>Putin: plan Trumpa to &#8222;punkt wyj\u015bcia&#8221; <\/p>\n<p class=\"Paragraph_desktopParagraph__U31Gm\">W\u0142adimir Putin w czwartek <a href=\"https:\/\/wiadomosci.onet.pl\/kraj\/wladimir-putin-komentuje-negocjacje-wszystko-zostalo-nam-przekazane\/qlk92j0\" id=\"db2874af-ed14-4d8f-9d4b-67ebe6cc730b\" rel=\"nofollow noopener\" target=\"_blank\">wyrazi\u0142 zainteresowanie planami Trumpa dotycz\u0105cymi zako\u0144czenia wojny<\/a>, nazywaj\u0105c je punktem wyj\u015bcia.<\/p>\n<p class=\"Paragraph_desktopParagraph__U31Gm\">\u2014 Musimy usi\u0105\u015b\u0107 i powa\u017cnie to przedyskutowa\u0107 \u2014 powiedzia\u0142 Putin reporterom, wed\u0142ug Associated Press.<\/p>\n<p class=\"Paragraph_desktopParagraph__U31Gm\">Rosyjski przyw\u00f3dca zaznaczy\u0142 jednak, \u017ce plan Trumpa nale\u017cy traktowa\u0107 raczej jako &#8222;zbi\u00f3r kwestii poddanych dyskusji&#8221;, a nie jako gotowy projekt umowy. Putin podkre\u015bli\u0142 wag\u0119 ka\u017cdego elementu negocjacji, dodaj\u0105c: &#8222;ka\u017cde s\u0142owo ma znaczenie&#8221;.<\/p>\n","protected":false},"excerpt":{"rendered":"Du\u017co czytania, a ma\u0142o czasu? Sprawd\u017a\u00a0skr\u00f3t\u00a0artyku\u0142u Rzecznik Kremla Dmitrij Pieskow w rozmowie z dziennikarzami przekaza\u0142, \u017ce spotkanie W\u0142adimira&hellip;\n","protected":false},"author":2,"featured_media":127050,"comment_status":"","ping_status":"","sticky":false,"template":"","format":"standard","meta":{"footnotes":""},"categories":[5],"tags":[32,33,445,36,37,27,67,64,34,35,28,31,53,25,52,68,51,55,42,38,40,39,41,25865,62,47,59,11050,29,30,390,65,50,26,418],"class_list":{"0":"post-127049","1":"post","2":"type-post","3":"status-publish","4":"format-standard","5":"has-post-thumbnail","7":"category-naglowki","8":"tag-breaking-news","9":"tag-breakingnews","10":"tag-dmitrij_pieskow","11":"tag-featured-news","12":"tag-featurednews","13":"tag-headlines","14":"tag-intextvideo_splayer","15":"tag-inwazja_rosji_na_ukraine_2014_","16":"tag-latest-news","17":"tag-latestnews","18":"tag-naglowki","19":"tag-najwazniejsze-artykuly","20":"tag-new_header","21":"tag-news","22":"tag-onet3","23":"tag-onet3d","24":"tag-onet3d_2i","25":"tag-phx","26":"tag-pl","27":"tag-poland","28":"tag-polish","29":"tag-polska","30":"tag-polski","31":"tag-rebrand_ai_tst0","32":"tag-rosja_kraj_rosjanin_rosjanie_rosjanka_rosjanki","33":"tag-screening_general","34":"tag-stany_zjednoczone_usa","35":"tag-steve_witkoff","36":"tag-top-stories","37":"tag-topstories","38":"tag-ukraina_ukrainiec_ukrainka_ukraincy_ukrainki","39":"tag-update_me","40":"tag-v2021","41":"tag-wiadomosci","42":"tag-wladimir_putin_rosyjski_prezydent"},"share_on_mastodon":{"url":"","error":"Validation failed: Text character limit of 500 exceeded"},"_links":{"self":[{"href":"https:\/\/www.europesays.com\/pl\/wp-json\/wp\/v2\/posts\/127049","targetHints":{"allow":["GET"]}}],"collection":[{"href":"https:\/\/www.europesays.com\/pl\/wp-json\/wp\/v2\/posts"}],"about":[{"href":"https:\/\/www.europesays.com\/pl\/wp-json\/wp\/v2\/types\/post"}],"author":[{"embeddable":true,"href":"https:\/\/www.europesays.com\/pl\/wp-json\/wp\/v2\/users\/2"}],"replies":[{"embeddable":true,"href":"https:\/\/www.europesays.com\/pl\/wp-json\/wp\/v2\/comments?post=127049"}],"version-history":[{"count":0,"href":"https:\/\/www.europesays.com\/pl\/wp-json\/wp\/v2\/posts\/127049\/revisions"}],"wp:featuredmedia":[{"embeddable":true,"href":"https:\/\/www.europesays.com\/pl\/wp-json\/wp\/v2\/media\/127050"}],"wp:attachment":[{"href":"https:\/\/www.europesays.com\/pl\/wp-json\/wp\/v2\/media?parent=127049"}],"wp:term":[{"taxonomy":"category","embeddable":true,"href":"https:\/\/www.europesays.com\/pl\/wp-json\/wp\/v2\/categories?post=127049"},{"taxonomy":"post_tag","embeddable":true,"href":"https:\/\/www.europesays.com\/pl\/wp-json\/wp\/v2\/tags?post=127049"}],"curies":[{"name":"wp","href":"https:\/\/api.w.org\/{rel}","templated":true}]}}