{"id":127051,"date":"2025-12-01T10:35:08","date_gmt":"2025-12-01T10:35:08","guid":{"rendered":"https:\/\/www.europesays.com\/pl\/127051\/"},"modified":"2025-12-01T10:35:08","modified_gmt":"2025-12-01T10:35:08","slug":"burza-w-hiszpanii-po-meczu-realu-madryt","status":"publish","type":"post","link":"https:\/\/www.europesays.com\/pl\/127051\/","title":{"rendered":"Burza w Hiszpanii po meczu Realu Madryt"},"content":{"rendered":"\n<p class=\"contentpart contentpart--default contentpart--text\" data-position=\"0\">W niedzielny wiecz\u00f3r oczy fan\u00f3w <a href=\"https:\/\/sportowefakty.wp.pl\/pilka-nozna\/la-liga\" rel=\"nofollow noopener\" target=\"_blank\">La Liga<\/a>\u00a0by\u0142y zwr\u00f3cone na Giron\u0119, gdzie gospodarze zmierzyli si\u0119 w ramach 14. kolejki z <a href=\"https:\/\/sportowefakty.wp.pl\/pilka-nozna\/real-madryt\" rel=\"nofollow noopener\" target=\"_blank\">Reaeml Madryt<\/a>. Zesp\u00f3\u0142 <a href=\"https:\/\/sportowefakty.wp.pl\/pilka-nozna\/xabi-alonso\" rel=\"nofollow noopener\" target=\"_blank\">Xabiego Alonso<\/a>\u00a0celowa\u0142 w wygran\u0105 i utrzymanie na czele tabeli. Przed ko\u0144cem pierwszej po\u0142owy na prowadzenie wysforowa\u0142a si\u0119 jednak <a href=\"https:\/\/sportowefakty.wp.pl\/pilka-nozna\/girona-fc\" rel=\"nofollow noopener\" target=\"_blank\">Girona FC<\/a>. &#8222;Kr\u00f3lewscy&#8221; odpowiedzieli po wykorzystanym przez <a href=\"https:\/\/sportowefakty.wp.pl\/pilka-nozna\/kylian-mbappe-lottin\" rel=\"nofollow noopener\" target=\"_blank\">Kyliana Mbappe<\/a>\u00a0karnym, kt\u00f3ry by\u0142 ostatnim trafieniem w starciu, zako\u0144czonym remisem 1:1.<\/p>\n<p class=\"contentpart contentpart--default contentpart--text\" data-position=\"1\">Po zako\u0144czeniu spotkania wybucha\u0142 krytyka pod adresem s\u0119dziego <a href=\"https:\/\/sportowefakty.wp.pl\/pilka-nozna\/ricardo-de-burgos-bengoetxea\" rel=\"nofollow noopener\" target=\"_blank\">Ricardo de Burgosa<\/a>. RMTV (telewizja Realu) oskar\u017cy\u0142a go o b\u0142\u0119dy, kt\u00f3re rzekomo mia\u0142y negatywny wp\u0142yw na wyniki zespo\u0142u. Stacja\u00a0podkre\u015bli\u0142a, \u017ce takich sytuacji by\u0142o ju\u017c wiele, a omawiane decyzje by\u0142y nieuzasadnione.<\/p>\n<p> <img role=\"presentation\" src=\"https:\/\/std.wpcdn.pl\/images\/adv\/placeholder_wp.svg\" loading=\"lazy\" alt=\"\" decoding=\"async\"\/>  <\/p>\n<p class=\"contentpart contentpart--default contentpart--text\" data-position=\"2\">ZOBACZ WIDEO: By\u0142a 10. sekunda meczu. Niebywa\u0142e, co zrobi\u0142 bramkarz<\/p>\n<p class=\"contentpart contentpart--default contentpart--text\" data-position=\"4\">Wed\u0142ug RMTV jedn\u0105 z najwi\u0119kszych kontrowersji by\u0142a niewypatrzona przez system VAR sytuacja, a konkretnie kontakt w polu karnym pomi\u0119dzy Rodrygo a Joelem Roc\u0105, kt\u00f3ry nie skutkowa\u0142 przyznaniem rzutu karnego.<\/p>\n<p class=\"contentpart contentpart--default contentpart--text\" data-position=\"5\">Krytyka dotyczy\u0142a tak\u017ce wcze\u015bniejszej sytuacji z <a href=\"https:\/\/sportowefakty.wp.pl\/pilka-nozna\/kylian-mbappe-lottin\" rel=\"nofollow noopener\" target=\"_blank\">Kylianem Mbappe<\/a>. Francuz mia\u0142 zosta\u0107 sfaulowany przed strzeleniem gola przez Giron\u0119, co mog\u0142o zako\u0144czy\u0107 si\u0119 przyznaniem karnego dla Realu. &#8222;De Burgos pope\u0142ni\u0142 ra\u017c\u0105ce b\u0142\u0119dy w meczu Realu bez uzasadnienia&#8221; &#8211; skwitowa\u0142o RTMV.<\/p>\n<p class=\"contentpart contentpart--default contentpart--text\" data-position=\"6\">&#8222;LaLiga jest fa\u0142szowana. Madryt ma o cztery punkty mniej dzi\u0119ki arbitrom. [&#8230;]\u00a0Niezale\u017cnie od tego, \u017ce Madryt nie gra dobrze, rzeczywisto\u015b\u0107 jest taka, \u017ce s\u0119dziowie \u017ale traktuj\u0105 Real. Ci, kt\u00f3rzy musz\u0105 podejmowa\u0107 decyzje, s\u0105 nieobecni, a ich prezes to usprawiedliwia&#8221; &#8211; dodano.<\/p>\n<p> <img role=\"presentation\" src=\"https:\/\/std.wpcdn.pl\/images\/adv\/placeholder_wp.svg\" loading=\"lazy\" alt=\"\" decoding=\"async\"\/>  <\/p>\n<p class=\"contentpart contentpart--default contentpart--text\" data-position=\"7\">W przesz\u0142o\u015bci Real Madryt cz\u0119sto zg\u0142asza\u0142 zastrze\u017cenia wobec pracy s\u0119dzi\u00f3w, podkre\u015blaj\u0105c deficyty w egzekwowaniu sprawiedliwo\u015bci. Obecne stanowisko RMTV wpisuje si\u0119 w ten ci\u0105g wcze\u015bniej zg\u0142aszanych pretensji.<\/p>\n","protected":false},"excerpt":{"rendered":"W niedzielny wiecz\u00f3r oczy fan\u00f3w La Liga\u00a0by\u0142y zwr\u00f3cone na Giron\u0119, gdzie gospodarze zmierzyli si\u0119 w ramach 14. kolejki&hellip;\n","protected":false},"author":2,"featured_media":127052,"comment_status":"","ping_status":"","sticky":false,"template":"","format":"standard","meta":{"footnotes":""},"categories":[24],"tags":[14840,538,269,540,42,38,40,39,41,692,26929,127,126],"class_list":{"0":"post-127051","1":"post","2":"type-post","3":"status-publish","4":"format-standard","5":"has-post-thumbnail","7":"category-sport","8":"tag-girona-fc","9":"tag-la-liga","10":"tag-pilka-nozna","11":"tag-pilka-nozna-w-hiszpanii","12":"tag-pl","13":"tag-poland","14":"tag-polish","15":"tag-polska","16":"tag-polski","17":"tag-real-madryt","18":"tag-ricardo-de-burgos-bengoetxea","19":"tag-sport","20":"tag-sports"},"share_on_mastodon":{"url":"https:\/\/pubeurope.com\/@pl\/115643870651903925","error":""},"_links":{"self":[{"href":"https:\/\/www.europesays.com\/pl\/wp-json\/wp\/v2\/posts\/127051","targetHints":{"allow":["GET"]}}],"collection":[{"href":"https:\/\/www.europesays.com\/pl\/wp-json\/wp\/v2\/posts"}],"about":[{"href":"https:\/\/www.europesays.com\/pl\/wp-json\/wp\/v2\/types\/post"}],"author":[{"embeddable":true,"href":"https:\/\/www.europesays.com\/pl\/wp-json\/wp\/v2\/users\/2"}],"replies":[{"embeddable":true,"href":"https:\/\/www.europesays.com\/pl\/wp-json\/wp\/v2\/comments?post=127051"}],"version-history":[{"count":0,"href":"https:\/\/www.europesays.com\/pl\/wp-json\/wp\/v2\/posts\/127051\/revisions"}],"wp:featuredmedia":[{"embeddable":true,"href":"https:\/\/www.europesays.com\/pl\/wp-json\/wp\/v2\/media\/127052"}],"wp:attachment":[{"href":"https:\/\/www.europesays.com\/pl\/wp-json\/wp\/v2\/media?parent=127051"}],"wp:term":[{"taxonomy":"category","embeddable":true,"href":"https:\/\/www.europesays.com\/pl\/wp-json\/wp\/v2\/categories?post=127051"},{"taxonomy":"post_tag","embeddable":true,"href":"https:\/\/www.europesays.com\/pl\/wp-json\/wp\/v2\/tags?post=127051"}],"curies":[{"name":"wp","href":"https:\/\/api.w.org\/{rel}","templated":true}]}}