{"id":127164,"date":"2025-12-01T11:41:07","date_gmt":"2025-12-01T11:41:07","guid":{"rendered":"https:\/\/www.europesays.com\/pl\/127164\/"},"modified":"2025-12-01T11:41:07","modified_gmt":"2025-12-01T11:41:07","slug":"najbogatsi-mlodzi-milionerzy-majatek-lewandowskich-powala","status":"publish","type":"post","link":"https:\/\/www.europesays.com\/pl\/127164\/","title":{"rendered":"Najbogatsi m\u0142odzi milionerzy. Maj\u0105tek Lewandowskich powala"},"content":{"rendered":"<p>Koniec roku tradycyjnie sprzyja wszelkim rankingom i\u00a0bilansom. Tydzie\u0144 temu &#8222;Wprost&#8221; zaprezentowa\u0142 list\u0119 50 najbardziej wp\u0142ywowych os\u00f3b w\u00a0kraju, na kt\u00f3rej tegoroczny prym wiedli Karol Nawrocki oraz Donald Tusk. A\u00a0jak wypad\u0142y gwiazdy bliskie czytelnikom Pudelka? Najwy\u017cej w\u015br\u00f3d postaci ze \u015bwiata rozrywki i\u00a0sportu uplasowa\u0142a si\u0119 <a href=\"https:\/\/www.pudelek.pl\/tag\/iga+%C5%9Bwi%C4%85tek\/\" rel=\"noopener noreferrer nofollow\" target=\"_blank\">Iga \u015awi\u0105tek<\/a>, zajmuj\u0105c imponuj\u0105ce 6. miejsce. Na 10. pozycji znale\u017ali si\u0119 Anna i\u00a0Robert Lewandowscy.<\/p>\n<p>Ranking &#8222;40 najbogatszych przed 40&#8221;. Kto okaza\u0142 si\u0119 najlepszy? <\/p>\n<p>W najnowszym zestawieniu uwzgl\u0119dniono m\u0142odych milioner\u00f3w, kt\u00f3rzy nie uko\u0144czyli jeszcze 40 lat. <\/p>\n<p>84 mln z\u0142 &#8211; takim maj\u0105tkiem trzeba by\u0142o dysponowa\u0107, \u017ceby znale\u017a\u0107 si\u0119 na tegorocznej Li\u015bcie 40 najbogatszych przed 40. To o 18 mln z\u0142 wi\u0119cej ni\u017c przed rokiem<\/p>\n<p>&#8211; czytamy.<\/p>\n<p>W tym roku w\u00a0rankingu pojawi\u0142o si\u0119 8\u00a0debiutant\u00f3w, z\u00a0czego a\u017c 6\u00a0dzia\u0142a w\u00a0bran\u017cy spo\u017cywczej. Liczba debiutant\u00f3w mog\u0142aby by\u0107 wi\u0119ksza, jednak, jak informuje &#8222;Wprost&#8221;, m\u0142odzi milionerzy wci\u0105\u017c obawiaj\u0105 si\u0119 ujawnia\u0107 swoje maj\u0105tki.<\/p>\n<p>Po raz drugi z\u00a0rz\u0119du na pierwszym miejscu znalaz\u0142 si\u0119 Sebastian Jab\u0142o\u0144ski, kt\u00f3ry w\u00a0ubieg\u0142ym roku zadebiutowa\u0142 w\u0142a\u015bnie na szczycie listy &#8211;\u00a0<a href=\"https:\/\/www.pudelek.pl\/ranking-40-najbogatszych-przed-40-lewandowscy-dopiero-na-8-miejscu-rekordzista-ma-na-koncie-5-3-miliarda-zlotych-7101364115327616a\" rel=\"noopener noreferrer nofollow\" target=\"_blank\">w\u00f3wczas jego maj\u0105tek wynosi\u0142 5,3 mld z\u0142<\/a>, dzi\u015b spad\u0142 do 3,9 mld z\u0142. <\/p>\n<p>Od zera stworzy\u0142 Respect Energy \u2013 dzisiaj to jeden z najwi\u0119kszych sprzedawc\u00f3w zielonej energii w naszej cz\u0119\u015bci Europy. Firma rok w rok notuje po kilkana\u015bcie miliard\u00f3w z\u0142otych przychod\u00f3w. Zaczyna\u0142 dekad\u0119 temu od skromnego biura i kilku pracownik\u00f3w<\/p>\n<p>&#8211; czytamy.<\/p>\n<p>Na podium znale\u017ali si\u0119 tak\u017ce Tomasz Domoga\u0142a z maj\u0105tkiem 3,7 mld z\u0142 oraz Mateusz Juroszek &#8211;\u00a02,5 mld z\u0142.<\/p>\n<p>Robert i\u00a0Anna Lewandowscy zaj\u0119li 7. miejsce, z\u00a0maj\u0105tkiem 796 mln z\u0142, co oznacza awans o\u00a0jedno oczko i\u00a0wzrost warto\u015bci ich maj\u0105tku w\u00a0por\u00f3wnaniu z\u00a02024 rokiem, kiedy dysponowali 723 mln z\u0142. <a href=\"https:\/\/www.pudelek.pl\/tag\/wojciech+szcz%C4%99sny\/\" rel=\"noopener noreferrer nofollow\" target=\"_blank\">Wojciech Szcz\u0119sny<\/a> uplasowa\u0142 si\u0119 na 27. pozycji z\u00a0kwot\u0105 172 mln z\u0142, 30. miejsce zaj\u0119\u0142a Iga \u015awi\u0105tek &#8211;\u00a0135 mln z\u0142, <a href=\"https:\/\/www.pudelek.pl\/tag\/grzegorz+krychowiak\/\" rel=\"noopener noreferrer nofollow\" target=\"_blank\">Grzegorz Krychowiak<\/a> uplasowa\u0142 si\u0119 na 37. miejscu z\u00a0maj\u0105tkiem 109 mln z\u0142, a\u00a0pozycj\u0119 ni\u017cej znalaz\u0142a si\u0119 <a href=\"https:\/\/www.pudelek.pl\/tag\/agnieszka+radwa%C5%84ska\/\" rel=\"noopener noreferrer nofollow\" target=\"_blank\">Agnieszka Radwa\u0144ska<\/a> &#8211;\u00a0107 mln z\u0142.<\/p>\n<p>Z zestawienia wypadli m.in. Marcin Gortat, Pawe\u0142 Grzegorczyk, Tomasz Furman oraz Joanna Jakubas, operowa \u015bpiewaczka i\u00a0udzia\u0142owczyni Mennicy Polskiej kontrolowanej przez jej ojca, Zbigniewa Jakubasa. Powodem ich nieobecno\u015bci jest wiek &#8211;\u00a0w\u00a0tym roku wszyscy sko\u0144czyli 41 lat.<\/p>\n","protected":false},"excerpt":{"rendered":"Koniec roku tradycyjnie sprzyja wszelkim rankingom i\u00a0bilansom. Tydzie\u0144 temu &#8222;Wprost&#8221; zaprezentowa\u0142 list\u0119 50 najbardziej wp\u0142ywowych os\u00f3b w\u00a0kraju, na&hellip;\n","protected":false},"author":2,"featured_media":127165,"comment_status":"","ping_status":"","sticky":false,"template":"","format":"standard","meta":{"footnotes":""},"categories":[5],"tags":[32,33,36,37,27,34,35,28,31,25,42,38,40,39,41,29,30,26],"class_list":{"0":"post-127164","1":"post","2":"type-post","3":"status-publish","4":"format-standard","5":"has-post-thumbnail","7":"category-naglowki","8":"tag-breaking-news","9":"tag-breakingnews","10":"tag-featured-news","11":"tag-featurednews","12":"tag-headlines","13":"tag-latest-news","14":"tag-latestnews","15":"tag-naglowki","16":"tag-najwazniejsze-artykuly","17":"tag-news","18":"tag-pl","19":"tag-poland","20":"tag-polish","21":"tag-polska","22":"tag-polski","23":"tag-top-stories","24":"tag-topstories","25":"tag-wiadomosci"},"share_on_mastodon":{"url":"https:\/\/pubeurope.com\/@pl\/115644129947468314","error":""},"_links":{"self":[{"href":"https:\/\/www.europesays.com\/pl\/wp-json\/wp\/v2\/posts\/127164","targetHints":{"allow":["GET"]}}],"collection":[{"href":"https:\/\/www.europesays.com\/pl\/wp-json\/wp\/v2\/posts"}],"about":[{"href":"https:\/\/www.europesays.com\/pl\/wp-json\/wp\/v2\/types\/post"}],"author":[{"embeddable":true,"href":"https:\/\/www.europesays.com\/pl\/wp-json\/wp\/v2\/users\/2"}],"replies":[{"embeddable":true,"href":"https:\/\/www.europesays.com\/pl\/wp-json\/wp\/v2\/comments?post=127164"}],"version-history":[{"count":0,"href":"https:\/\/www.europesays.com\/pl\/wp-json\/wp\/v2\/posts\/127164\/revisions"}],"wp:featuredmedia":[{"embeddable":true,"href":"https:\/\/www.europesays.com\/pl\/wp-json\/wp\/v2\/media\/127165"}],"wp:attachment":[{"href":"https:\/\/www.europesays.com\/pl\/wp-json\/wp\/v2\/media?parent=127164"}],"wp:term":[{"taxonomy":"category","embeddable":true,"href":"https:\/\/www.europesays.com\/pl\/wp-json\/wp\/v2\/categories?post=127164"},{"taxonomy":"post_tag","embeddable":true,"href":"https:\/\/www.europesays.com\/pl\/wp-json\/wp\/v2\/tags?post=127164"}],"curies":[{"name":"wp","href":"https:\/\/api.w.org\/{rel}","templated":true}]}}