{"id":127179,"date":"2025-12-01T11:50:11","date_gmt":"2025-12-01T11:50:11","guid":{"rendered":"https:\/\/www.europesays.com\/pl\/127179\/"},"modified":"2025-12-01T11:50:11","modified_gmt":"2025-12-01T11:50:11","slug":"malgorzata-rozenek-zadal-szyku-w-czarnej-kreacji-talia-osy-przykula-uwage-wszystkich-2","status":"publish","type":"post","link":"https:\/\/www.europesays.com\/pl\/127179\/","title":{"rendered":"Ma\u0142gorzata Rozenek zada\u0142 szyku w czarnej kreacji. Talia osy przyku\u0142a uwag\u0119 wszystkich"},"content":{"rendered":"<p class=\"Paragraph_desktopParagraph__U31Gm\">Egzotyczne podr\u00f3\u017ce, luksusowe hotele, zakupy w ekskluzywnych butikach \u2014 tak wygl\u0105da codzienno\u015b\u0107 <a href=\"https:\/\/plejada.pl\/malgorzata-rozenek-majdan-dziennikarka\" id=\"c5143037-2ff7-4401-917b-a1fc180aa586\" rel=\"nofollow noopener\" target=\"_blank\">Ma\u0142gorzaty Rozenek-Majdan<\/a>. Gwiazda, kt\u00f3ra regularnie dzieli si\u0119 swoim \u017cyciem na Instagramie, zdaje si\u0119 prowadzi\u0107 \u017cycie pe\u0142ne przepychu i blichtru. Gdy wraca z wakacyjnych woja\u017cy, czekaj\u0105 na ni\u0105 liczne zaproszenia na wydarzenia, kt\u00f3re wype\u0142niaj\u0105 jej kalendarz.<\/p>\n<ul class=\"OchatFollowUps_wrapper__1ry7X\">\n<li class=\"OchatFollowUps_item__Dhyly OchatFollowUps_itemDesktop__R6aBv\">Gdzie Ma\u0142gorzata Rozenek-Majdan zrobi\u0142a zdj\u0119cia w czarnej sukni?<\/li>\n<li class=\"OchatFollowUps_item__Dhyly OchatFollowUps_itemDesktop__R6aBv\">Jaka ksi\u0105\u017cka mia\u0142a swoj\u0105 prapremier\u0119, w kt\u00f3rej uczestniczy\u0142a Rozenek-Majdan?<\/li>\n<li class=\"OchatFollowUps_item__Dhyly OchatFollowUps_itemDesktop__R6aBv\">Z kim pozowa\u0142a Ma\u0142gorzata Rozenek-Majdan na zdj\u0119ciach?<\/li>\n<li class=\"OchatFollowUps_item__Dhyly OchatFollowUps_itemDesktop__R6aBv\">Jak wygl\u0105daj\u0105 codzienne zainteresowania Ma\u0142gorzaty Rozenek-Majdan?<\/li>\n<\/ul>\n<p>Ma\u0142gorzata Rozenek w obcis\u0142ej kreacji. Talia osy i spory dekolt <\/p>\n<p class=\"Paragraph_desktopParagraph__U31Gm\">Ostatnie tygodnie by\u0142y dla Ma\u0142gorzaty Rozenek-Majdan wyj\u0105tkowo intensywne. W\u015br\u00f3d wydarze\u0144, w kt\u00f3rych bra\u0142a udzia\u0142, znalaz\u0142y si\u0119 prapremiera ksi\u0105\u017cki Anny Pamu\u0142y &#8222;Partnerstwo&#8221;, bal Fundacji TVN &#8222;Nie jeste\u015b sam&#8221; oraz prezentacja magazynu &#8222;GQ&#8221;, kt\u00f3ry wkr\u00f3tce zadebiutuje na polskim rynku.<\/p>\n<p class=\"Paragraph_desktopParagraph__U31Gm\">Celebrytka nie zwalnia tempa i w miniony weekend wzi\u0119\u0142a udzia\u0142 w kolejnym wydarzeniu, kt\u00f3re wymaga\u0142o od niej starannego przygotowania. Na Instagramie Rozenek-Majdan opublikowa\u0142a zdj\u0119cia w dopasowanej eleganckiej czarnej sukni z g\u0142\u0119bokim dekoltem, uzupe\u0142nionej kosztown\u0105 bi\u017cuteri\u0105. Jej fryzura \u2014 ciasny kucyk \u2014 podkre\u015bla\u0142a wyrazisty wygl\u0105d, a towarzyszy\u0142 jej nieod\u0142\u0105czny partner, <a href=\"https:\/\/plejada.pl\/radoslaw-majdan\" id=\"a90262e9-be37-43ee-8b32-851cee6f4870\" rel=\"nofollow noopener\" target=\"_blank\">Rados\u0142aw Majdan<\/a>. Zdj\u0119cia zosta\u0142y wykonane w windzie ekskluzywnego hotelu w Gr\u00f3dku nad Dunajcem, co jeszcze bardziej podkre\u015bli\u0142o presti\u017c wydarzenia.<\/p>\n<p class=\"Paragraph_desktopParagraph__U31Gm\">Zobaczcie, jak si\u0119 prezentowa\u0142a.<\/p>\n<p><img decoding=\"async\" class=\"Image_image__0tuHp Image_autoHeight__f2n87 \" height=\"587\" width=\"327\" src=\"https:\/\/www.europesays.com\/pl\/wp-content\/uploads\/2025\/12\/BWOk9kpTURBXy81MDJkNWZiM2JjMDdjNjVjZDA4NTU1MzY2NDRlZWQ1ZS5qcGeTlQMAAM0CF80DvpUCzQOsAMLDlQIAzQJLwsPeA.jpeg\" alt=\"Rados\u0142aw Majdan, Ma\u0142gorzata Rozenek-Majdan\" loading=\"lazy\" \/>instagram.com\/m_rozenek<\/p>\n<p>Rados\u0142aw Majdan, Ma\u0142gorzata Rozenek-Majdan<\/p>\n<p><img decoding=\"async\" class=\"Image_image__0tuHp Image_autoHeight__f2n87 \" height=\"587\" width=\"332\" src=\"https:\/\/www.europesays.com\/pl\/wp-content\/uploads\/2025\/12\/6Ytk9kpTURBXy81MWMyZGU4ODk3ZjVlYjZjODdlZTFjOThhY2JlN2ZiZC5qcGeSlQLNA6wAwsOVAgDNAkvCw94AA6EwAaExAaEzw.jpeg\" alt=\"Ma\u0142gorzata Rozenek-Majdan, Rados\u0142aw Majdan\" loading=\"lazy\" \/>instagram.com\/m_rozenek<\/p>\n<p>Ma\u0142gorzata Rozenek-Majdan, Rados\u0142aw Majdan<\/p>\n<p><img decoding=\"async\" class=\"Image_image__0tuHp Image_autoHeight__f2n87 \" height=\"587\" width=\"329\" src=\"https:\/\/www.europesays.com\/pl\/wp-content\/uploads\/2025\/12\/d1bk9kpTURBXy9hZmVhYWJiNDkyYTRlMzMwM2ExMTM5ZjdjZTRiZjkyOC5qcGeTlQMAAM0CFc0DtpUCzQOsAMLDlQIAzQJLwsPeA.jpeg\" alt=\"Rados\u0142aw Majdan, Ma\u0142gorzata Rozenek-Majdan\" loading=\"lazy\" \/>instagram.com\/m_rozenek<\/p>\n<p>Rados\u0142aw Majdan, Ma\u0142gorzata Rozenek-Majdan<\/p>\n<p class=\"Paragraph_desktopParagraph__U31Gm\">Dzi\u0119kujemy, \u017ce przeczyta\u0142a\u015b\/e\u015b nasz artyku\u0142 do ko\u0144ca. W serwisie Plejada.pl ka\u017cdego dnia piszemy o najwa\u017cniejszych wydarzeniach show-biznesowych. B\u0105d\u017a na bie\u017c\u0105co! <a rel=\"nofollow noopener\" href=\"https:\/\/profile.google.com\/cp\/Cg0vZy8xMWJ6X19wdHBx\" id=\"c308c162-ba99-4170-9cb9-8cb3fb764fcd\" target=\"_blank\">Obserwuj<\/a> Plejad\u0119 w Wiadomo\u015bciach Google. Odwied\u017a nas tak\u017ce na <a rel=\"nofollow noopener\" href=\"https:\/\/www.facebook.com\/plejadapl\" id=\"8bceabe0-e136-4467-a6c7-46dc27f9e6d2\" target=\"_blank\">Facebooku<\/a>, <a rel=\"nofollow noopener\" href=\"https:\/\/www.instagram.com\/plejadapl\/\" id=\"60f8e7cf-24aa-4bd5-9cc0-a553f937961d\" target=\"_blank\">Instagramie<\/a>, <a rel=\"nofollow noopener\" href=\"https:\/\/www.youtube.com\/c\/plejada\" id=\"5d473065-042f-4562-937d-04992df45b67\" target=\"_blank\">YouTube<\/a> oraz <a rel=\"nofollow noopener\" href=\"https:\/\/www.tiktok.com\/@plejada_pl\" id=\"a11483e2-dbd4-4475-8fcc-15e97965fa3a\" target=\"_blank\">TikToku<\/a>.<\/p>\n<p class=\"Paragraph_desktopParagraph__U31Gm\">Chcesz podzieli\u0107 si\u0119 ciekawym newsem lub zaproponowa\u0107 temat? Skontaktuj si\u0119 z nami, pisz\u0105c e-maila na adres: <a href=\"https:\/\/www.onet.pl\/styl-zycia\/plejada\/malgorzata-rozenek-zadal-szyku-w-czarnej-kreacji-talia-osy-przykula-uwage-wszystkich\/mailto:plejada@redakcjaonet.pl\" id=\"4f952518-efca-45ce-a6f9-209a8cab2f73\" rel=\"nofollow noopener\" target=\"_blank\">plejada@redakcjaonet.pl<\/a>.<\/p>\n<p><script async src=\"\/\/www.instagram.com\/embed.js\"><\/script><script async src=\"\/\/www.tiktok.com\/embed.js\"><\/script><\/p>\n","protected":false},"excerpt":{"rendered":"Egzotyczne podr\u00f3\u017ce, luksusowe hotele, zakupy w ekskluzywnych butikach \u2014 tak wygl\u0105da codzienno\u015b\u0107 Ma\u0142gorzaty Rozenek-Majdan. Gwiazda, kt\u00f3ra regularnie dzieli&hellip;\n","protected":false},"author":2,"featured_media":127180,"comment_status":"","ping_status":"","sticky":false,"template":"","format":"standard","meta":{"footnotes":""},"categories":[22],"tags":[122,67,1899,53,52,68,51,55,42,38,40,39,41,123,47,196,65,50],"class_list":{"0":"post-127179","1":"post","2":"type-post","3":"status-publish","4":"format-standard","5":"has-post-thumbnail","7":"category-rozrywka","8":"tag-entertainment","9":"tag-intextvideo_splayer","10":"tag-malgorzata_rozenek_majdan_dziennikarka","11":"tag-new_header","12":"tag-onet3","13":"tag-onet3d","14":"tag-onet3d_2i","15":"tag-phx","16":"tag-pl","17":"tag-poland","18":"tag-polish","19":"tag-polska","20":"tag-polski","21":"tag-rozrywka","22":"tag-screening_general","23":"tag-styl_zycia","24":"tag-update_me","25":"tag-v2021"},"share_on_mastodon":{"url":"https:\/\/pubeurope.com\/@pl\/115644165345695176","error":""},"_links":{"self":[{"href":"https:\/\/www.europesays.com\/pl\/wp-json\/wp\/v2\/posts\/127179","targetHints":{"allow":["GET"]}}],"collection":[{"href":"https:\/\/www.europesays.com\/pl\/wp-json\/wp\/v2\/posts"}],"about":[{"href":"https:\/\/www.europesays.com\/pl\/wp-json\/wp\/v2\/types\/post"}],"author":[{"embeddable":true,"href":"https:\/\/www.europesays.com\/pl\/wp-json\/wp\/v2\/users\/2"}],"replies":[{"embeddable":true,"href":"https:\/\/www.europesays.com\/pl\/wp-json\/wp\/v2\/comments?post=127179"}],"version-history":[{"count":0,"href":"https:\/\/www.europesays.com\/pl\/wp-json\/wp\/v2\/posts\/127179\/revisions"}],"wp:featuredmedia":[{"embeddable":true,"href":"https:\/\/www.europesays.com\/pl\/wp-json\/wp\/v2\/media\/127180"}],"wp:attachment":[{"href":"https:\/\/www.europesays.com\/pl\/wp-json\/wp\/v2\/media?parent=127179"}],"wp:term":[{"taxonomy":"category","embeddable":true,"href":"https:\/\/www.europesays.com\/pl\/wp-json\/wp\/v2\/categories?post=127179"},{"taxonomy":"post_tag","embeddable":true,"href":"https:\/\/www.europesays.com\/pl\/wp-json\/wp\/v2\/tags?post=127179"}],"curies":[{"name":"wp","href":"https:\/\/api.w.org\/{rel}","templated":true}]}}