{"id":127228,"date":"2025-12-01T12:18:08","date_gmt":"2025-12-01T12:18:08","guid":{"rendered":"https:\/\/www.europesays.com\/pl\/127228\/"},"modified":"2025-12-01T12:18:08","modified_gmt":"2025-12-01T12:18:08","slug":"stanowcze-s%c2%b3owa-sebastiana-fabijanskiego-o-zwi%c2%b1zku-w-pytaniu-na-%c2%b6niadanie-a-zawia%c2%b3o-ch%c2%b3odem","status":"publish","type":"post","link":"https:\/\/www.europesays.com\/pl\/127228\/","title":{"rendered":"Stanowcze s\u00b3owa Sebastiana Fabija\u00f1skiego o zwi\u00b1zku. W 'Pytaniu na \u00b6niadanie&#8217; a\u00bf zawia\u00b3o ch\u00b3odem"},"content":{"rendered":"<p class=\"art_paragraph\"><a href=\"https:\/\/www.plotek.pl\/sebastian-fabijanski\" class=\"art_link\" rel=\"dofollow noopener\" target=\"_blank\">Sebastian Fabija\u0144ski<\/a>\u00a0to znana posta\u0107 w polskim show-biznesie.\u00a0O aktorze by\u0142o g\u0142o\u015bno zar\u00f3wno za spraw\u0105 jego kariery zawodowej, jak i\u00a0 zwi\u0105zku, a p\u00f3\u017aniej rozstania w atmosferze skandalu z blogerk\u0105 modow\u0105 <a href=\"https:\/\/www.plotek.pl\/maffashion\" class=\"art_link\" rel=\"dofollow noopener\" target=\"_blank\">Maffashion<\/a>. Po tych wydarzeniach\u00a0<a href=\"https:\/\/www.plotek.pl\/sebastian-fabijanski#anchorLink\" rel=\"nofollow noopener\" target=\"_blank\">Sebastian Fabija\u00f1ski<\/a> wycofa\u0142 si\u0119 nieco w cie\u0144, ale nie znikn\u0105\u0142 ca\u0142kowicie z medi\u00f3w. Aktor zago\u015bci\u0142 w <a href=\"https:\/\/www.plotek.pl\/pytanie-na-sniadanie\" class=\"art_link\" rel=\"dofollow noopener\" target=\"_blank\">&#8222;Pytaniu na \u015bniadanie&#8221;<\/a>, gdzie podzieli\u0142 si\u0119 romantyczn\u0105 histori\u0105 swoich fan\u00f3w. Przy okazji zdradzi\u0142 co nieco na temat w\u0142asnego \u017cycia prywatnego i spraw mi\u0142osnych. Poznajcie szczeg\u00f3\u0142y.\u00a0<\/p>\n<p> Sebastian Fabija\u0144ski w &#8222;Pytaniu na \u015bniadanie&#8221; opowiada o \u015blubie swoich fan\u00f3w. Zdecydowa\u0142 si\u0119 na pi\u0119kny gest<\/p>\n<p class=\"art_paragraph\">Sebastian Fabija\u0144ski w &#8222;<a href=\"https:\/\/www.plotek.pl\/pytanie-na-sniadanie#anchorLink\" rel=\"nofollow noopener\" target=\"_blank\">Pytaniu na \u00b6niadanie<\/a>&#8221; wyjawi\u0142, \u017ce ostatnio mia\u0142 okazje wyst\u0105pi\u0107 na weselu swoich fan\u00f3w. Jako prezent zdecydowa\u0142 si\u0119 wykona\u0107 tam sw\u00f3j najnowszy utw\u00f3r o tytule &#8222;Listopad&#8221;. W trakcie trwania \u015bniadani\u00f3wki gwiazdor wyja\u015bni\u0142 widzom, \u017ce sam zaproponowa\u0142 m\u0142odej parze ten wyj\u0105tkowy gest. Okazuje si\u0119, \u017ce piosenka\u00a0opisuje prawdziwe uczucia. Gwiazdor zdradzi\u0142, \u017ce stworzy\u0142 j\u0105 &#8222;w stanie uniesienia uczuciowego&#8221;. Dalej dowiedzieli\u015bmy si\u0119, \u017ce\u00a0Sebastian Fabija\u0144ski niestety, nie mia\u0142 okazji wykona\u0107 jej na w\u0142asnym \u015blubie, poniewa\u017c jego zwi\u0105zek nie przetrwa\u0142 pr\u00f3by czasu. W\u0142a\u015bnie dlatego zdecydowa\u0142 si\u0119 na taki gest dla innej pary, by w ten spos\u00f3b uczci\u0107 jej mi\u0142o\u015b\u0107 i ten z pewno\u015bci\u0105 d\u0142ugo wyczekiwany dzie\u0144.\u00a0&#8222;Wczoraj my\u015bla\u0142em, \u017ce ju\u017c nigdy nie b\u0119d\u0119 si\u0119 w stanie zakocha\u0107, (&#8230;) ale dzi\u015b? Dzi\u015b chc\u0119 si\u0119 ogrza\u0107 w twoich oczach tylko&#8221; &#8211; brzmi tekst piosenki, jak\u0105 Fabija\u0144ski wykona\u0142 zar\u00f3wno w \u015bniadani\u00f3wce, jak i na weselu.\u00a0<\/p>\n<p> Sebastian Fabija\u0144ski jest zakochany? Stanowcza reakcja w &#8222;Pytaniu na \u015bniadanie&#8221;<\/p>\n<p class=\"art_paragraph\">W zwi\u0105zku z tym, \u017ce utw\u00f3r\u00a0Sebastiana Fabija\u0144skiego opowiada o mi\u0142o\u015bci, prowadz\u0105cy nie mogli przegapi\u0107 takiej okazji i zapytali go wprost, czy w jego \u017cyciu mo\u017ce co\u015b si\u0119 zmieni\u0142o i jest obecnie zakochany. Odpowied\u017a jaka pad\u0142a, z pewno\u015bci\u0105 nie zaspokoi\u0142a ciekawo\u015bci, ani prezenter\u00f3w, ani widz\u00f3w. &#8211; Raczej bym nie chcia\u0142 odpowiada\u0107 na to pytanie. To s\u0105 najbardziej intymne rzeczy, kiedy m\u00f3wimy o mi\u0142o\u015bci. Mog\u0119 m\u00f3wi\u0107 o mi\u0142o\u015bci w spos\u00f3b artystyczny. (\u2026) Nie opowiadam o tym, co jest dzisiaj i nie chc\u0119, \u017ceby to wychodzi\u0142o poza moj\u0105 prywatn\u0105 przestrze\u0144 &#8211; oznajmi\u0142 stanowczo na wizji. P\u00f3\u017aniej pad\u0142o jeszcze pytanie o to, czy aktor sam chcia\u0142by wyprawi\u0107 kiedy\u015b wesele. Tu by\u0142 ju\u017c nieco bardziej wylewny.\u00a0 &#8211; To jest taki moment w \u017cyciu, kt\u00f3ry jest pi\u0119kny i fajnie, gdyby si\u0119 wydarzy\u0142. Ale nic nie przebije tego, \u017ce mam syna &#8211; wyzna\u0142. Zajrzyjcie do naszej galerii i zobaczcie zdj\u0119cia z tego odcinka!<\/p>\n<p class=\"gallery-open-button\">Stanowcze s\u0142owa Sebastiana Fabija\u0144skiego o zwi\u0105zku<a href=\"#\" class=\"gallery-open-button__link gallery-open-button__link--version1\">Otw\u00f3rz galeri\u0119<\/a><\/p>\n","protected":false},"excerpt":{"rendered":"Sebastian Fabija\u0144ski\u00a0to znana posta\u0107 w polskim show-biznesie.\u00a0O aktorze by\u0142o g\u0142o\u015bno zar\u00f3wno za spraw\u0105 jego kariery zawodowej, jak i\u00a0&hellip;\n","protected":false},"author":2,"featured_media":127229,"comment_status":"","ping_status":"","sticky":false,"template":"","format":"standard","meta":{"footnotes":""},"categories":[22],"tags":[122,42,38,40,39,41,123],"class_list":{"0":"post-127228","1":"post","2":"type-post","3":"status-publish","4":"format-standard","5":"has-post-thumbnail","7":"category-rozrywka","8":"tag-entertainment","9":"tag-pl","10":"tag-poland","11":"tag-polish","12":"tag-polska","13":"tag-polski","14":"tag-rozrywka"},"share_on_mastodon":{"url":"https:\/\/pubeurope.com\/@pl\/115644275312710599","error":""},"_links":{"self":[{"href":"https:\/\/www.europesays.com\/pl\/wp-json\/wp\/v2\/posts\/127228","targetHints":{"allow":["GET"]}}],"collection":[{"href":"https:\/\/www.europesays.com\/pl\/wp-json\/wp\/v2\/posts"}],"about":[{"href":"https:\/\/www.europesays.com\/pl\/wp-json\/wp\/v2\/types\/post"}],"author":[{"embeddable":true,"href":"https:\/\/www.europesays.com\/pl\/wp-json\/wp\/v2\/users\/2"}],"replies":[{"embeddable":true,"href":"https:\/\/www.europesays.com\/pl\/wp-json\/wp\/v2\/comments?post=127228"}],"version-history":[{"count":0,"href":"https:\/\/www.europesays.com\/pl\/wp-json\/wp\/v2\/posts\/127228\/revisions"}],"wp:featuredmedia":[{"embeddable":true,"href":"https:\/\/www.europesays.com\/pl\/wp-json\/wp\/v2\/media\/127229"}],"wp:attachment":[{"href":"https:\/\/www.europesays.com\/pl\/wp-json\/wp\/v2\/media?parent=127228"}],"wp:term":[{"taxonomy":"category","embeddable":true,"href":"https:\/\/www.europesays.com\/pl\/wp-json\/wp\/v2\/categories?post=127228"},{"taxonomy":"post_tag","embeddable":true,"href":"https:\/\/www.europesays.com\/pl\/wp-json\/wp\/v2\/tags?post=127228"}],"curies":[{"name":"wp","href":"https:\/\/api.w.org\/{rel}","templated":true}]}}