{"id":127234,"date":"2025-12-01T12:22:11","date_gmt":"2025-12-01T12:22:11","guid":{"rendered":"https:\/\/www.europesays.com\/pl\/127234\/"},"modified":"2025-12-01T12:22:11","modified_gmt":"2025-12-01T12:22:11","slug":"rzecznik-praw-obywatelskich-zabral-glos-ws-ziobry-choroba-powinna-byc-wzieta-pod-uwage","status":"publish","type":"post","link":"https:\/\/www.europesays.com\/pl\/127234\/","title":{"rendered":"Rzecznik Praw Obywatelskich zabra\u0142 g\u0142os ws. Ziobry. &#8222;Choroba powinna by\u0107 wzi\u0119ta pod uwag\u0119&#8221;"},"content":{"rendered":"<ul class=\"list-summary__items summary\">\n<li>By\u0142y minister sprawiedliwo\u015bci od kilku tygodni przebywa w Budapeszcie. Wdro\u017cono procedur\u0119\u00a0uniewa\u017cnienia prywatnego paszportu Zbigniewowi Ziobrze;\u00a0<\/li>\n<li>&#8222;Cho\u0107 dostrzegamy wszyscy problem z mandatem cz\u0119\u015bci polskich s\u0119dzi\u00f3w, to nie mog\u0119 potwierdzi\u0107 tezy, aby, aby systemowo polskie s\u0105downictwo nie by\u0142o niezale\u017cne&#8221; &#8211; skomentowa\u0142 w TOK FM\u00a0Rzecznik Praw Obywatelskich\u00a0dr hab. Marcin Wi\u0105cek;\u00a0<\/li>\n<li>Odpowiedzia\u0142 te\u017c na pytanie, czy chory onkologicznie &#8211; nawet je\u015bli w danej chwili nie jest leczony &#8211; mo\u017ce przebywa\u0107 w areszcie.\u00a0<\/li>\n<\/ul>\n<p>\n<a href=\"https:\/\/www.tokfm.pl\/polityka\/ziobro-juz-nie-ucieknie-ruszyla-procedura-blokady-prywatnego-paszportu-polityka\" target=\"_self\" rel=\"dofollow noopener\">Procedura uniewa\u017cnienia prywatnego paszportu Zbigniewowi Ziobrze zosta\u0142a wdro\u017cona &#8211; poinformowa\u0142a oficjalnie Prokuratura Krajowa i potwierdza ustalenia TOK FM w tej sprawie. Obecnie prywatny paszport by\u0142ego ministra sprawiedliwo\u015bci jest wa\u017cny, a to pozwala mu na swobodne podr\u00f3\u017cowanie po \u015bwiecie.\u00a0<\/a><\/p>\n<p>Prokuratura chce Ziobrze postawi\u0107 26 zarzut\u00f3w w zwi\u0105zku z afer\u0105 w Funduszu Sprawiedliwo\u015bci. Przypomnijmy: kiedy w\u00a0po\u0142owie listopada do S\u0105du Rejonowego dla Warszawy-Mokotowa skierowano wniosek prokuratury o aresztowanie Ziobry na trzy miesi\u0105ce, polityk przekazywa\u0142, \u017ce przebywa w Budapeszcie. Nie zadeklarowa\u0142 jednoznacznie ani \u017ce wyst\u0105pi o azyl polityczny na W\u0119grzech, ani \u017ce wr\u00f3ci do Polski. Posiedzenie aresztowe s\u0105du w tej sprawie, na kt\u00f3rym podj\u0119ta zostanie decyzja o ewentualnej zgodzie na areszt by\u0142ego ministra, ma odby\u0107 si\u0119 22 grudnia.<\/p>\n<p>Rzecznik Praw Obywatelskich\u00a0dr hab. Marcin Wi\u0105cek pytany by\u0142 w TOK FM, czy widzi\u00a0szanse na uczciwy proces Zgniewa Ziobry w Polsce.\u00a0<\/p>\n<p>&#8211; Cho\u0107 dostrzegamy wszyscy problem z mandatem cz\u0119\u015bci polskich s\u0119dzi\u00f3w, to nie mog\u0119 potwierdzi\u0107 tezy, aby systemowo polskie s\u0105downictwo nie by\u0142o niezale\u017cne. Tak wynika z moich do\u015bwiadcze\u0144 Rzecznika Praw Obywatelskich, a wsp\u00f3\u0142pracuj\u0119 z licznymi s\u0105dami i zg\u0142aszam udzia\u0142 w licznych post\u0119powaniach &#8211; m\u00f3wi w &#8222;Poranku TOK FM&#8221;.\u00a0<\/p>\n<p>Rozm\u00f3wca Dominiki Wielowieyskiej zwr\u00f3ci\u0142 przy tym uwag\u0119, \u017ce\u00a0osoba, kt\u00f3ra jest chora onkologicznie &#8211; nawet je\u015bli w danej chwili nie jest leczona &#8211;\u00a0 mo\u017ce przebywa\u0107 w areszcie. Jak doda\u0142 od razu, &#8222;wszystko zale\u017cy od indywidualnego przypadku&#8221;.\u00a0<\/p>\n<p>&#8211; Ka\u017cda forma izolacji &#8211; zgodnie z polsk\u0105 konstytucj\u0105, zgodnie z przepisami obowi\u0105zuj\u0105cymi w naszym kraju &#8211; wymaga humanitarnego traktowania. Oczywi\u015bcie choroba jest\u00a0 okoliczno\u015bci\u0105, kt\u00f3ra powinna by\u0107 wzi\u0119ta pod uwag\u0119 &#8211; dopowiedzia\u0142 RPO, podkre\u015blaj\u0105c, \u017ce &#8222;kwestia wymaga zasi\u0119gni\u0119cia opinii lekarzy i decyzji s\u0119dziego&#8221;.\u00a0<\/p>\n<p>Wi\u0105cek przypomnia\u0142 te\u017c w tym kontek\u015bcie, \u017ce ju\u017c wcze\u015bniej osoby chore onkologicznie przebywa\u0142y w aresztach, wi\u0119zieniach czy te\u017c np. w Krajowym O\u015brodku Zachowa\u0144 Dyssocjalnych w Gostyninie.\u00a0&#8211; Tam te\u017c takie sytuacje mia\u0142y miejsce i niejednokrotnie podnosili\u015bmy, \u017ce osoba, kt\u00f3rej stan wskazuje na to, \u017ce warunki, w jakich przebywa, s\u0105 nieadekwatne do stanu zdrowia. Powinna by\u0107 albo zwolniona, albo znajdowa\u0107 si\u0119 pod odpowiedni\u0105 opiek\u0105. To s\u0105 problemy systemowe od wielu lat. Rzecznik Praw Obywatelskich to te\u017c sygnalizowa\u0142 &#8211; podkre\u015bli\u0142.<\/p>\n<p>        <a name=\"eztoc31584081_0_2\" id=\"eztoc31584081_0_2\"\/>&#8222;Sytuacja pod wzgl\u0119dem prawnym niejednoznaczna&#8221;<\/p>\n<p>Wed\u0142ug go\u015bcia &#8222;Poranka TOK FM&#8221;\u00a0 trudno o jednoznaczn\u0105 odpowied\u017a na pytanie, czy Zbigniew Ziobro &#8211; w \u015bwietle prawa &#8211;\u00a0 powinien wr\u00f3ci\u0107 do Polski i stawi\u0107 si\u0119 na posiedzeniu s\u0105du, na kt\u00f3rym b\u0119dzie podejmowana decyzja o areszcie.<\/p>\n<p>&#8211; S\u0105 stosowne procedury i orzeczenia, kt\u00f3re zosta\u0142y wydane i organy w\u0142adzy publicznej, prokuratura, policja prowadz\u0105 post\u0119powania.\u00a0 Tyle mog\u0119 powiedzie\u0107 w tej sprawie, poniewa\u017c jako rzecznik nie uczestnicz\u0119 w tym post\u0119powaniu, nie znam szczeg\u00f3\u0142\u00f3w &#8211; dopowiedzia\u0142\u00a0\u00a0dr hab. Marcin Wi\u0105cek. Zastrzeg\u0142 przy tym, \u017ce\u00a0gdyby Zbigniew Ziobro wezwa\u0142 go, by by\u0142 obserwatorem procesu, to nie by\u0142oby to mo\u017cliwe, bo &#8222;ustawa o Rzeczniku Praw Obywatelskich nie przewiduje takiej formy udzia\u0142u rzecznika w post\u0119powaniach przygotowawczych czy karnych&#8221;.\u00a0<\/p>\n<p>&#8211; A pa\u0144stwo polskie mog\u0142oby pozwa\u0107 W\u0119gry do TSUE za to, \u017ce nie jest realizowany Europejski Nakaz Aresztowania? W przypadku Zbigniewa Ziobry jeszcze go nie ma, ale jest ju\u017c w przypadku Marcina Romanowskiego &#8211; przypomnia\u0142a Wielowieyska.<\/p>\n<p>&#8211; Teoretycznie mo\u017cliwe jest wszcz\u0119cie post\u0119powania przed Trybuna\u0142em Sprawiedliwo\u015bci Unii Europejskiej, natomiast nie by\u0142bym przekonany co do wyniku takiego post\u0119powania. Dlaczego? Tradycyjnie ka\u017cde pa\u0144stwo, moc\u0105 swojej suwerenno\u015bci, ma uprawnienia do tego, by udzieli\u0107 okre\u015blonej osobie azylu na jego terytorium. St\u0105d sytuacja pod wzgl\u0119dem prawnym nie jest jednoznaczna &#8211; podsumowa\u0142 w TOK FM.\u00a0<\/p>\n<p>Sejm uchyli\u0142 immunitet Ziobrze 7 listopada w odniesieniu do wszystkich 26 zarzut\u00f3w, kt\u00f3re chce mu postawi\u0107 prokuratura, w zwi\u0105zku ze spraw\u0105 Funduszu Sprawiedliwo\u015bci. Sejm wyrazi\u0142 r\u00f3wnie\u017c zgod\u0119 na jego zatrzymanie i aresztowanie.<\/p>\n<p>\u0179r\u00f3d\u0142o: TOK FM\/fot.\u00a0Dawid Wolski\/East News<\/p>\n","protected":false},"excerpt":{"rendered":"By\u0142y minister sprawiedliwo\u015bci od kilku tygodni przebywa w Budapeszcie. Wdro\u017cono procedur\u0119\u00a0uniewa\u017cnienia prywatnego paszportu Zbigniewowi Ziobrze;\u00a0 &#8222;Cho\u0107 dostrzegamy wszyscy&hellip;\n","protected":false},"author":2,"featured_media":127235,"comment_status":"","ping_status":"","sticky":false,"template":"","format":"standard","meta":{"footnotes":""},"categories":[12],"tags":[32,33,36,37,27,34,35,28,31,25,42,38,40,907,39,41,383,1627,20210,29,30,26,4125,7977],"class_list":{"0":"post-127234","1":"post","2":"type-post","3":"status-publish","4":"format-standard","5":"has-post-thumbnail","7":"category-polska","8":"tag-breaking-news","9":"tag-breakingnews","10":"tag-featured-news","11":"tag-featurednews","12":"tag-headlines","13":"tag-latest-news","14":"tag-latestnews","15":"tag-naglowki","16":"tag-najwazniejsze-artykuly","17":"tag-news","18":"tag-pl","19":"tag-poland","20":"tag-polish","21":"tag-polityka","22":"tag-polska","23":"tag-polski","24":"tag-prawo","25":"tag-prokuratura","26":"tag-rpo","27":"tag-top-stories","28":"tag-topstories","29":"tag-wiadomosci","30":"tag-wymiar-sprawiedliwosci","31":"tag-zbigniew-ziobro"},"share_on_mastodon":{"url":"https:\/\/pubeurope.com\/@pl\/115644291364730319","error":""},"_links":{"self":[{"href":"https:\/\/www.europesays.com\/pl\/wp-json\/wp\/v2\/posts\/127234","targetHints":{"allow":["GET"]}}],"collection":[{"href":"https:\/\/www.europesays.com\/pl\/wp-json\/wp\/v2\/posts"}],"about":[{"href":"https:\/\/www.europesays.com\/pl\/wp-json\/wp\/v2\/types\/post"}],"author":[{"embeddable":true,"href":"https:\/\/www.europesays.com\/pl\/wp-json\/wp\/v2\/users\/2"}],"replies":[{"embeddable":true,"href":"https:\/\/www.europesays.com\/pl\/wp-json\/wp\/v2\/comments?post=127234"}],"version-history":[{"count":0,"href":"https:\/\/www.europesays.com\/pl\/wp-json\/wp\/v2\/posts\/127234\/revisions"}],"wp:featuredmedia":[{"embeddable":true,"href":"https:\/\/www.europesays.com\/pl\/wp-json\/wp\/v2\/media\/127235"}],"wp:attachment":[{"href":"https:\/\/www.europesays.com\/pl\/wp-json\/wp\/v2\/media?parent=127234"}],"wp:term":[{"taxonomy":"category","embeddable":true,"href":"https:\/\/www.europesays.com\/pl\/wp-json\/wp\/v2\/categories?post=127234"},{"taxonomy":"post_tag","embeddable":true,"href":"https:\/\/www.europesays.com\/pl\/wp-json\/wp\/v2\/tags?post=127234"}],"curies":[{"name":"wp","href":"https:\/\/api.w.org\/{rel}","templated":true}]}}