{"id":127321,"date":"2025-12-01T13:18:12","date_gmt":"2025-12-01T13:18:12","guid":{"rendered":"https:\/\/www.europesays.com\/pl\/127321\/"},"modified":"2025-12-01T13:18:12","modified_gmt":"2025-12-01T13:18:12","slug":"szczecin-jarmark-celem-wyprawy-turystow-z-niemiec-zadziwia-ich-jedna-rzecz","status":"publish","type":"post","link":"https:\/\/www.europesays.com\/pl\/127321\/","title":{"rendered":"Szczecin. Jarmark celem wyprawy turyst\u00f3w z Niemiec. Zadziwia ich jedna rzecz"},"content":{"rendered":"<p class=\"typography ids-typeset-body ids-typeset-body--preset-large link paragraph ids-paragraph ids-paragraph--default\">Niespe\u0142na 30-letni Ron\u00a0jest na jarmarku w Polsce pierwszy raz. Mieszka w niemieckim Magdeburgu, ale w dniu otwarcia kiermaszu w Szczecinie, przejecha\u0142 ponad 300 kilometr\u00f3w, aby zobaczy\u0107, jak wygl\u0105da \u015bwi\u0119towanie w Polsce.<\/p>\n<p class=\"typography ids-typeset-body ids-typeset-body--preset-large link paragraph ids-paragraph ids-paragraph--default\">Spotykam go na \u0142awce na placu Adamowicza, mi\u0119dzy budkami z r\u0119kodzie\u0142em, przek\u0105skami i lokalnymi gad\u017cetami, p\u00f3\u0142 godziny po rozpocz\u0119ciu jarmarku. Siedzi ze swoj\u0105 dziewczyn\u0105 Jenny i je kupione chwil\u0119 wcze\u015bniej przy jednym ze stoisk pierogi.<\/p>\n<p class=\"typography ids-typeset-body ids-typeset-body--preset-large link paragraph ids-paragraph ids-paragraph--default\">&#8211; Bezpiecze\u0144stwo to g\u0142\u00f3wny pow\u00f3d, dla kt\u00f3rego tu przyjechali\u015bmy. Nie chc\u0119 znowu ataku terrorystycznego jak w Niemczech. Tu nie ma policji z broni\u0105 maszynow\u0105. Jest spokojna i dobra atmosfera, a do tego przyjazne ceny &#8211; m\u00f3wi w rozmowie z Interi\u0105.<\/p>\n<p class=\"typography ids-typeset-body ids-typeset-body--preset-large link paragraph ids-paragraph ids-paragraph--default\">Po tym co sta\u0142o si\u0119 rok temu, Ron i jego dziewczyna nie wyobra\u017cali sobie odwiedzi\u0107 lokalnego jarmarku. &#8211; On si\u0119 odbywa, ale jest wi\u0119cej policji ni\u017c go\u015bci. Szkoda gada\u0107 &#8211; m\u00f3wi niemiecki turysta.<\/p>\n<p>&#8222;Nawet nie chc\u0119 wspomina\u0107 ataku sprzed roku&#8221;<\/p>\n<p class=\"typography ids-typeset-body ids-typeset-body--preset-large link paragraph ids-paragraph ids-paragraph--default\">Spotkana na s\u0105siednim placu \u017bo\u0142nierza Polskiego trzyosobowa grupa Niemc\u00f3w z Poczdamu stwierdza, \u017ce dla nich kwestie bezpiecze\u0144stwa s\u0105 wa\u017cne, ale nie by\u0142y kluczowe przy wybieraniu miejsca podr\u00f3\u017cy.<\/p>\n<p class=\"typography ids-typeset-body ids-typeset-body--preset-large link paragraph ids-paragraph ids-paragraph--default\">&#8211; Ka\u017cdego roku jedziemy na weekend na jaki\u015b jarmark. W Szczecinie nikt z nas wcze\u015bniej nie by\u0142, wi\u0119c uznali\u015bmy, \u017ce to mo\u017ce by\u0107 ciekawy kierunek &#8211; m\u00f3wi oko\u0142o pi\u0119\u0107dziesi\u0119cioletnia Sophia.<\/p>\n<p class=\"typography ids-typeset-body ids-typeset-body--preset-large link paragraph ids-paragraph ids-paragraph--default\">Ocenia, \u017ce pierwsze wra\u017cenie to o wiele mniej ludzi ni\u017c na podobnych jarmarkach w jej kraju, co &#8211; jak dodaje po chwili &#8211; &#8222;wcale nie musi by\u0107 wad\u0105&#8221;.<\/p>\n<p class=\"typography ids-typeset-body ids-typeset-body--preset-large link paragraph ids-paragraph ids-paragraph--default\">Na pytanie o bezpiecze\u0144stwo podczas \u015bwi\u0105tecznych imprez w Niemczech odpowiada, \u017ce to nie obawa przed zagro\u017ceniem jest powodem wyjazdu, a ch\u0119\u0107 zobaczenia jak jarmarki wygl\u0105daj\u0105 poza swoim krajem. &#8211; Ale je\u015bli kto\u015b jest z Magdeburga, to wcale si\u0119 nie dziwi\u0119, \u017ce nie idzie na jarmark u siebie. Ja nawet nie chce wspomina\u0107 ataku sprzed roku, ani o nim rozmawia\u0107 &#8211; m\u00f3wi Interii Niemka.<\/p>\n<p>Ekspert: Polskie s\u0142u\u017cby ucz\u0105 si\u0119 na przyk\u0142adzie zamach\u00f3w<\/p>\n<p class=\"typography ids-typeset-body ids-typeset-body--preset-large link paragraph ids-paragraph ids-paragraph--default\">Dr hab. Marek Cupryjak z Instytutu Nauk o Bezpiecze\u0144stwie i Polityce Uniwersytetu Szczeci\u0144skiego\u00a0przypomina, \u017ce kilka lat przed atakiem w Magdeburgu\u00a0&#8211; w 2016 roku &#8211; dosz\u0142o do zamachu na jarmark w Berlinie. Terrorysta Anis Amri porwa\u0142 polsk\u0105 ci\u0119\u017car\u00f3wk\u0119 i wjecha\u0142 w t\u0142um, zabijaj\u0105c 12 os\u00f3b. Dr hab. Cupryjak m\u00f3wi, \u017ce te ataki maj\u0105 wp\u0142yw na zabezpieczenie jarmarku w Szczecinie i w innych polskich miastach.<\/p>\n<p class=\"typography ids-typeset-body ids-typeset-body--preset-large link paragraph ids-paragraph ids-paragraph--default\">&#8211; Nasze s\u0142u\u017cby ucz\u0105 si\u0119 na przyk\u0142adach z innych kraj\u00f3w i to oczywi\u015bcie dobrze. Wyci\u0105gaj\u0105 wnioski i wprowadzaj\u0105 systemowe rozwi\u0105zania &#8211; uwa\u017ca. Za przyk\u0142ad podaje stosowanie betonowych blokad oraz wi\u0119ksz\u0105 liczb\u0119 patroli.<\/p>\n<p class=\"typography ids-typeset-body ids-typeset-body--preset-large link paragraph ids-paragraph ids-paragraph--default\">&#8211; S\u0142u\u017cby wzmo\u017cy\u0142y dzia\u0142ania prewencyjne i operacyjne. Jest nasilenie policji czy nawet \u017bandarmerii Wojskowej, Stra\u017cy Granicznej i wojska. To skutecznie podnosi bezpiecze\u0144stwo\u00a0&#8211; analizuje dla Interii ekspert od zarz\u0105dzania kryzysowego, przeciwdzia\u0142ania terroryzmowi i budowania system\u00f3w bezpiecze\u0144stw.<\/p>\n<p>Diabelski m\u0142yn i karuzela nie pozwol\u0105 na zamach<\/p>\n<p class=\"typography ids-typeset-body ids-typeset-body--preset-large link paragraph ids-paragraph ids-paragraph--default\">Na bo\u017conarodzeniowy kiermasz w Szczecinie od lat ch\u0119tnie przyje\u017cd\u017caj\u0105 zagraniczni go\u015bcie, a dla wielu szczecinian wyjazdy na jarmarki w Berlinie, Poczdamie, Lipsku czy Dre\u017anie to przed\u015bwi\u0105teczna tradycja.<\/p>\n<p class=\"typography ids-typeset-body ids-typeset-body--preset-large link paragraph ids-paragraph ids-paragraph--default\">Po zamachu u zachodnich s\u0105siad\u00f3w sprzed roku, organizatorzy z miejskiej sp\u00f3\u0142ki zwr\u00f3cili jeszcze wi\u0119ksz\u0105 uwag\u0119 na bezpiecze\u0144stwo.<\/p>\n<p class=\"typography ids-typeset-body ids-typeset-body--preset-large link paragraph ids-paragraph ids-paragraph--default\">&#8211; Z roku na rok staramy si\u0119 wyci\u0105ga\u0107 wnioski i wprowadza\u0107 zmiany w dotychczasowych procedurach &#8211; zapewnia w rozmowie z Interi\u0105 Celina Wo\u0142osz z \u017beglugi Szczeci\u0144skiej Turystyka i Wydarzenia.<\/p>\n<p class=\"typography ids-typeset-body ids-typeset-body--preset-large link paragraph ids-paragraph ids-paragraph--default\">M\u00f3wi o patrolach policji i stra\u017cy miejskiej oraz obecno\u015bci ochrony. &#8211; Dodatkowo przeszkolili\u015bmy naszych pracownik\u00f3w. B\u0119d\u0105 zwracali wi\u0119ksz\u0105 uwag\u0119 na pozostawione przedmioty czy porzucone plecaki. Wiedz\u0105, jak zachowa\u0107 si\u0119 w takiej sytuacji i w jakiej kolejno\u015bci alarmowa\u0107 s\u0142u\u017cby &#8211; zapewnia Wo\u0142osz.<\/p>\n<p class=\"typography ids-typeset-body ids-typeset-body--preset-large link paragraph ids-paragraph ids-paragraph--default\">Wzmocnienie zabezpieczenia to nie tylko szkolenia obs\u0142ugi i wi\u0119ksza liczba patroli, ale tak\u017ce konkretne planowanie ustawienia atrakcji. Jarmark w Szczecinie odbywa si\u0119 na trzech placach w centrum miasta: Adamowicza, Lotnik\u00f3w i \u017bo\u0142nierza Polskiego.<\/p>\n<p class=\"typography ids-typeset-body ids-typeset-body--preset-large link paragraph ids-paragraph ids-paragraph--default\">&#8211; Na wjazdach na ka\u017cdy z plac\u00f3w ustawili\u015bmy du\u017ce atrakcje uniemo\u017cliwiaj\u0105ce dostanie si\u0119 na teren imprezy. One s\u0105 pewnego rodzaju zaporami. Podobnie jak betonowe donice &#8211; zapewnia Celina Wo\u0142osz. Atrakcje, a jednocze\u015bnie zapory to kilkunastometrowe konstrukcje: diabelski m\u0142yn, wiatrak oraz karuzela wenecka.<\/p>\n<p>&#8222;Nie doceniacie jak macie bezpiecznie&#8221;<\/p>\n<p class=\"typography ids-typeset-body ids-typeset-body--preset-large link paragraph ids-paragraph ids-paragraph--default\">Dr hab. Marek Cupryjak uwa\u017ca, \u017ce tego typu zabezpieczenie to konieczno\u015b\u0107. &#8211; Okres, gdy jest wzmo\u017cony ruch pieszych i obecno\u015b\u0107 turyst\u00f3w sprawia, \u017ce i czujno\u015b\u0107 musi by\u0107 wzmo\u017cona &#8211; komentuje specjalista z Uniwersytetu Szczeci\u0144skiego.<\/p>\n<p class=\"typography ids-typeset-body ids-typeset-body--preset-large link paragraph ids-paragraph ids-paragraph--default\">Jarmark w Szczecinie potrwa do 21 grudnia. Najwi\u0119ksza fala turyst\u00f3w z Niemiec najprawdopodobniej dopiero nadejdzie. Ci, kt\u00f3rzy prowadz\u0105 tu biznes od lat, przekonuj\u0105, \u017ce im bli\u017cej \u015bwi\u0105t Bo\u017cego Narodzenia, tym wi\u0119ksze t\u0142umy, tak\u017ce z zagranicy. &#8211; Nie doceniacie, jak macie bezpiecznie &#8211; przekonuje Ron z Magdeburga.<\/p>\n<p>Afera korupcyjna w Ukrainie. Leszek Miller apeluje do polskiego rz\u0105duPolsat NewsPolsat News<\/p>\n<p><a class=\"ids-undecorated-link source ids-page-info--source__link\" href=\"https:\/\/www.interia.pl\" rel=\"nofollow noopener\" target=\"_blank\"><img decoding=\"async\" class=\"ids-image-holder__img\" loading=\"lazy\" alt=\"\" title=\"\" height=\"24px\" src=\"https:\/\/www.europesays.com\/pl\/wp-content\/uploads\/2025\/12\/1764587471_22_0009A60QQ5I2TYF7-C202-F4.webp.webp\"\/><\/a><\/p>\n<p>Masz sugestie, uwagi albo widzisz b\u0142\u0105d? Napisz do nas<\/p>\n","protected":false},"excerpt":{"rendered":"Niespe\u0142na 30-letni Ron\u00a0jest na jarmarku w Polsce pierwszy raz. Mieszka w niemieckim Magdeburgu, ale w dniu otwarcia kiermaszu&hellip;\n","protected":false},"author":2,"featured_media":127322,"comment_status":"","ping_status":"","sticky":false,"template":"","format":"standard","meta":{"footnotes":""},"categories":[12],"tags":[32,33,36,37,27,34,35,28,31,25,42,38,40,39,41,29,30,26],"class_list":{"0":"post-127321","1":"post","2":"type-post","3":"status-publish","4":"format-standard","5":"has-post-thumbnail","7":"category-polska","8":"tag-breaking-news","9":"tag-breakingnews","10":"tag-featured-news","11":"tag-featurednews","12":"tag-headlines","13":"tag-latest-news","14":"tag-latestnews","15":"tag-naglowki","16":"tag-najwazniejsze-artykuly","17":"tag-news","18":"tag-pl","19":"tag-poland","20":"tag-polish","21":"tag-polska","22":"tag-polski","23":"tag-top-stories","24":"tag-topstories","25":"tag-wiadomosci"},"share_on_mastodon":{"url":"https:\/\/pubeurope.com\/@pl\/115644511660128244","error":""},"_links":{"self":[{"href":"https:\/\/www.europesays.com\/pl\/wp-json\/wp\/v2\/posts\/127321","targetHints":{"allow":["GET"]}}],"collection":[{"href":"https:\/\/www.europesays.com\/pl\/wp-json\/wp\/v2\/posts"}],"about":[{"href":"https:\/\/www.europesays.com\/pl\/wp-json\/wp\/v2\/types\/post"}],"author":[{"embeddable":true,"href":"https:\/\/www.europesays.com\/pl\/wp-json\/wp\/v2\/users\/2"}],"replies":[{"embeddable":true,"href":"https:\/\/www.europesays.com\/pl\/wp-json\/wp\/v2\/comments?post=127321"}],"version-history":[{"count":0,"href":"https:\/\/www.europesays.com\/pl\/wp-json\/wp\/v2\/posts\/127321\/revisions"}],"wp:featuredmedia":[{"embeddable":true,"href":"https:\/\/www.europesays.com\/pl\/wp-json\/wp\/v2\/media\/127322"}],"wp:attachment":[{"href":"https:\/\/www.europesays.com\/pl\/wp-json\/wp\/v2\/media?parent=127321"}],"wp:term":[{"taxonomy":"category","embeddable":true,"href":"https:\/\/www.europesays.com\/pl\/wp-json\/wp\/v2\/categories?post=127321"},{"taxonomy":"post_tag","embeddable":true,"href":"https:\/\/www.europesays.com\/pl\/wp-json\/wp\/v2\/tags?post=127321"}],"curies":[{"name":"wp","href":"https:\/\/api.w.org\/{rel}","templated":true}]}}