{"id":127363,"date":"2025-12-01T13:40:08","date_gmt":"2025-12-01T13:40:08","guid":{"rendered":"https:\/\/www.europesays.com\/pl\/127363\/"},"modified":"2025-12-01T13:40:08","modified_gmt":"2025-12-01T13:40:08","slug":"katastrofa-smiglowca-w-ktorej-zgineli-dwaj-bracia-sa-nowe-informacje","status":"publish","type":"post","link":"https:\/\/www.europesays.com\/pl\/127363\/","title":{"rendered":"Katastrofa \u015bmig\u0142owca, w kt\u00f3rej zgin\u0119li dwaj bracia. S\u0105 nowe informacje"},"content":{"rendered":"<ul class=\"UnorderedList_container__nmfSl\">\n<li class=\"UnorderedList_listElement__Py7xi\" data-id=\"ai-summary-link\">Du\u017co czytania, a ma\u0142o czasu? Sprawd\u017a\u00a0skr\u00f3t\u00a0artyku\u0142u<\/li>\n<\/ul>\n<p class=\"Paragraph_desktopParagraph__U31Gm\">Do wypadku z udzia\u0142em czteroosobowego helikoptera Robinson R44 dosz\u0142o w miejscowo\u015bci Cierpisz, niedaleko Rzeszowa, w terenie zalesionym, oko\u0142o 700 metr\u00f3w na p\u00f3\u0142noc od asfaltowej drogi pomi\u0119dzy Malaw\u0105 a Wol\u0105 Rafa\u0142owsk\u0105. Zgin\u0119li dwaj bracia.<\/p>\n<p class=\"Paragraph_desktopParagraph__U31Gm\">\u2014 Na miejscu panowa\u0142y bardzo trudne warunki atmosferyczne, g\u0119sta mg\u0142a ogranicza\u0142a widzialno\u015b\u0107 do kilkunastu metr\u00f3w \u2014 przekaza\u0142a zast\u0119pca Prokuratora Okr\u0119gowego w Rzeszowie prok. Katarzyna Drupka.<\/p>\n<p class=\"VideoPlayerText_videoPlayerText__iDwyz\">Dalszy ci\u0105g materia\u0142u pod wideo<\/p>\n<ul class=\"OchatFollowUps_wrapper__1ry7X\">\n<li class=\"OchatFollowUps_item__Dhyly OchatFollowUps_itemDesktop__R6aBv\">Gdzie dosz\u0142o do katastrofy \u015bmig\u0142owca?<\/li>\n<li class=\"OchatFollowUps_item__Dhyly OchatFollowUps_itemDesktop__R6aBv\">Ile os\u00f3b zgin\u0119\u0142o w wypadku?<\/li>\n<li class=\"OchatFollowUps_item__Dhyly OchatFollowUps_itemDesktop__R6aBv\">Jakie by\u0142y warunki atmosferyczne podczas lotu?<\/li>\n<li class=\"OchatFollowUps_item__Dhyly OchatFollowUps_itemDesktop__R6aBv\">Kiedy przeprowadzona zostanie sekcja zw\u0142ok zmar\u0142ych?<\/li>\n<\/ul>\n<p>Katastrofa \u015bmig\u0142owca w Cierpiszu. Nowe informacje <\/p>\n<p class=\"Paragraph_desktopParagraph__U31Gm\">Prok. Drupka zaznaczy\u0142a, \u017ce przeprowadzone dotychczas czynno\u015bci nie pozwoli\u0142y na ustalenie przyczyny zdarzenia. Jednym z czynnik\u00f3w branych pod uwag\u0119 s\u0105 bardzo trudne warunki atmosferyczne, w jakich odbywa\u0142 si\u0119 lot.<\/p>\n<p class=\"Paragraph_desktopParagraph__U31Gm\">\u2014 Najbardziej prawdopodobn\u0105 hipotez\u0105 s\u0105 bardzo z\u0142e warunki atmosferyczne i ich wp\u0142yw na prac\u0119 silnika, bo tutaj wilgo\u0107 te\u017c ma znaczenie, albo po prostu z\u0142a widoczno\u015b\u0107, kt\u00f3ra spowodowa\u0142a, \u017ce pilot straci\u0142 orientacj\u0119 i zako\u0144czy\u0142o si\u0119 to tragicznie \u2014 powiedzia\u0142a prok. Drupka.<\/p>\n<p class=\"Paragraph_desktopParagraph__U31Gm\">Z ustale\u0144 wynika, \u017ce \u015bmig\u0142owiec lecia\u0142 z Krosna, z mi\u0119dzyl\u0105dowaniem w miejscowo\u015bci Zagorzyce, a nast\u0119pnie kontynuowa\u0142 lot w kierunku Przeworska.<\/p>\n<p class=\"Paragraph_desktopParagraph__U31Gm\">\u2014 Na wysoko\u015bci miejscowo\u015bci Malawa helikopter niespodziewanie zboczy\u0142 z kursu w kierunku p\u00f3\u0142nocnym i lec\u0105c lekkim \u0142ukiem, trac\u0105c wysoko\u015b\u0107, zacz\u0105\u0142 zahacza\u0107 o czubki drzew, a nast\u0119pnie obni\u017caj\u0105c ci\u0105gle lot, oko\u0142o godz. 15.35 rozbi\u0142 si\u0119 w lesie \u2014 zrelacjonowa\u0142a prok. Drupka.<\/p>\n<p>W katastrofie \u015bmig\u0142owca zgin\u0119li dwaj bracia <\/p>\n<p class=\"Paragraph_desktopParagraph__U31Gm\">S\u0142u\u017cby o wypadku zosta\u0142y zawiadomione o godz. 15.50, a o 16.07 na miejsce przyby\u0142y pierwsze zast\u0119py stra\u017cy po\u017carnej. Ze wzgl\u0119du na brak mo\u017cliwo\u015bci dojazdu do helikoptera, stra\u017cacy z r\u0119cznymi ga\u015bnicami udali si\u0119 na miejsce wypadku.<\/p>\n<p class=\"Paragraph_desktopParagraph__U31Gm\">\u2014 Zastali tam pal\u0105cy si\u0119 wrak helikoptera oraz cia\u0142a dw\u00f3ch m\u0119\u017cczyzn. \u015amier\u0107 na miejscu ponios\u0142o dw\u00f3ch mieszka\u0144c\u00f3w powiatu przeworskiego: 41-letni Mariusz S. oraz 44-letni Krzysztof S.\u2014 doda\u0142a prokurator.<\/p>\n<p class=\"Paragraph_desktopParagraph__U31Gm\">Zwr\u00f3ci\u0142a uwag\u0119, \u017ce bezpo\u015bredni dojazd na miejsce samochodami osobowymi by\u0142 niemo\u017cliwy z uwagi na nachylenie terenu i b\u0142otniste pod\u0142o\u017ce, w zwi\u0105zku z tym transport funkcjonariuszy stra\u017cy po\u017carnej, policji, \u017co\u0142nierzy WOT odbywa\u0142 si\u0119 quadami i specjalistycznym sprz\u0119tem.<\/p>\n<p class=\"Paragraph_desktopParagraph__U31Gm\">Ogl\u0119dziny miejsca wypadku pod nadzorem prokuratora, m.in. z udzia\u0142em cz\u0142onk\u00f3w Pa\u0144stwowej Komisji Badania Wypadk\u00f3w Lotniczych (PKBWL) rozpocz\u0119\u0142y si\u0119 nast\u0119pnego dnia rano. W ci\u0105gu 30 dni od dnia wypadku powinna ona wyda\u0107 wst\u0119pn\u0105 opini\u0119 dotycz\u0105c\u0105 zdarzenia, a nast\u0119pnie w ci\u0105gu oko\u0142o dw\u00f3ch miesi\u0119cy na sporz\u0105dzenie kompleksowej opinii.<\/p>\n<p class=\"Paragraph_desktopParagraph__U31Gm\">\u2014 Na miejscu ujawniono dokumenty wskazuj\u0105ce na to, \u017ce dzie\u0144 przed zdarzeniem, tj. 29 listopada 2025 r., helikopter przeszed\u0142 pozytywnie przegl\u0105d techniczny w specjalistycznej firmie \u2014 poda\u0142a prok. Drupka.<\/p>\n<p class=\"Paragraph_desktopParagraph__U31Gm\">R\u00f3wnolegle policja przes\u0142uchiwa\u0142a \u015bwiadk\u00f3w, zabezpieczy\u0142a niezb\u0119dn\u0105 dokumentacj\u0119 zwi\u0105zan\u0105 z helikopterem, pilotem i przebiegiem lotu.<\/p>\n<p class=\"Paragraph_desktopParagraph__U31Gm\">Na miejscu z wraku pobrane zosta\u0142y tak\u017ce pr\u00f3bki paliwa i oleju, a spalony wrak helikoptera zosta\u0142 zabezpieczony do ewentualnych dalszych bada\u0144.<\/p>\n<p class=\"Paragraph_desktopParagraph__U31Gm\">Cia\u0142a zmar\u0142ych m\u0119\u017cczyzn zosta\u0142y zabezpieczone do sekcji zw\u0142ok, kt\u00f3ra zostanie przeprowadzona we wtorek.<\/p>\n","protected":false},"excerpt":{"rendered":"Du\u017co czytania, a ma\u0142o czasu? Sprawd\u017a\u00a0skr\u00f3t\u00a0artyku\u0142u Do wypadku z udzia\u0142em czteroosobowego helikoptera Robinson R44 dosz\u0142o w miejscowo\u015bci Cierpisz,&hellip;\n","protected":false},"author":2,"featured_media":127364,"comment_status":"","ping_status":"","sticky":false,"template":"","format":"standard","meta":{"footnotes":""},"categories":[5],"tags":[26970,32,33,36,37,27,67,4799,34,35,28,31,53,25,52,68,51,55,42,38,40,39,41,12481,47,16379,29,30,65,50,26,2588],"class_list":{"0":"post-127363","1":"post","2":"type-post","3":"status-publish","4":"format-standard","5":"has-post-thumbnail","7":"category-naglowki","8":"tag-bracia","9":"tag-breaking-news","10":"tag-breakingnews","11":"tag-featured-news","12":"tag-featurednews","13":"tag-headlines","14":"tag-intextvideo_splayer","15":"tag-katastrofa","16":"tag-latest-news","17":"tag-latestnews","18":"tag-naglowki","19":"tag-najwazniejsze-artykuly","20":"tag-new_header","21":"tag-news","22":"tag-onet3","23":"tag-onet3d","24":"tag-onet3d_2i","25":"tag-phx","26":"tag-pl","27":"tag-poland","28":"tag-polish","29":"tag-polska","30":"tag-polski","31":"tag-rzeszow_miasto","32":"tag-screening_general","33":"tag-smiglowiec","34":"tag-top-stories","35":"tag-topstories","36":"tag-update_me","37":"tag-v2021","38":"tag-wiadomosci","39":"tag-wypadek"},"share_on_mastodon":{"url":"https:\/\/pubeurope.com\/@pl\/115644597992285246","error":""},"_links":{"self":[{"href":"https:\/\/www.europesays.com\/pl\/wp-json\/wp\/v2\/posts\/127363","targetHints":{"allow":["GET"]}}],"collection":[{"href":"https:\/\/www.europesays.com\/pl\/wp-json\/wp\/v2\/posts"}],"about":[{"href":"https:\/\/www.europesays.com\/pl\/wp-json\/wp\/v2\/types\/post"}],"author":[{"embeddable":true,"href":"https:\/\/www.europesays.com\/pl\/wp-json\/wp\/v2\/users\/2"}],"replies":[{"embeddable":true,"href":"https:\/\/www.europesays.com\/pl\/wp-json\/wp\/v2\/comments?post=127363"}],"version-history":[{"count":0,"href":"https:\/\/www.europesays.com\/pl\/wp-json\/wp\/v2\/posts\/127363\/revisions"}],"wp:featuredmedia":[{"embeddable":true,"href":"https:\/\/www.europesays.com\/pl\/wp-json\/wp\/v2\/media\/127364"}],"wp:attachment":[{"href":"https:\/\/www.europesays.com\/pl\/wp-json\/wp\/v2\/media?parent=127363"}],"wp:term":[{"taxonomy":"category","embeddable":true,"href":"https:\/\/www.europesays.com\/pl\/wp-json\/wp\/v2\/categories?post=127363"},{"taxonomy":"post_tag","embeddable":true,"href":"https:\/\/www.europesays.com\/pl\/wp-json\/wp\/v2\/tags?post=127363"}],"curies":[{"name":"wp","href":"https:\/\/api.w.org\/{rel}","templated":true}]}}