{"id":127365,"date":"2025-12-01T13:41:11","date_gmt":"2025-12-01T13:41:11","guid":{"rendered":"https:\/\/www.europesays.com\/pl\/127365\/"},"modified":"2025-12-01T13:41:11","modified_gmt":"2025-12-01T13:41:11","slug":"siostra-swiatek-oglasza-ws-igi-niebywale-czegos-takiego-jeszcze-nie-bylo","status":"publish","type":"post","link":"https:\/\/www.europesays.com\/pl\/127365\/","title":{"rendered":"Siostra \u015awi\u0105tek og\u0142asza ws. Igi. Niebywa\u0142e, czego\u015b takiego jeszcze nie by\u0142o"},"content":{"rendered":"<p class=\"typography ids-typeset-body ids-typeset-body--preset-large link paragraph ids-paragraph ids-paragraph--default\">Iga \u015awi\u0105tek\u00a0zako\u0144czy\u0142a sezon na drugim miejscu w rankingu WTA, ust\u0119puj\u0105c jedynie \u015bwietnie dysponowanej Arynie Sabalence, kt\u00f3ra wyprzedzi\u0142a Polk\u0119 o 2475 punkt\u00f3w. Teraz czas na wyci\u0105gni\u0119cie wniosk\u00f3w i na odpoczynek. Tenisistka wybra\u0142a si\u0119 w tropiki, by tam pod\u0142adowa\u0107 baterie i zebra\u0107 si\u0142y przed przysz\u0142oroczn\u0105 rywalizacj\u0105, w tym przed zbli\u017caj\u0105cym si\u0119 wielkoszlemowym Australian Open (12 stycznia &#8211; 1 lutego).<\/p>\n<p class=\"typography ids-typeset-body ids-typeset-body--preset-large link paragraph ids-paragraph ids-paragraph--default\"><a href=\"https:\/\/sport.interia.pl\/iga-swiatek\/news-przylapali-swiatek-na-mauritiusie-wydalo-sie-z-kim-bawi-sie,nId,22462322\" target=\"_self\" rel=\"nofollow noopener\">W samolot lec\u0105cy na Mauritius<\/a> razem z Ig\u0105 wsiedli m.in. ojciec Tomasz \u015awi\u0105tek, psycholog Daria Abramowicz i menad\u017cer Jules Mercier. Chwil\u0119 przed wyjazdem \u015awi\u0105tek zabra\u0142a g\u0142os w mediach spo\u0142eczno\u015bciowych, dzi\u0119kuj\u0105c kibicom i za wsparcie w turnieju w turnieju Bille Jean King Cup w Gorzowie Wielkopolskim i w og\u00f3le w ca\u0142ym minionym sezonie.<\/p>\n<blockquote role=\"blockquote\" class=\"quote ids-quote ids-quote--nosurface--short--medium\"><p>Dzi\u0119kuj\u0119 Wam za wspania\u0142y doping w Gorzowie Wielkopolskim! Dzi\u0119kuj\u0119 ca\u0142emu zespo\u0142owi za \u015bwietny tydzie\u0144 pe\u0142en energii i \u015bmiechu. Cel osi\u0105gni\u0119ty- napisa\u0142a.<\/p><\/blockquote>\n<p class=\"typography ids-typeset-body ids-typeset-body--preset-large link paragraph ids-paragraph ids-paragraph--default\">Od tamtej pory raczej odpoczywa od Instagrama. Do\u015b\u0107 niespodziewanie uaktywni\u0142a si\u0119 w sieci za to jej siostra, kt\u00f3ra pospieszy\u0142a z wa\u017cnym i ciekawym komunikatem.<\/p>\n<p>Tego jeszcze nie by\u0142o. Iga \u015awi\u0105tek i jej siostra w jednej kampanii<\/p>\n<p class=\"typography ids-typeset-body ids-typeset-body--preset-large link paragraph ids-paragraph ids-paragraph--default\">Agata \u015awi\u0105tek prowadzi w mediach spo\u0142eczno\u015bciowych profil zwi\u0105zany ze swoim zawodem. Jest stomatologiem. Od prawie miesi\u0105ca nie publikowa\u0142a jednak \u017cadnych wpis\u00f3w. A\u017c do teraz. Postanowi\u0142a w\u0142a\u015bnie przerwa\u0107 milczenie, i to w interesuj\u0105cej sprawie.<\/p>\n<p class=\"typography ids-typeset-body ids-typeset-body--preset-large link paragraph ids-paragraph ids-paragraph--default\">&#8222;Ju\u017c za chwil\u0119 startuje wyj\u0105tkowy projekt&#8221; &#8211; og\u0142asza. &#8222;Po pierwsze bliski mi zawodowo, bo to kampania edukacyjna o zdrowych nawykach dla zdrowego u\u015bmiechu Polak\u00f3w, po drugie specjalny, bo bior\u0119 w nim udzia\u0142 z Ig\u0105 \u015awi\u0105tek. Stay tuned!&#8221; &#8211; doda\u0142a.<\/p>\n<p class=\"typography ids-typeset-body ids-typeset-body--preset-large link paragraph ids-paragraph ids-paragraph--default\">Du\u017ca medialna kampania z Agat\u0105 i Ig\u0105? Brzmi nietuzinkowo i nieoczekiwanie. Wszak czego\u015b takiego jeszcze nie by\u0142o. &#8222;Wspaniale! Gratulacje&#8221;, &#8222;Czekam z niecierpliwo\u015bci\u0105&#8221;, &#8222;Siostrzana si\u0142a&#8221; &#8211; ciesz\u0105 si\u0119 internauci.<\/p>\n<p class=\"typography ids-typeset-body ids-typeset-body--preset-large link paragraph ids-paragraph ids-paragraph--default\">Przed laty Iga i Agata razem trenowa\u0142y najpierw p\u0142ywanie, a potem tenis, co <a href=\"https:\/\/sport.interia.pl\/iga-swiatek\/news-ojciec-igi-swiatek-ujawnia-trudna-prawde-ciernista-droga-cor,nId,6840588\" target=\"_self\" rel=\"nofollow noopener\">opisywa\u0142 ich ojciec<\/a> dla WP SportowychFakt\u00f3w. &#8222;Troch\u0119 mia\u0142em marzenie o posiadaniu dw\u00f3ch zawodniczek w domu. Tak jak to funkcjonowa\u0142o w przypadku si\u00f3str Williams czy Radwa\u0144skich. To nie by\u0142o jednak najwa\u017cniejsze w wychowywaniu moich c\u00f3rek. Sport by\u0142 \u015brodkiem do nauki wytrwa\u0142o\u015bci, dyscypliny, ale te\u017c zabaw\u0105, elementem dbania o zdrowie&#8221; &#8211; przypomina\u0142.<\/p>\n<p class=\"typography ids-typeset-body ids-typeset-body--preset-large link paragraph ids-paragraph ids-paragraph--default\">Dzi\u015b m\u0142odsza c\u00f3rka ju\u017c zapisa\u0142a si\u0119 na kartach polskiego i \u015bwiatowego tenisa, a starsza odnosi sukcesy w swojej bran\u017cy. Agata posz\u0142a w \u015blady mamy, tak\u017ce zajmuj\u0105cej si\u0119 stomatologi\u0105. Jest w trakcie robienia specjalizacji z periodontologii na Gda\u0144skim Uniwersytecie Medycznym. &#8222;Edukuj\u0119, diagnozuj\u0119. Lecz\u0119 i operuj\u0119 dzi\u0105s\u0142a z precyzj\u0105&#8221; &#8211; sama podsumowuje swoj\u0105 zawodow\u0105 \u015bcie\u017ck\u0119.<\/p>\n<p>Iga \u015awi\u0105tek: Gra dla reprezentacji Polski to zawsze ogromna przyjemno\u015b\u0107. WIDEOPolsat SportPolsat Sport<\/p>\n<p><img decoding=\"async\" class=\"ids-image-holder__img\" loading=\"lazy\" alt=\"Tenisistka w sportowej odzie\u017cy i jasnej czapce na g\u0142owie trzyma rakiet\u0119 tenisow\u0105 na korcie, za ni\u0105 widoczna jest rozmyta publiczno\u015b\u0107.\" title=\"Iga \u015awi\u0105tek\" width=\"2400\" height=\"1600\" src=\"https:\/\/www.europesays.com\/pl\/wp-content\/uploads\/2025\/11\/000LXW3FOXOKUI2O-C322-F4.webp.webp\"\/><\/p>\n<p>Iga \u015awi\u0105tekMinas Panagiotakis\/Getty Images via AFPAFP<\/p>\n<p><img decoding=\"async\" class=\"ids-image-holder__img\" loading=\"lazy\" alt=\"Dwie u\u015bmiechni\u0119te kobiety trzymaj\u0105ce puchar, z widokiem na panoram\u0119 miasta i Wie\u017c\u0119 Eiffla w tle.\" title=\"Iga \u015awi\u0105tek z siostr\u0105 Agat\u0105\" width=\"7734\" height=\"5158\" src=\"https:\/\/www.europesays.com\/pl\/wp-content\/uploads\/2025\/12\/000M06DM5XBSYJSE-C322-F4.webp.webp\"\/><\/p>\n<p>Iga \u015awi\u0105tek z siostr\u0105 Agat\u0105THOMAS SAMSONAFP<\/p>\n<p><a class=\"ids-undecorated-link source ids-page-info--source__link\" href=\"https:\/\/www.interia.pl\" rel=\"nofollow noopener\" target=\"_blank\"><img decoding=\"async\" class=\"ids-image-holder__img\" loading=\"lazy\" alt=\"\" title=\"\" height=\"24px\" src=\"https:\/\/www.europesays.com\/pl\/wp-content\/uploads\/2025\/12\/1764587471_22_0009A60QQ5I2TYF7-C202-F4.webp.webp\"\/><\/a><\/p>\n<p>Masz sugestie, uwagi albo widzisz b\u0142\u0105d? Napisz do nas<\/p>\n","protected":false},"excerpt":{"rendered":"Iga \u015awi\u0105tek\u00a0zako\u0144czy\u0142a sezon na drugim miejscu w rankingu WTA, ust\u0119puj\u0105c jedynie \u015bwietnie dysponowanej Arynie Sabalence, kt\u00f3ra wyprzedzi\u0142a Polk\u0119&hellip;\n","protected":false},"author":2,"featured_media":127366,"comment_status":"","ping_status":"","sticky":false,"template":"","format":"standard","meta":{"footnotes":""},"categories":[24],"tags":[42,38,40,39,41,127,126],"class_list":{"0":"post-127365","1":"post","2":"type-post","3":"status-publish","4":"format-standard","5":"has-post-thumbnail","7":"category-sport","8":"tag-pl","9":"tag-poland","10":"tag-polish","11":"tag-polska","12":"tag-polski","13":"tag-sport","14":"tag-sports"},"share_on_mastodon":{"url":"https:\/\/pubeurope.com\/@pl\/115644602279160839","error":""},"_links":{"self":[{"href":"https:\/\/www.europesays.com\/pl\/wp-json\/wp\/v2\/posts\/127365","targetHints":{"allow":["GET"]}}],"collection":[{"href":"https:\/\/www.europesays.com\/pl\/wp-json\/wp\/v2\/posts"}],"about":[{"href":"https:\/\/www.europesays.com\/pl\/wp-json\/wp\/v2\/types\/post"}],"author":[{"embeddable":true,"href":"https:\/\/www.europesays.com\/pl\/wp-json\/wp\/v2\/users\/2"}],"replies":[{"embeddable":true,"href":"https:\/\/www.europesays.com\/pl\/wp-json\/wp\/v2\/comments?post=127365"}],"version-history":[{"count":0,"href":"https:\/\/www.europesays.com\/pl\/wp-json\/wp\/v2\/posts\/127365\/revisions"}],"wp:featuredmedia":[{"embeddable":true,"href":"https:\/\/www.europesays.com\/pl\/wp-json\/wp\/v2\/media\/127366"}],"wp:attachment":[{"href":"https:\/\/www.europesays.com\/pl\/wp-json\/wp\/v2\/media?parent=127365"}],"wp:term":[{"taxonomy":"category","embeddable":true,"href":"https:\/\/www.europesays.com\/pl\/wp-json\/wp\/v2\/categories?post=127365"},{"taxonomy":"post_tag","embeddable":true,"href":"https:\/\/www.europesays.com\/pl\/wp-json\/wp\/v2\/tags?post=127365"}],"curies":[{"name":"wp","href":"https:\/\/api.w.org\/{rel}","templated":true}]}}