{"id":127391,"date":"2025-12-01T13:56:04","date_gmt":"2025-12-01T13:56:04","guid":{"rendered":"https:\/\/www.europesays.com\/pl\/127391\/"},"modified":"2025-12-01T13:56:04","modified_gmt":"2025-12-01T13:56:04","slug":"zwyciezca-the-voice-of-poland-odpowiada-na-zarzuty-uplyciles-sens","status":"publish","type":"post","link":"https:\/\/www.europesays.com\/pl\/127391\/","title":{"rendered":"Zwyci\u0119zca &#8222;The Voice of Poland&#8221; odpowiada na zarzuty. &#8222;Up\u0142yci\u0142e\u015b sens&#8221;"},"content":{"rendered":"<p class=\"typography ids-typeset-body ids-typeset-body--preset-large link paragraph ids-paragraph ids-paragraph--default\">Jasiek Piwowarczyk by\u0142 uznawany za faworyta 16. edycji &#8222;The Voice of Poland&#8221; ju\u017c od samego pocz\u0105tku. Podczas Przes\u0142ucha\u0144 w ciemno 27-latek z Krakowa najpierw si\u0119gn\u0105\u0142 po utw\u00f3r z 1964 roku <a href=\"https:\/\/teksciory.interia.pl\/dionne-warwick-a-house-is-not-a-home-tekst-piosenki,t,111402.html\" target=\"_self\" rel=\"nofollow noopener\">&#8222;A House Is Not a Home&#8221;<\/a>\u00a0Dionne Warwick, kt\u00f3ry s\u0142ynny duet Burt Bacharach i Hal David napisali na potrzeby filmu &#8222;A House Is Not a Home&#8221;. Uczestnik b\u0142yskawicznie sprawi\u0142, \u017ce wszyscy trenerzy odwr\u00f3cili swoje fotele.<\/p>\n<p class=\"typography ids-typeset-body ids-typeset-body--preset-large link paragraph ids-paragraph ids-paragraph--default\">&#8222;Ale mam dreszcze &#8211; przyzna\u0142 wprost Baron. &#8222;Przepraszam, ale musia\u0142em wsta\u0107, \u017ceby to powiedzie\u0107. Mam w tej chwili dwie emocje &#8211; z jednej strony wielkie szcz\u0119\u015bcie, z drugiej strony rozpacz, bo poczu\u0142em, \u017ce to jest ten moment, kiedy musz\u0119 od\u0142o\u017cy\u0107 mikrofon i zako\u0144czy\u0107 swoj\u0105 dzia\u0142alno\u015b\u0107 artystyczn\u0105&#8221; &#8211; doda\u0142 poruszony Kuba Badach.<\/p>\n<ul class=\"typography ids-typeset-body ids-typeset-body--preset-small list--article-list ids-list ids-list--unordered ids-list--size-small \" datatype=\"disc\">\n<li class=\"ids-list-item ids-list-item__content brief-list-item\"><a class=\"ids-undecorated-link link ids-link \" data-spons=\"false\" href=\"https:\/\/muzyka.interia.pl\/the-voice-of-poland\/news-jasiek-piwowarczyk-wygral-plebiscyt-interii-muzyki-teraz-pow,nId,22461745\" rel=\"nofollow noopener\" target=\"_blank\">Jasiek Piwowarczyk wygra\u0142 plebiscyt Interii Muzyki. Teraz powalczy o triumf w finale 16. edycji &#8222;The Voice of Poland&#8221;<\/a><\/li>\n<li class=\"ids-list-item ids-list-item__content brief-list-item\"><a class=\"ids-undecorated-link link ids-link \" data-spons=\"false\" href=\"https:\/\/muzyka.interia.pl\/the-voice-of-poland\/news-piosenka-o-trudnym-rozstaniu-zaprowadzila-ja-do-finalu-the-v,nId,22460898\" rel=\"nofollow noopener\" target=\"_blank\">Piosenka o trudnym rozstaniu zaprowadzi\u0142a j\u0105 do fina\u0142u &#8222;The Voice of Poland&#8221;. Dramatyczna historii Hanny Kuziemowicz<\/a><\/li>\n<\/ul>\n<p class=\"typography ids-typeset-body ids-typeset-body--preset-large link paragraph ids-paragraph ids-paragraph--default\">Na pro\u015bb\u0119 trener\u00f3w Janek Piwowarczyk za\u015bpiewa\u0142 dodatkowo wielki przeb\u00f3j Czes\u0142awa Niemena <a href=\"https:\/\/teksciory.interia.pl\/janek-piwowarczyk-dziwny-jest-ten-swiat-przesluchania-w-ciemno-the-voice-of-poland-16-tekst-piosenki,t,728388.html\" target=\"_self\" rel=\"nofollow noopener\">&#8222;Dziwny jest ten \u015bwiat&#8221;<\/a>, budz\u0105c ogromne emocje r\u00f3wnie\u017c w\u015br\u00f3d widz\u00f3w i internaut\u00f3w.<\/p>\n<p class=\"typography ids-typeset-body ids-typeset-body--preset-large link paragraph ids-paragraph ids-paragraph--default\">Podczas wyboru trenera dosz\u0142o do blokady &#8211; Margaret uniemo\u017cliwi\u0142a 27-latkowi wyb\u00f3r Tomsona i Barona, a Micha\u0142 Szpak Kuby Badacha. Z pozosta\u0142ych na placu boju trener\u00f3w uczestnik wybra\u0142 Margaret na swoj\u0105 opiekunk\u0119. To w\u0142a\u015bnie pod jej skrzyd\u0142ami Jasiek dotar\u0142 do \u015bcis\u0142ego fina\u0142u, podczas kt\u00f3rego pokona\u0142 czw\u00f3rk\u0119 kontrkandydat\u00f3w.<\/p>\n<p>Jasiek Piwowarczyk odpowiada na zarzuty po finale &#8222;The Voice of Poland&#8221;<\/p>\n<p class=\"typography ids-typeset-body ids-typeset-body--preset-large link paragraph ids-paragraph ids-paragraph--default\">Za wokalist\u0119 w programie kciuki \u015bciska\u0142y m.in. zakonnice ze Szko\u0142y Si\u00f3str Prezentek, kt\u00f3rej Jasiek (wcze\u015bniej \u015bpiewaj\u0105cy m.in. pie\u015bni uwielbiaj\u0105ce Boga) jest absolwentem.<\/p>\n<p class=\"typography ids-typeset-body ids-typeset-body--preset-large link paragraph ids-paragraph ids-paragraph--default\">&#8222;To uczucie, gdy ucze\u0144 staje si\u0119 MISTRZEM! Jasiu, ogromne gratulacje! To by\u0142a niezwyk\u0142a przygoda patrze\u0107 jak wzrastasz, rozkwitasz, rozwijasz si\u0119, zara\u017casz pasj\u0105 innych. \u015aledzimy ze wzruszeniem i dum\u0105 Twoje losy, czekaj\u0105c na koncerty i p\u0142yt\u0119! DZI\u0118KUJEMY za pi\u0119kne s\u0142owa, kt\u00f3re skierowa\u0142e\u015b do wszystkich nauczycieli&#8230; Da\u0142e\u015b nam tyyyyyyyle rado\u015bci, potwierdzaj\u0105c, \u017ce nasza codzienna, cicha, zwyk\u0142a praca ma sens!&#8221; &#8211; czytamy na facebookowym profilu szko\u0142y.<\/p>\n<p class=\"typography ids-typeset-body ids-typeset-body--preset-large link paragraph ids-paragraph ids-paragraph--default\">Wykonany w p\u00f3\u0142finale autorski singel Ja\u015bka <a href=\"https:\/\/teksciory.interia.pl\/jasiek-piwowarczyk-ushuaia-tekst-piosenki,t,729553.html\" target=\"_self\" rel=\"nofollow noopener\">&#8222;Ushuaia&#8221;<\/a> skrytykowa\u0142 zwi\u0105zany ze scen\u0105 chrze\u015bcija\u0144sk\u0105 wokalista i muzyki Rados\u0142aw Kordowski, kt\u00f3ry w mediach spo\u0142eczno\u015bciowych prowadzi blog Inna Perspektywa Rzeczywisto\u015bci (ponad 60 tys. fan\u00f3w na Facebooku). Zwr\u00f3ci\u0142 on uwag\u0119, \u017ce fragment tekstu z refrenu &#8222;nie mam w sobie mi\u0142o\u015bci&#8221;, jest dla niego &#8222;totalnym zaprzeczeniem nadziei i ca\u0142ej wiary chrze\u015bcija\u0144skiej&#8221;.<\/p>\n<p class=\"typography ids-typeset-body ids-typeset-body--preset-large link paragraph ids-paragraph ids-paragraph--default\">&#8222;S\u0142uchaj\u0105c tego utworu mia\u0142em wr\u0119cz wra\u017cenie, \u017ce to utw\u00f3r daj\u0105cy \u015bwiadectwo: 'Przeszed\u0142em na ciemn\u0105 stron\u0119 mocy&#8217;. Ale mo\u017ce taka jest cena, aby wygra\u0107 ten program w Polsce, bo za\u015bpiewanie pie\u015bni uwielbiaj\u0105cej Boga pogr\u0105\u017cy\u0142oby jego szanse na zwyci\u0119stwo?&#8221; &#8211; napisa\u0142 Rados\u0142aw Kordowski.<\/p>\n<p class=\"typography ids-typeset-body ids-typeset-body--preset-large link paragraph ids-paragraph ids-paragraph--default\">Zwyci\u0119zca &#8222;The Voice of Poland&#8221; odpowiedzia\u0142 autorowi bloga, \u017ce &#8222;bardzo up\u0142yci\u0142 sens&#8221; i doda\u0142 od siebie &#8222;bardzo mocn\u0105 'mroczn\u0105&#8217; nadinterpretacj\u0119&#8221;.<\/p>\n<p class=\"typography ids-typeset-body ids-typeset-body--preset-large link paragraph ids-paragraph ids-paragraph--default\">&#8222;Jest to dla mnie zrozumia\u0142e, \u017ce taki tekst budzi w\u0105tpliwo\u015bci i pytania, dlatego spr\u00f3buj\u0119 wyt\u0142umaczy\u0107 co chcia\u0142em tym utworem przekaza\u0107, bo to co napisa\u0142e\u015b absolutnie jest zaprzeczeniem moich zamiar\u00f3w &#8211; jednocze\u015bnie zar\u0119czam, \u017ce zapoznaj\u0105c si\u0119 z ca\u0142ym tekstem dok\u0142adnie, Twoje w\u0105tpliwo\u015bci znikn\u0105. (&#8230;) W tek\u015bcie chodzi\u0142o mi po prostu o to, \u017ce cz\u0142owiek pozbawiony mi\u0142o\u015bci do bli\u017anich i siebie samego, traci sens, a \u015bwiat zbudowany na takich zasadach ko\u0144czy si\u0119 i moim zdaniem nie ma sensu! \u017byjemy w bardzo dziwnych czasach, gdzie wszystko przejmuje sztuczna inteligencja, social media, kt\u00f3re tak bardzo mocno zmieniaj\u0105 nasze postrzeganie relacji mi\u0119dzyludzkich, co doprowadzi\u0142o do tego, \u017ce jest tak bardzo du\u017co samotnych ludzi na \u015bwiecie, kt\u00f3rzy zagubieni, nie potrafi\u0105 si\u0119 do tego \u015bwiata dopasowa\u0107. Mia\u0142 by\u0107 to pewnego rodzaju krzyk, nie odnosz\u0105cy si\u0119 bezpo\u015brednio do mnie osobi\u015bcie &#8211; uwa\u017cam, \u017ce sztuka (r\u00f3wnie\u017c ta o warto\u015bciach chrze\u015bcija\u0144skich) nie zawsze musi mie\u0107 puent\u0119 zwi\u0105zan\u0105 z nadziej\u0105 &#8211; tutaj by\u0142 to zabieg celowy, kt\u00f3ry ma zmusi\u0107 s\u0142uchacza do my\u015blenia i pyta\u0144 :)))) Jestem i b\u0119d\u0119 zawsze po jasnej stronie mocy &#8211; o to nie musisz si\u0119 martwic i jeszcze raz ( bardzo szczerze!) dzi\u0119kuj\u0119 Ci za Twoj\u0105 trosk\u0119! :))&#8221; &#8211; odpisa\u0142 w komentarzu Jasiek Piwowarczyk.<\/p>\n<p class=\"typography ids-typeset-body ids-typeset-body--preset-large link paragraph ids-paragraph ids-paragraph--default\">W najnowszym wpisie Rados\u0142aw Kordowski jeszcze raz odni\u00f3s\u0142 si\u0119 do ca\u0142ej sprawy, zwracaj\u0105c uwag\u0119 na \u015bwiadectwo Ja\u015bka Piwowarczyka.<\/p>\n<p class=\"typography ids-typeset-body ids-typeset-body--preset-large link paragraph ids-paragraph ids-paragraph--default\">&#8222;(&#8230;) jego \u015bwiadectwo mo\u017ce mie\u0107 du\u017co wi\u0119ksz\u0105 warto\u015b\u0107 przekazu ni\u017c ten utw\u00f3r, kt\u00f3ry ka\u017cdy rozumie w sw\u00f3j w\u0142asny spos\u00f3b. Niekt\u00f3rzy wr\u0119cz odbieraj\u0105 go jako \u017cal po rozstaniu w zwi\u0105zku, a przecie\u017c Jan wyja\u015bni\u0142, \u017ce mia\u0142 zupe\u0142nie inne przes\u0142anie, \u017ce chcia\u0142 pokaza\u0107, jaka pustka jest w \u017cyciu, gdy brakuje w nim mi\u0142o\u015bci &#8211; w chrze\u015bcija\u0144skim rozumieniu: brakuje Boga.<\/p>\n<p class=\"typography ids-typeset-body ids-typeset-body--preset-large link paragraph ids-paragraph ids-paragraph--default\">Jednak\u017ce mimo, \u017ce Jan ju\u017c wyja\u015bni\u0142, \u017ce to by\u0142 tylko mroczny zabieg artystyczny, aby wyrazi\u0107 krzyk rozpaczy, to uwa\u017cam, \u017ce lepiej jest codziennie \u015bpiewa\u0107: 'Bo\u017ce, jeste\u015b m\u0105 mi\u0142o\u015bci\u0105, jeste\u015b moj\u0105 tarcz\u0105, jeste\u015b moj\u0105 pie\u015bni\u0105&#8217;, ni\u017c \u015bpiewa\u0107: 'nie mam w sobie mi\u0142o\u015bci'&#8221; &#8211; podkre\u015bla autor bloga Inna Perspektywa Rzeczywisto\u015bci.<\/p>\n<p>&#8222;The Voice of Poland&#8221;: 27-latek za\u015bpiewa\u0142 Niemena i zachwyci\u0142 trener\u00f3w. &#8222;Mam ciarki&#8221;TVP<\/p>\n<p><a class=\"ids-undecorated-link source ids-page-info--source__link\" href=\"https:\/\/www.interia.pl\" rel=\"nofollow noopener\" target=\"_blank\"><img decoding=\"async\" class=\"ids-image-holder__img\" loading=\"lazy\" alt=\"\" title=\"\" height=\"24px\" src=\"https:\/\/www.europesays.com\/pl\/wp-content\/uploads\/2025\/12\/1764587471_22_0009A60QQ5I2TYF7-C202-F4.webp.webp\"\/><\/a><\/p>\n<p>Masz sugestie, uwagi albo widzisz b\u0142\u0105d? Napisz do nas<\/p>\n","protected":false},"excerpt":{"rendered":"Jasiek Piwowarczyk by\u0142 uznawany za faworyta 16. edycji &#8222;The Voice of Poland&#8221; ju\u017c od samego pocz\u0105tku. Podczas Przes\u0142ucha\u0144&hellip;\n","protected":false},"author":2,"featured_media":127392,"comment_status":"","ping_status":"","sticky":false,"template":"","format":"standard","meta":{"footnotes":""},"categories":[22],"tags":[122,42,38,40,39,41,123],"class_list":{"0":"post-127391","1":"post","2":"type-post","3":"status-publish","4":"format-standard","5":"has-post-thumbnail","7":"category-rozrywka","8":"tag-entertainment","9":"tag-pl","10":"tag-poland","11":"tag-polish","12":"tag-polska","13":"tag-polski","14":"tag-rozrywka"},"share_on_mastodon":{"url":"https:\/\/pubeurope.com\/@pl\/115644661105920632","error":""},"_links":{"self":[{"href":"https:\/\/www.europesays.com\/pl\/wp-json\/wp\/v2\/posts\/127391","targetHints":{"allow":["GET"]}}],"collection":[{"href":"https:\/\/www.europesays.com\/pl\/wp-json\/wp\/v2\/posts"}],"about":[{"href":"https:\/\/www.europesays.com\/pl\/wp-json\/wp\/v2\/types\/post"}],"author":[{"embeddable":true,"href":"https:\/\/www.europesays.com\/pl\/wp-json\/wp\/v2\/users\/2"}],"replies":[{"embeddable":true,"href":"https:\/\/www.europesays.com\/pl\/wp-json\/wp\/v2\/comments?post=127391"}],"version-history":[{"count":0,"href":"https:\/\/www.europesays.com\/pl\/wp-json\/wp\/v2\/posts\/127391\/revisions"}],"wp:featuredmedia":[{"embeddable":true,"href":"https:\/\/www.europesays.com\/pl\/wp-json\/wp\/v2\/media\/127392"}],"wp:attachment":[{"href":"https:\/\/www.europesays.com\/pl\/wp-json\/wp\/v2\/media?parent=127391"}],"wp:term":[{"taxonomy":"category","embeddable":true,"href":"https:\/\/www.europesays.com\/pl\/wp-json\/wp\/v2\/categories?post=127391"},{"taxonomy":"post_tag","embeddable":true,"href":"https:\/\/www.europesays.com\/pl\/wp-json\/wp\/v2\/tags?post=127391"}],"curies":[{"name":"wp","href":"https:\/\/api.w.org\/{rel}","templated":true}]}}