{"id":127411,"date":"2025-12-01T14:06:08","date_gmt":"2025-12-01T14:06:08","guid":{"rendered":"https:\/\/www.europesays.com\/pl\/127411\/"},"modified":"2025-12-01T14:06:08","modified_gmt":"2025-12-01T14:06:08","slug":"eksplozja-samochodu-w-moskwie-jest-nagranie","status":"publish","type":"post","link":"https:\/\/www.europesays.com\/pl\/127411\/","title":{"rendered":"Eksplozja samochodu w Moskwie. Jest nagranie"},"content":{"rendered":"<p class=\"ods-c-paragraph \">Po\u017car wybuch\u0142 w godzinach porannych na parkingu przed blokiem mieszkalnym w mie\u015bcie Moskowskij w nowomoskiewskim okr\u0119gu administracyjnym<a href=\"https:\/\/wiadomosci.onet.pl\/moskwa\" id=\"8bd09667-c35f-40d3-9b0a-98ec728567aa\" rel=\"nofollow noopener\" target=\"_blank\"> Moskwy.<\/a> W mediach spo\u0142eczno\u015bciowych kr\u0105\u017c\u0105 nagrania ze zdarzenia.<\/p>\n<p> Gdzie mia\u0142a miejsce eksplozja samochodu? <\/p>\n<p> Kto by\u0142 w\u0142a\u015bcicielem samochodu? <\/p>\n<p> Co by\u0142o przyczyn\u0105 wybuchu samochodu? <\/p>\n<p> Jaki instytut jest zwi\u0105zany z naukowcem? <\/p>\n<p class=\"ods-c-paragraph \">Kana\u0142 &#8222;112&#8221; na Telegramie poinformowa\u0142, \u017ce samoch\u00f3d nale\u017ca\u0142 do 41-letniego pracownika jednego z instytut\u00f3w badawczych wchodz\u0105cych w sk\u0142ad korporacji &#8222;Rostex&#8221;. Instytut ten zajmuje si\u0119 m.in. produkcj\u0105 sprz\u0119tu laserowego dla armii. Chodzi o doktora nauk fizyczno-matematycznych i specjalist\u0119 w dziedzinie elektroniki kwantowej, kt\u00f3rego nazwisko nie zosta\u0142o podane \u2014 informuje Radio Swoboda. Gazeta &#8222;Moskowskij Komsomoliec&#8221; pisze, \u017ce obecnie przebywa on w podr\u00f3\u017cy s\u0142u\u017cbowej w Azji Po\u0142udniowo-Wschodniej.<\/p>\n<p class=\"ods-c-paragraph \">Instytut Badawczy &#8222;Polius&#8221;, w kt\u00f3rym zatrudniony ma by\u0107 naukowiec, zosta\u0142 wpisany na listy sankcyjne USA i UE z powodu <a href=\"https:\/\/wiadomosci.onet.pl\/inwazja-rosji-na-ukraine-2014-\" id=\"b4f1c2d4-c9cf-4a83-8dbd-a394a0d1c990\" rel=\"nofollow noopener\" target=\"_blank\">inwazji Rosji na Ukrain\u0119.<\/a><\/p>\n<p class=\"ods-c-paragraph \">Agencja RIA Nowosti, powo\u0142uj\u0105c si\u0119 na pracownika s\u0142u\u017cb ratowniczych, pisze, \u017ce wst\u0119pn\u0105 przyczyn\u0105 wybuchu by\u0142o zwarcie podczas zdalnego uruchomienia silnika w celu rozgrzania. Jednocze\u015bnie &#8222;112&#8221; pisze, \u017ce zadzia\u0142a\u0142 \u0142adunek wybuchowy. Nie ma jeszcze oficjalnych informacji na temat przyczyn wybuchu.<\/p>\n","protected":false},"excerpt":{"rendered":"Po\u017car wybuch\u0142 w godzinach porannych na parkingu przed blokiem mieszkalnym w mie\u015bcie Moskowskij w nowomoskiewskim okr\u0119gu administracyjnym Moskwy.&hellip;\n","protected":false},"author":2,"featured_media":127412,"comment_status":"","ping_status":"","sticky":false,"template":"","format":"standard","meta":{"footnotes":""},"categories":[14],"tags":[32,33,27,76,34,35,812,28,31,48,25,46,40,41,87,47,80,29,30,415,26,82,83,84],"class_list":{"0":"post-127411","1":"post","2":"type-post","3":"status-publish","4":"format-standard","5":"has-post-thumbnail","7":"category-swiat","8":"tag-breaking-news","9":"tag-breakingnews","10":"tag-headlines","11":"tag-inwazja_rosji_na_ukraine","12":"tag-latest-news","13":"tag-latestnews","14":"tag-moskwa","15":"tag-naglowki","16":"tag-najwazniejsze-artykuly","17":"tag-nat_styl","18":"tag-news","19":"tag-omp","20":"tag-polish","21":"tag-polski","22":"tag-rosja","23":"tag-screening_general","24":"tag-swiat","25":"tag-top-stories","26":"tag-topstories","27":"tag-ukraina","28":"tag-wiadomosci","29":"tag-world","30":"tag-world-news","31":"tag-worldnews"},"share_on_mastodon":{"url":"https:\/\/pubeurope.com\/@pl\/115644700067569049","error":""},"_links":{"self":[{"href":"https:\/\/www.europesays.com\/pl\/wp-json\/wp\/v2\/posts\/127411","targetHints":{"allow":["GET"]}}],"collection":[{"href":"https:\/\/www.europesays.com\/pl\/wp-json\/wp\/v2\/posts"}],"about":[{"href":"https:\/\/www.europesays.com\/pl\/wp-json\/wp\/v2\/types\/post"}],"author":[{"embeddable":true,"href":"https:\/\/www.europesays.com\/pl\/wp-json\/wp\/v2\/users\/2"}],"replies":[{"embeddable":true,"href":"https:\/\/www.europesays.com\/pl\/wp-json\/wp\/v2\/comments?post=127411"}],"version-history":[{"count":0,"href":"https:\/\/www.europesays.com\/pl\/wp-json\/wp\/v2\/posts\/127411\/revisions"}],"wp:featuredmedia":[{"embeddable":true,"href":"https:\/\/www.europesays.com\/pl\/wp-json\/wp\/v2\/media\/127412"}],"wp:attachment":[{"href":"https:\/\/www.europesays.com\/pl\/wp-json\/wp\/v2\/media?parent=127411"}],"wp:term":[{"taxonomy":"category","embeddable":true,"href":"https:\/\/www.europesays.com\/pl\/wp-json\/wp\/v2\/categories?post=127411"},{"taxonomy":"post_tag","embeddable":true,"href":"https:\/\/www.europesays.com\/pl\/wp-json\/wp\/v2\/tags?post=127411"}],"curies":[{"name":"wp","href":"https:\/\/api.w.org\/{rel}","templated":true}]}}