{"id":127427,"date":"2025-12-01T14:14:06","date_gmt":"2025-12-01T14:14:06","guid":{"rendered":"https:\/\/www.europesays.com\/pl\/127427\/"},"modified":"2025-12-01T14:14:06","modified_gmt":"2025-12-01T14:14:06","slug":"waldemar-zurek-apeluje-w-sprawie-malzenstw-jednoplciowych-nie-mylmy-pojec","status":"publish","type":"post","link":"https:\/\/www.europesays.com\/pl\/127427\/","title":{"rendered":"Waldemar \u017burek apeluje w sprawie ma\u0142\u017ce\u0144stw jednop\u0142ciowych. &#8222;Nie mylmy poj\u0119\u0107&#8221;"},"content":{"rendered":"<p class=\"ods-c-paragraph \">Trybuna\u0142u Sprawiedliwo\u015bci Unii Europejskiej (TSUE) w ko\u0144cu listopada orzek\u0142, \u017ce pa\u0144stwo cz\u0142onkowskie <a href=\"https:\/\/wiadomosci.onet.pl\/swiat\/przelomowy-wyrok-tsue-w-sprawie-malzenstw-jednoplciowych-sprawa-dotyczy-polakow\/3e6f8k7\" id=\"bca8e041-44e0-4fd6-8685-71b876491e16\" rel=\"nofollow noopener\" target=\"_blank\">ma obowi\u0105zek uzna\u0107 ma\u0142\u017ce\u0144stwo pary tej samej p\u0142ci<\/a> zawarte legalnie w innym kraju UE, nawet je\u015bli prawo tego pa\u0144stwa nie uznaje tego typu zwi\u0105zk\u00f3w.<\/p>\n<p>Dalszy ci\u0105g artyku\u0142u pod materia\u0142em wideo<\/p>\n<p> Kto zapowiedzia\u0142 rz\u0105dowe rozmowy o ma\u0142\u017ce\u0144stwach jednop\u0142ciowych? <\/p>\n<p> Czy Polska b\u0119dzie respektowa\u0107 orzeczenie TSUE dotycz\u0105ce ma\u0142\u017ce\u0144stw jednop\u0142ciowych? <\/p>\n<p> Jakie s\u0105 plany dotycz\u0105ce wpisywania ma\u0142\u017ce\u0144stw jednop\u0142ciowych do polskich ewidencji? <\/p>\n<p> Jakie komentarze wyrazi\u0142 Mateusz Morawiecki na temat orzeczenia TSUE? <\/p>\n<p>  Waldemar \u017burek o ma\u0142\u017ce\u0144stwach jednop\u0142ciowych. &#8222;B\u0119dziemy rozmawia\u0107&#8221;<\/p>\n<p class=\"ods-c-paragraph \">W poniedzia\u0142kowej rozmowie z &#8222;Rzeczpospolit\u0105&#8221; szef MS zaapelowa\u0142, by &#8222;nie myli\u0107 poj\u0119\u0107&#8221;. \u2014 Cz\u0119\u015b\u0107 os\u00f3b ju\u017c pr\u00f3buje zbi\u0107 na tym kapita\u0142 polityczny i m\u00f3wi: &#8222;a to teraz b\u0119dziemy mieli ma\u0142\u017ce\u0144stwa jednop\u0142ciowe w Polsce zawierane&#8221;. Tak nie b\u0119dzie, bo polska konstytucja (\u2026) ochrania tylko ma\u0142\u017ce\u0144stwo m\u0119\u017cczyzny i kobiety z r\u00f3\u017cnych wzgl\u0119d\u00f3w i s\u0142usznie. Natomiast takich plan\u00f3w legislacyjnych na ten moment zupe\u0142nie nie ma \u2014 powiedzia\u0142 \u017burek.<\/p>\n<p class=\"ods-c-paragraph \">Zaznaczy\u0142 zarazem, \u017ce orzeczenie TSUE b\u0119dzie respektowane, a rozwi\u0105zania z niego wynikaj\u0105ce polega\u0107 b\u0119d\u0105 na tym, \u017ce je\u015bli kto\u015b mieszkaj\u0105cy w innym kraju UE zawar\u0142 tam legalnie ma\u0142\u017ce\u0144stwo z osob\u0105 tej samej p\u0142ci i para ta np. przeprowadza si\u0119 do Polski, to powinno to by\u0107 odnotowane w polskich ewidencjach. \u2014 I to na pewno si\u0119 stanie. B\u0119dziemy rozmawia\u0107 na rz\u0105dzie, jak to zrealizowa\u0107 \u2014 zapowiedzia\u0142 \u017burek.<\/p>\n<p class=\"ods-c-paragraph \">Poinformowa\u0142 zarazem, \u017ce pracownicy resortu sprawiedliwo\u015bci analizuj\u0105, czy w zwi\u0105zku z orzeczeniem TSUE konieczna jest zmiana przepis\u00f3w ustawy o aktach stanu cywilnego, aby m\u00f3c wpisywa\u0107 do nich takie zwi\u0105zki ma\u0142\u017ce\u0144skie.<\/p>\n<p>TSUE o legalizacji ma\u0142\u017ce\u0144stw jednop\u0142ciowych   <\/p>\n<p class=\"ods-c-paragraph \">W wyroku TSUE zaznaczy\u0142, \u017ce cho\u0107 normy dotycz\u0105ce ma\u0142\u017ce\u0144stw nale\u017c\u0105 do kompetencji pa\u0144stw cz\u0142onkowskich, to s\u0105 one jednak zobowi\u0105zane do przestrzegania prawa UE, gwarantuj\u0105cego obywatelom prawo do swobody przemieszczania si\u0119, prawo do pobytu na terytorium innych pa\u0144stw cz\u0142onkowskich i prowadzenia przez nich tam zwyk\u0142ego \u017cycia rodzinnego, w tym zawarcia zwi\u0105zku ma\u0142\u017ce\u0144skiego.<\/p>\n<p class=\"ods-c-paragraph \">Odnosz\u0105c si\u0119 do orzeczenia TSUE, b. premier Mateusz Morawiecki (PiS) oceni\u0142 w poniedzia\u0142ek, \u017ce to &#8222;bezwstydna, bezczelna ingerencja w porz\u0105dek prawny, porz\u0105dek prawa rodzinnego pa\u0144stw cz\u0142onkowskich UE&#8221; i \u2014 jak m\u00f3wi\u0142 \u2014 nie mo\u017ce by\u0107 absolutnie na to naszej zgody, Polska nie mo\u017ce by\u0107 marionetk\u0105 w r\u0119ku s\u0119dzi\u00f3w TSUE.<\/p>\n<p class=\"ods-c-paragraph \">W minionym tygodniu premier Donald Tusk poprosi\u0142 szefa MSZ Rados\u0142awa Sikorskiego o przygotowanie informacji na temat konsekwencji orzeczenia TSUE w sprawie uznawania ma\u0142\u017ce\u0144stw jednop\u0142ciowych. Doda\u0142, \u017ce temat ten nie tylko w Polsce wywo\u0142uje wiele emocji, wi\u0119c chce uspokoi\u0107, \u017ce nikt niczego nie b\u0119dzie nam w tej sprawie narzuca\u0142.<\/p>\n","protected":false},"excerpt":{"rendered":"Trybuna\u0142u Sprawiedliwo\u015bci Unii Europejskiej (TSUE) w ko\u0144cu listopada orzek\u0142, \u017ce pa\u0144stwo cz\u0142onkowskie ma obowi\u0105zek uzna\u0107 ma\u0142\u017ce\u0144stwo pary tej&hellip;\n","protected":false},"author":2,"featured_media":127428,"comment_status":"","ping_status":"","sticky":false,"template":"","format":"standard","meta":{"footnotes":""},"categories":[12],"tags":[32,33,36,37,27,49,34,35,6330,26976,28,31,48,25,46,42,38,40,39,41,47,29,30,8652,793,26],"class_list":{"0":"post-127427","1":"post","2":"type-post","3":"status-publish","4":"format-standard","5":"has-post-thumbnail","7":"category-polska","8":"tag-breaking-news","9":"tag-breakingnews","10":"tag-featured-news","11":"tag-featurednews","12":"tag-headlines","13":"tag-kraj","14":"tag-latest-news","15":"tag-latestnews","16":"tag-lgbt","17":"tag-malzenstwa_tej_samej_plci","18":"tag-naglowki","19":"tag-najwazniejsze-artykuly","20":"tag-nat_styl","21":"tag-news","22":"tag-omp","23":"tag-pl","24":"tag-poland","25":"tag-polish","26":"tag-polska","27":"tag-polski","28":"tag-screening_general","29":"tag-top-stories","30":"tag-topstories","31":"tag-tsue","32":"tag-waldemar_zurek","33":"tag-wiadomosci"},"share_on_mastodon":{"url":"https:\/\/pubeurope.com\/@pl\/115644731660853587","error":""},"_links":{"self":[{"href":"https:\/\/www.europesays.com\/pl\/wp-json\/wp\/v2\/posts\/127427","targetHints":{"allow":["GET"]}}],"collection":[{"href":"https:\/\/www.europesays.com\/pl\/wp-json\/wp\/v2\/posts"}],"about":[{"href":"https:\/\/www.europesays.com\/pl\/wp-json\/wp\/v2\/types\/post"}],"author":[{"embeddable":true,"href":"https:\/\/www.europesays.com\/pl\/wp-json\/wp\/v2\/users\/2"}],"replies":[{"embeddable":true,"href":"https:\/\/www.europesays.com\/pl\/wp-json\/wp\/v2\/comments?post=127427"}],"version-history":[{"count":0,"href":"https:\/\/www.europesays.com\/pl\/wp-json\/wp\/v2\/posts\/127427\/revisions"}],"wp:featuredmedia":[{"embeddable":true,"href":"https:\/\/www.europesays.com\/pl\/wp-json\/wp\/v2\/media\/127428"}],"wp:attachment":[{"href":"https:\/\/www.europesays.com\/pl\/wp-json\/wp\/v2\/media?parent=127427"}],"wp:term":[{"taxonomy":"category","embeddable":true,"href":"https:\/\/www.europesays.com\/pl\/wp-json\/wp\/v2\/categories?post=127427"},{"taxonomy":"post_tag","embeddable":true,"href":"https:\/\/www.europesays.com\/pl\/wp-json\/wp\/v2\/tags?post=127427"}],"curies":[{"name":"wp","href":"https:\/\/api.w.org\/{rel}","templated":true}]}}