{"id":127431,"date":"2025-12-01T14:16:13","date_gmt":"2025-12-01T14:16:13","guid":{"rendered":"https:\/\/www.europesays.com\/pl\/127431\/"},"modified":"2025-12-01T14:16:13","modified_gmt":"2025-12-01T14:16:13","slug":"kibice-grozili-mu-smiercia-jest-ciag-dalszy-skandalu","status":"publish","type":"post","link":"https:\/\/www.europesays.com\/pl\/127431\/","title":{"rendered":"Kibice grozili mu \u015bmierci\u0105. Jest ci\u0105g dalszy skandalu"},"content":{"rendered":"\n<p class=\"contentpart contentpart--default contentpart--text\" data-position=\"0\"><a href=\"https:\/\/sportowefakty.wp.pl\/formula-1\/kimi-antonelli\" rel=\"nofollow noopener\" target=\"_blank\">Andrea Kimi Antonelli<\/a>\u00a0pope\u0142ni\u0142 b\u0142\u0105d na przedostatnim okr\u0105\u017ceniu <a href=\"https:\/\/sportowefakty.wp.pl\/formula-1\/gp-kataru\" rel=\"nofollow noopener\" target=\"_blank\">GP Kataru<\/a>, kt\u00f3ry pozwoli\u0142 <a href=\"https:\/\/sportowefakty.wp.pl\/formula-1\/lando-norris\" rel=\"nofollow noopener\" target=\"_blank\">Lando Norrisowi<\/a>\u00a0wyprzedzi\u0107 W\u0142ocha i zaj\u0105\u0107 czwarte miejsce. Zyskanie jednej pozycji przez kierowc\u0119 <a href=\"https:\/\/sportowefakty.wp.pl\/wyscigi-samochodowe\/mclaren-honda\" rel=\"nofollow noopener\" target=\"_blank\">McLarena<\/a>\u00a0oznacza, \u017ce przyst\u0105pi on do <a href=\"https:\/\/sportowefakty.wp.pl\/wyscigi-samochodowe\/gp-abu-zabi\" rel=\"nofollow noopener\" target=\"_blank\">GP Abu Zabi<\/a>\u00a0z przewag\u0105 12 punkt\u00f3w nad <a href=\"https:\/\/sportowefakty.wp.pl\/wyscigi-samochodowe\/max-verstappen\" rel=\"nofollow noopener\" target=\"_blank\">Maxem Verstappenem<\/a>. W ten spos\u00f3b Brytyjczyk zyska\u0142 dwa &#8222;oczka&#8221;, kt\u00f3re mog\u0105 okaza\u0107 si\u0119 kluczowe w kontek\u015bcie walki o tytu\u0142 w <a href=\"https:\/\/sportowefakty.wp.pl\/formula-1\" rel=\"nofollow noopener\" target=\"_blank\">Formule 1<\/a>.<\/p>\n<p class=\"contentpart contentpart--default contentpart--text\" data-position=\"1\"><a href=\"https:\/\/sportowefakty.wp.pl\/formula-1\/1222601\/afera-w-f1-celowo-przepuscil-rywala-by-pomoc-mu-w-walce-o-tytul\" rel=\"nofollow noopener\" target=\"_blank\">W padoku F1 od razu pojawi\u0142y si\u0119 insynuacje, \u017ce Antonelli celowo przepu\u015bci\u0142 Norrisa, aby pom\u00f3c mu w walce o tytu\u0142<\/a>. &#8211; Praktycznie dwukrotnie pomacha\u0142 Lando, aby da\u0107 mu znak, \u017ce go przepuszcza. To by\u0142o tak oczywiste. Antonelli teraz pomaga naszemu g\u0142\u00f3wnemu rywalowi, a w Austrii wjecha\u0142 w ty\u0142 bolidu Verstappena &#8211; powiedzia\u0142 motorsport.com <a href=\"https:\/\/sportowefakty.wp.pl\/wyscigi-samochodowe\/helmut-marko\" rel=\"nofollow noopener\" target=\"_blank\">Helmut Marko<\/a>, doradca Red Bulla ds. motorsportu.<\/p>\n<p> <img role=\"presentation\" src=\"https:\/\/std.wpcdn.pl\/images\/adv\/placeholder_wp.svg\" loading=\"lazy\" alt=\"\" decoding=\"async\"\/>  <\/p>\n<p class=\"contentpart contentpart--default contentpart--text\" data-position=\"2\">ZOBACZ WIDEO: &#8222;Bez z\u0142ota nie b\u0119dzie \u0142adnie\u201d. Co przyniesie wsp\u00f3\u0142praca Rusko z Protasiewiczem?<\/p>\n<p class=\"contentpart contentpart--default contentpart--text\" data-position=\"4\">Incydent z udzia\u0142em Antonellego i Norrisa sprawi\u0142, \u017ce kibice Verstappena ruszyli z atakiem na 19-latka. W mediach spo\u0142eczno\u015bciowych m\u0142odego W\u0142ocha zaroi\u0142o si\u0119 od negatywnych komentarzy. W niekt\u00f3rych z nich fani grozili nawet \u015bmierci\u0105 kierowcy <a href=\"https:\/\/sportowefakty.wp.pl\/wyscigi-samochodowe\/mercedes-amg-petronas-formula-one-team\" rel=\"nofollow noopener\" target=\"_blank\">Mercedesa<\/a>. W efekcie Antonelli postanowi\u0142 zmieni\u0107 zdj\u0119cie profilowe na czarne.<\/p>\n<p class=\"contentpart contentpart--default contentpart--text\" data-position=\"5\">Jak ustali\u0142 portal racingnews365.com, narz\u0119dzia do moderacji medi\u00f3w spo\u0142eczno\u015bciowych Mercedesa wy\u0142apa\u0142y ponad 1,1 tys. gro\u017anych lub podejrzanych komentarzy na koncie Antonellego. Dodatkowo na profilach niemieckiej ekipy oznaczono ponad 330 powa\u017cnych komentarzy, w kt\u00f3rych nie brakowa\u0142o hejtu w stron\u0119 W\u0142ocha.<\/p>\n<p class=\"contentpart contentpart--default contentpart--text\" data-position=\"6\">Mercedes postanowi\u0142 nie przygl\u0105da\u0107 si\u0119 biernie sprawie. Zesp\u00f3\u0142 zamierza przekaza\u0107 swoje ustalenia w tej sprawie do <a href=\"https:\/\/sportowefakty.wp.pl\/moto\/fia\" rel=\"nofollow noopener\" target=\"_blank\">FIA<\/a>, kt\u00f3ra od wielu miesi\u0119cy prowadzi kampani\u0119 &#8222;United Against Online Abuse&#8221; (&#8222;Razem przeciwko atakom w internecie&#8221;). Niewykluczone, \u017ce Marko b\u0119dzie musia\u0142 t\u0142umaczy\u0107 si\u0119 ze swojej wypowiedzi i insynuacji pod adresem m\u0142odego kierowcy.<\/p>\n<p> <img role=\"presentation\" src=\"https:\/\/std.wpcdn.pl\/images\/adv\/placeholder_wp.svg\" loading=\"lazy\" alt=\"\" decoding=\"async\"\/>  <\/p>\n<p class=\"contentpart contentpart--default contentpart--text\" data-position=\"7\">Tymczasem <a href=\"https:\/\/sportowefakty.wp.pl\/wyscigi-samochodowe\/infiniti-red-bull-racing\" rel=\"nofollow noopener\" target=\"_blank\">Red Bull Racing<\/a>\u00a0w poniedzia\u0142ek wyda\u0142 o\u015bwiadczenie, w kt\u00f3rym pot\u0119pi\u0142 sugestie dotycz\u0105ce rzekomej pomocy Norrisowi ze strony Antonellego. &#8222;Komentarze wyg\u0142oszone pod koniec GP Kataru i bezpo\u015brednio po jego zako\u0144czeniu, sugeruj\u0105ce, \u017ce kierowca Mercedesa celowo pozwoli\u0142 si\u0119 wyprzedzi\u0107 Lando Norrisowi, s\u0105 ewidentnie nieprawdziwe&#8221; &#8211; czytamy w komunikacie.<\/p>\n<p class=\"contentpart contentpart--default contentpart--text\" data-position=\"8\">&#8222;Powt\u00f3rka pokaza\u0142a, jak Antonelli na chwil\u0119 traci panowanie nad bolidem, co pozwala Norrisowi go wyprzedzi\u0107. Szczerze \u017ca\u0142ujemy, \u017ce Kimi sta\u0142 si\u0119 obiektem atak\u00f3w w internecie&#8221; &#8211; dodano.<\/p>\n","protected":false},"excerpt":{"rendered":"Andrea Kimi Antonelli\u00a0pope\u0142ni\u0142 b\u0142\u0105d na przedostatnim okr\u0105\u017ceniu GP Kataru, kt\u00f3ry pozwoli\u0142 Lando Norrisowi\u00a0wyprzedzi\u0107 W\u0142ocha i zaj\u0105\u0107 czwarte miejsce.&hellip;\n","protected":false},"author":2,"featured_media":127432,"comment_status":"","ping_status":"","sticky":false,"template":"","format":"standard","meta":{"footnotes":""},"categories":[24],"tags":[26977,16472,2901,2899,2897,2898,6880,42,38,40,39,41,2896,127,126,750,2902],"class_list":{"0":"post-127431","1":"post","2":"type-post","3":"status-publish","4":"format-standard","5":"has-post-thumbnail","7":"category-sport","8":"tag-andrea-kimi-antonelli","9":"tag-fia","10":"tag-formula-1","11":"tag-lando-norris","12":"tag-max-verstappen","13":"tag-mclaren","14":"tag-mercedes","15":"tag-pl","16":"tag-poland","17":"tag-polish","18":"tag-polska","19":"tag-polski","20":"tag-red-bull-racing","21":"tag-sport","22":"tag-sports","23":"tag-sporty-motorowe","24":"tag-wyscigi-samochodowe"},"share_on_mastodon":{"url":"https:\/\/pubeurope.com\/@pl\/115644739650854525","error":""},"_links":{"self":[{"href":"https:\/\/www.europesays.com\/pl\/wp-json\/wp\/v2\/posts\/127431","targetHints":{"allow":["GET"]}}],"collection":[{"href":"https:\/\/www.europesays.com\/pl\/wp-json\/wp\/v2\/posts"}],"about":[{"href":"https:\/\/www.europesays.com\/pl\/wp-json\/wp\/v2\/types\/post"}],"author":[{"embeddable":true,"href":"https:\/\/www.europesays.com\/pl\/wp-json\/wp\/v2\/users\/2"}],"replies":[{"embeddable":true,"href":"https:\/\/www.europesays.com\/pl\/wp-json\/wp\/v2\/comments?post=127431"}],"version-history":[{"count":0,"href":"https:\/\/www.europesays.com\/pl\/wp-json\/wp\/v2\/posts\/127431\/revisions"}],"wp:featuredmedia":[{"embeddable":true,"href":"https:\/\/www.europesays.com\/pl\/wp-json\/wp\/v2\/media\/127432"}],"wp:attachment":[{"href":"https:\/\/www.europesays.com\/pl\/wp-json\/wp\/v2\/media?parent=127431"}],"wp:term":[{"taxonomy":"category","embeddable":true,"href":"https:\/\/www.europesays.com\/pl\/wp-json\/wp\/v2\/categories?post=127431"},{"taxonomy":"post_tag","embeddable":true,"href":"https:\/\/www.europesays.com\/pl\/wp-json\/wp\/v2\/tags?post=127431"}],"curies":[{"name":"wp","href":"https:\/\/api.w.org\/{rel}","templated":true}]}}