{"id":127483,"date":"2025-12-01T14:43:09","date_gmt":"2025-12-01T14:43:09","guid":{"rendered":"https:\/\/www.europesays.com\/pl\/127483\/"},"modified":"2025-12-01T14:43:09","modified_gmt":"2025-12-01T14:43:09","slug":"pawel-kowal-o-negocjacjach-w-sprawie-pokoju-w-ukrainie-ruski-ma-taki-stary-plik-2","status":"publish","type":"post","link":"https:\/\/www.europesays.com\/pl\/127483\/","title":{"rendered":"Pawe\u0142 Kowal o negocjacjach w sprawie pokoju w Ukrainie. &#8222;Ruski ma taki stary plik&#8221;"},"content":{"rendered":"<p class=\"ods-c-paragraph \">Kowal nawi\u0105zuje do burzy wok\u00f3\u0142 planu pokojowego dla Ukrainy. <a href=\"https:\/\/wiadomosci.onet.pl\/swiat\/kulisy-tworzenia-planu-pokojowego-dla-ukrainy-wsj-projekt-zaognil-relacje\/8y2bbp6\" id=\"a1b3d54c-f107-467e-864f-c8c25b2158b8\" rel=\"nofollow noopener\" target=\"_blank\">&#8222;Wall Street Journal&#8221; informowa\u0142 w ubieg\u0142ym tygodniu, \u017ce na projekt ameryka\u0144skiej propozycji wp\u0142yn\u0105\u0142 wys\u0142annik Kremla Kiri\u0142 Dmitrijew<\/a>.<\/p>\n<p class=\"ods-c-paragraph \">\u2014 Ruskiego nie da si\u0119 zadowoli\u0107, trzeba go zatrzyma\u0107 si\u0142\u0105. Zatrzyma\u0107 si\u0142\u0105 mo\u017ce oznacza\u0107 dwie rzeczy: zatrzyma\u0107 naprawd\u0119 albo wiarygodnie mu zagrozi\u0107 \u2014 m\u00f3wi dalej pose\u0142 KO. Podkre\u015bla, \u017ce trzeba si\u0119 zbroi\u0107 i dostosowywa\u0107 do nowych metod walki, czyli do m.in. wojny dronowej.<\/p>\n<p>Dalszy ci\u0105g artyku\u0142u pod materia\u0142em wideo<\/p>\n<p> Co pose\u0142 Kowal m\u00f3wi o Rosji? <\/p>\n<p> Jakie propozycje zimowe przedstawi\u0142 Rosjanin? <\/p>\n<p> Jakie s\u0105 metody Rosji w propagandzie? <\/p>\n<p> Co to jest '\u015bciana dronowa&#8217;? <\/p>\n<p>  Pose\u0142 KO przypomina s\u0142owa dow\u00f3dcy wojsk NATO. Polska potrzebuje &#8222;\u015bciany dronowej&#8221;<\/p>\n<p class=\"ods-c-paragraph \">\u2014 Ruski jest biedny, bo boi si\u0119, \u017ce kto\u015b mu odetnie finansowanie przez energetyk\u0119, wi\u0119c szuka taniej wojny. To jest propaganda, chce przerobi\u0107 nasze m\u00f3zgi. Oni s\u0105 w tym naprawd\u0119 nie\u017ali. Druga noga to s\u0105 drony \u2014 dodaje pose\u0142.<\/p>\n<p class=\"ods-c-paragraph \">Wed\u0142ug polityka Rosjanie b\u0119d\u0105 testowa\u0107 Polsk\u0119 tak jak w nocy z 9 na 10 wrze\u015bnia br., gdy w nasz\u0105 przestrze\u0144 powietrzn\u0105 wlecia\u0142o kilkadziesi\u0105t bezza\u0142ogowc\u00f3w.<\/p>\n<p class=\"ods-c-paragraph \">\u2014 Nie wiem, czy pani pami\u0119ta taki <a href=\"https:\/\/wiadomosci.onet.pl\/swiat\/przygotowania-w-toku-ponura-prognoza-generala-z-usa-mamy-18-miesiecy\/ftnb0bb\" id=\"cda2d80f-3e4e-4188-8d72-91873154b330\" rel=\"nofollow noopener\" target=\"_blank\">moment, kiedy gen. Grynkewich, g\u0142\u00f3wnodowodz\u0105cy wojsk NATO w Europie, powiedzia\u0142, \u017ce zosta\u0142y dwa, trzy lata, a\u017c Rosjanie zaatakuj\u0105<\/a>. Podobne rzeczy m\u00f3wi\u0105 szefowie wywiad\u00f3w zachodnich \u2014 m\u00f3wi Kowal.<\/p>\n<p class=\"ods-c-paragraph \">W zwi\u0105zku z tym zwraca uwag\u0119 na piln\u0105 potrzeb\u0119 budowy tzw. \u015bciany dronowej, kt\u00f3ra skutecznie powstrzyma potencjalny masowy atak z u\u017cyciem dron\u00f3w. <\/p>\n<p class=\"ods-c-paragraph \">\u2014 Nasze politechniki i firmy, jak dostan\u0105 dodatkowe pieni\u0105dze, <a href=\"https:\/\/wiadomosci.onet.pl\/kraj\/donald-tusk-zabral-glos-przed-posiedzeniem-rzadu-to-jest-chwila-wagi-wyjatkowej\/gx42grx\" id=\"47132e79-6718-4c5d-8e75-53da67f78a88\" rel=\"nofollow noopener\" target=\"_blank\">kt\u00f3re rz\u0105d ogarn\u0105\u0142 w ramach programu SAFE<\/a>, to [\u015bcian\u0119 dronow\u0105] si\u0119 uruchomi. Bardziej si\u0119 boj\u0119 o nasze g\u0142owy, o polskie my\u015blenie, \u017ce kto\u015b zasieje konflikt polsko-ukrai\u0144ski \u2014 stwierdza dalej polityk.<\/p>\n<p>Kowal: trzeba zabroni\u0107 putinizmu w Polsce<\/p>\n<p class=\"ods-c-paragraph \">\u2014 To, co jest naszym g\u0142\u00f3wnym zadaniem, to zabroni\u0107 putinizmu w Polsce, zabroni\u0107 rozpowszechniania ideologii, kt\u00f3re s\u0105 zwi\u0105zane z putinizmem. Nauczy\u0107 ka\u017cdego, \u017ce w sprawach bezpiecze\u0144stwa ogl\u0105dasz si\u0119 na komunikaty oficjalnych instytucji rz\u0105dowych \u2014 zaznacza dalej.<\/p>\n<p class=\"ods-c-paragraph \">Kowal uwa\u017ca r\u00f3wnie\u017c, \u017ce w obecnej sytuacji &#8222;trzeba wi\u0119cej aktywno\u015bci prezydenta&#8221; Karola Nawrockiego.<\/p>\n<p class=\"ods-c-paragraph \">\u2014 Prezydent z jednej strony dobija si\u0119 nie wiadomo, o co i zaczyna rzeczywi\u015bcie wprowadza\u0107 chaos legislacyjny, a akurat w Stanach m\u00f3g\u0142by du\u017co zrobi\u0107 \u2014 podkre\u015bla.<\/p>\n","protected":false},"excerpt":{"rendered":"Kowal nawi\u0105zuje do burzy wok\u00f3\u0142 planu pokojowego dla Ukrainy. &#8222;Wall Street Journal&#8221; informowa\u0142 w ubieg\u0142ym tygodniu, \u017ce na&hellip;\n","protected":false},"author":2,"featured_media":127484,"comment_status":"","ping_status":"","sticky":false,"template":"","format":"standard","meta":{"footnotes":""},"categories":[5],"tags":[12913,32,33,2056,44,144,36,37,27,76,34,35,28,31,48,25,46,16332,42,13037,38,40,39,41,87,47,80,29,30,415,71,26,408],"class_list":{"0":"post-127483","1":"post","2":"type-post","3":"status-publish","4":"format-standard","5":"has-post-thumbnail","7":"category-naglowki","8":"tag-_onet_rano_","9":"tag-breaking-news","10":"tag-breakingnews","11":"tag-dezinformacja_fake_news","12":"tag-donald_trump","13":"tag-drony","14":"tag-featured-news","15":"tag-featurednews","16":"tag-headlines","17":"tag-inwazja_rosji_na_ukraine","18":"tag-latest-news","19":"tag-latestnews","20":"tag-naglowki","21":"tag-najwazniejsze-artykuly","22":"tag-nat_styl","23":"tag-news","24":"tag-omp","25":"tag-pawel_kowal","26":"tag-pl","27":"tag-plan_pokojowy","28":"tag-poland","29":"tag-polish","30":"tag-polska","31":"tag-polski","32":"tag-rosja","33":"tag-screening_general","34":"tag-swiat","35":"tag-top-stories","36":"tag-topstories","37":"tag-ukraina","38":"tag-usa","39":"tag-wiadomosci","40":"tag-wladimir_putin"},"share_on_mastodon":{"url":"https:\/\/pubeurope.com\/@pl\/115644845877428525","error":""},"_links":{"self":[{"href":"https:\/\/www.europesays.com\/pl\/wp-json\/wp\/v2\/posts\/127483","targetHints":{"allow":["GET"]}}],"collection":[{"href":"https:\/\/www.europesays.com\/pl\/wp-json\/wp\/v2\/posts"}],"about":[{"href":"https:\/\/www.europesays.com\/pl\/wp-json\/wp\/v2\/types\/post"}],"author":[{"embeddable":true,"href":"https:\/\/www.europesays.com\/pl\/wp-json\/wp\/v2\/users\/2"}],"replies":[{"embeddable":true,"href":"https:\/\/www.europesays.com\/pl\/wp-json\/wp\/v2\/comments?post=127483"}],"version-history":[{"count":0,"href":"https:\/\/www.europesays.com\/pl\/wp-json\/wp\/v2\/posts\/127483\/revisions"}],"wp:featuredmedia":[{"embeddable":true,"href":"https:\/\/www.europesays.com\/pl\/wp-json\/wp\/v2\/media\/127484"}],"wp:attachment":[{"href":"https:\/\/www.europesays.com\/pl\/wp-json\/wp\/v2\/media?parent=127483"}],"wp:term":[{"taxonomy":"category","embeddable":true,"href":"https:\/\/www.europesays.com\/pl\/wp-json\/wp\/v2\/categories?post=127483"},{"taxonomy":"post_tag","embeddable":true,"href":"https:\/\/www.europesays.com\/pl\/wp-json\/wp\/v2\/tags?post=127483"}],"curies":[{"name":"wp","href":"https:\/\/api.w.org\/{rel}","templated":true}]}}