{"id":127503,"date":"2025-12-01T14:53:12","date_gmt":"2025-12-01T14:53:12","guid":{"rendered":"https:\/\/www.europesays.com\/pl\/127503\/"},"modified":"2025-12-01T14:53:12","modified_gmt":"2025-12-01T14:53:12","slug":"iphone-air-z-rabatem-6-a-gdzie-indziej-o-nawet-27","status":"publish","type":"post","link":"https:\/\/www.europesays.com\/pl\/127503\/","title":{"rendered":"iPhone Air z rabatem -6%, a gdzie indziej o nawet 27%"},"content":{"rendered":"<p class=\"lead\">Jak to w niedziele zwykle bywa, Orange obni\u017ca ceny wybranych smartfon\u00f3w, cz\u0119sto ameryka\u0144skiego Apple\u2019a. Tym razem wyb\u00f3r pad\u0142 na model iPhone Air 256 GB, kt\u00f3ry jest ta\u0144szy o 344 z\u0142. Czy to dobra oferta i czy warto z niej dzi\u015b skorzysta\u0107?<\/p>\n<p>Je\u015bli nie dzi\u015b, to kiedy? Nasz <a href=\"https:\/\/www.gsmmaniak.pl\/1605169\/iphone-air-test\/\" rel=\"noopener nofollow\" target=\"_blank\">iPhone Air<\/a> b\u0119dzie jutro dro\u017cszy o niemal 350 z\u0142otych, warto wi\u0119c zam\u00f3wi\u0107 go online na orange.pl jeszcze przed p\u00f3\u0142noc\u0105. S\u0119k w tym, \u017ce lepiej to zrobi\u0107 w wielu innych sklepach \u2013 i niekoniecznie musi to by\u0107 dzisiaj.<\/p>\n<p>Promocja iPhone Air<\/p>\n<p>Pomara\u0144czowy operator obni\u017ca cen\u0119 iPhone\u2019a Air z pami\u0119ci\u0105 256 GB z 5643 na <a href=\"https:\/\/clk.tradedoubler.com\/click?p=51374&amp;a=1519650&amp;epi=link&amp;url=https%3A%2F%2Fwww.orange.pl%2Fesklep%2Fsmartfony%2Fapple%2Fiphone-air-256gb-5g\" rel=\"nofollow noopener\" target=\"_blank\">5299 z\u0142otych<\/a>. Wysoko\u015b\u0107 rabatu wynosi wi\u0119c 344 z\u0142 (-6,1%), a iPhone Air sprzedawany jest bez abonamentu. Kupujesz sam telefon na 36 rat 0%. Wszystko super? Nie do ko\u0144ca.<\/p>\n<p><a href=\"https:\/\/www.europesays.com\/pl\/wp-content\/uploads\/2025\/12\/orange-iphone-air.jpg\" rel=\"lightbox-post4\" title=\"Galeria dla orange-iphone-air\"><img loading=\"lazy\" decoding=\"async\" aria-describedby=\"caption-attachment-1617405\" class=\"size-full wp-image-1617405\" src=\"https:\/\/www.europesays.com\/pl\/wp-content\/uploads\/2025\/12\/orange-iphone-air.jpg\" alt=\"iPhone Air\" width=\"340\" height=\"594\" itemprop=\"image\" \/><\/a><\/p>\n<p id=\"caption-attachment-1617405\" class=\"wp-caption-text\">iPhone Air \/ fot. Orange<\/p>\n<p>Dlaczego? Wszystko przez cen\u0119. Co prawda Orange Polska obni\u017ca cen\u0119 iPhone\u2019a o ponad 6%, ale i tak w wielu innych sklepach internetowych znajdziesz go w o wiele lepszej kwocie. Wystarczy szybko zerkn\u0105\u0107 na baz\u0119 Ceneo.pl, aby przekona\u0107 si\u0119, \u017ce ten sam iPhone Air 256 GB 5G mo\u017ce by\u0107 przez Ciebie kupiony za <a href=\"https:\/\/www.ceneo.pl\/180558424#pid=525\" rel=\"nofollow noopener\" target=\"_blank\">~4113 z\u0142otych<\/a>. To o a\u017c 27% taniej ni\u017c standardowa cena w Orange.<\/p>\n<p>Do wyboru masz wi\u0119c niepor\u00f3wnywalnie ni\u017csze ceny tego samego modelu Apple iPhone, w dodatku nie jeste\u015b ograniczony kr\u00f3tkoterminow\u0105 promocj\u0105 tylko do dzisiaj. Ba, mo\u017cna zak\u0142ada\u0107, \u017ce iPhone Air 256 GB b\u0119dzie z biegiem czasu coraz to ta\u0144szy, cho\u0107 akurat w przypadku iPhone\u2019\u00f3w nie ma co liczy\u0107 na szybkie i mocne spadki cen.<\/p>\n<p><img loading=\"lazy\" decoding=\"async\" aria-describedby=\"caption-attachment-1605280\" class=\"size-medium wp-image-1605280\" src=\"https:\/\/www.europesays.com\/pl\/wp-content\/uploads\/2025\/12\/IMG_20251006_171210_edit_125797785253721-scaled-medium.jpg\" alt=\"\" width=\"500\" height=\"375\"   \/><\/p>\n<p id=\"caption-attachment-1605280\" class=\"wp-caption-text\">Apple iPhone Air \/ fot. Pawe\u0142 Gajkowski, gsmManiaK.pl<\/p>\n<p>Sam iPhone Air oferuje ca\u0142kiem sporo, ale nie jest wolny od wad. Opr\u00f3cz bardzo w\u0105skiej obudowy i 256 GB wbudowanej pami\u0119ci dostaniesz te\u017c m.in. procesor Apple A19 Pro (3 nm) 4,26 GHz i 12 GB RAM. Do dyspozycji otrzymasz \u015bwietny ekran dotykowy LTPO Super Retina 120 Hz o przek\u0105tnej 6,50\u2033 i \u2013 co ciekawe \u2013 pojedyncze aparaty. Z przodu jest to sensor 18 MP, z ty\u0142u za\u015b 48 MP z OIS.<\/p>\n<p>Py\u0142o i wodoszczelna obudowa IP68 skrywa te\u017c do\u015b\u0107 skromn\u0105 bateri\u0119 o pojemno\u015bci ~3150 mAh obs\u0142uguj\u0105c\u0105 zar\u00f3wno indukcj\u0119, jak i \u0142adowanie zwrotne. Mo\u017cesz te\u017c liczy\u0107 na preinstalowanego iOS-a 26.<\/p>\n<p>\u0179r\u00f3d\u0142o: <a href=\"https:\/\/clk.tradedoubler.com\/click?p=51374&amp;a=1519650&amp;epi=link&amp;url=https%3A%2F%2Fwww.orange.pl%2Fesklep%2Fsmartfony%2Fapple%2Fiphone-air-256gb-5g\" rel=\"nofollow noopener\" target=\"_blank\">Orange Polska<\/a>, <a href=\"https:\/\/www.ceneo.pl\/180558424#pid=525\" rel=\"nofollow noopener\" target=\"_blank\">Ceneo.pl<\/a>, opracowanie w\u0142asne<\/p>\n","protected":false},"excerpt":{"rendered":"Jak to w niedziele zwykle bywa, Orange obni\u017ca ceny wybranych smartfon\u00f3w, cz\u0119sto ameryka\u0144skiego Apple\u2019a. Tym razem wyb\u00f3r pad\u0142&hellip;\n","protected":false},"author":2,"featured_media":127504,"comment_status":"","ping_status":"","sticky":false,"template":"","format":"standard","meta":{"footnotes":""},"categories":[20],"tags":[3679,26985,26984,26983,16735,26981,26986,26982,120,118,119,26988,17410,26987,6725,6724,6723,13068,42,38,40,39,41,116,114,115,121,117],"class_list":{"0":"post-127503","1":"post","2":"type-post","3":"status-publish","4":"format-standard","5":"has-post-thumbnail","7":"category-nauka-i-technika","8":"tag-iphone-air","9":"tag-iphone-air-bez-abonamentu","10":"tag-iphone-air-bez-umowy","11":"tag-iphone-air-na-raty","12":"tag-iphone-air-promocja","13":"tag-iphone-air-rabat","14":"tag-iphone-air-tanio","15":"tag-iphone-air-wyprzedaz","16":"tag-nauka","17":"tag-nauka-i-technika","18":"tag-naukatechnika","19":"tag-orang-bez-abonamentu","20":"tag-orange-bez-umowy","21":"tag-orange-iphone-air","22":"tag-orange-na-raty","23":"tag-orange-promocja","24":"tag-orange-rabat","25":"tag-orange-wyprzedaz","26":"tag-pl","27":"tag-poland","28":"tag-polish","29":"tag-polska","30":"tag-polski","31":"tag-science","32":"tag-science-and-technology","33":"tag-sciencetechnology","34":"tag-technika","35":"tag-technology"},"share_on_mastodon":{"url":"https:\/\/pubeurope.com\/@pl\/115644884866602978","error":""},"_links":{"self":[{"href":"https:\/\/www.europesays.com\/pl\/wp-json\/wp\/v2\/posts\/127503","targetHints":{"allow":["GET"]}}],"collection":[{"href":"https:\/\/www.europesays.com\/pl\/wp-json\/wp\/v2\/posts"}],"about":[{"href":"https:\/\/www.europesays.com\/pl\/wp-json\/wp\/v2\/types\/post"}],"author":[{"embeddable":true,"href":"https:\/\/www.europesays.com\/pl\/wp-json\/wp\/v2\/users\/2"}],"replies":[{"embeddable":true,"href":"https:\/\/www.europesays.com\/pl\/wp-json\/wp\/v2\/comments?post=127503"}],"version-history":[{"count":0,"href":"https:\/\/www.europesays.com\/pl\/wp-json\/wp\/v2\/posts\/127503\/revisions"}],"wp:featuredmedia":[{"embeddable":true,"href":"https:\/\/www.europesays.com\/pl\/wp-json\/wp\/v2\/media\/127504"}],"wp:attachment":[{"href":"https:\/\/www.europesays.com\/pl\/wp-json\/wp\/v2\/media?parent=127503"}],"wp:term":[{"taxonomy":"category","embeddable":true,"href":"https:\/\/www.europesays.com\/pl\/wp-json\/wp\/v2\/categories?post=127503"},{"taxonomy":"post_tag","embeddable":true,"href":"https:\/\/www.europesays.com\/pl\/wp-json\/wp\/v2\/tags?post=127503"}],"curies":[{"name":"wp","href":"https:\/\/api.w.org\/{rel}","templated":true}]}}