{"id":127505,"date":"2025-12-01T14:56:08","date_gmt":"2025-12-01T14:56:08","guid":{"rendered":"https:\/\/www.europesays.com\/pl\/127505\/"},"modified":"2025-12-01T14:56:08","modified_gmt":"2025-12-01T14:56:08","slug":"przeciek-z-rozmow-pokojowych-na-florydzie-jeden-punkt-tylko-na-papierze","status":"publish","type":"post","link":"https:\/\/www.europesays.com\/pl\/127505\/","title":{"rendered":"Przeciek z rozm\u00f3w pokojowych na Florydzie. Jeden punkt tylko &#8222;na papierze&#8221;"},"content":{"rendered":"<p class=\"Paragraph_desktopParagraph__U31Gm\">W pierwotnej wersji ameryka\u0144skiego 28-punktowego planu pokojowego dla Ukrainy pojawi\u0142 si\u0119 m.in. zapis dotycz\u0105cy ewentualnego przyst\u0105pienia Ukrainy do NATO. G\u0142osi\u0142 on, \u017ce &#8222;Ukraina zgadza si\u0119 na zapisanie w swojej konstytucji, \u017ce nie do\u0142\u0105czy do NATO, a NATO zgadza si\u0119 na zapis, \u017ce Ukraina nie b\u0119dzie przyj\u0119ta do sojuszu w przysz\u0142o\u015bci&#8221;. <a href=\"https:\/\/wiadomosci.onet.pl\/kraj\/plan-pokojowy-dla-ukrainy-nieoficjalnie-jest-europejska-kontrpropozycja\/mxrlhrg\" id=\"508dca8c-9d07-417f-8e18-3b1907aaf50f\" rel=\"nofollow noopener\" target=\"_blank\">W kontrpropozycji, kt\u00f3ra zosta\u0142a ustalona przez europejskich przyw\u00f3dc\u00f3w, ten punkt zosta\u0142 usuni\u0119ty, a zamiast niego pojawi\u0142 si\u0119 zapis<\/a>, m\u00f3wi\u0105cy, \u017ce &#8222;przyst\u0105pienie Ukrainy do NATO zale\u017cy od konsensusu cz\u0142onk\u00f3w NATO, kt\u00f3ry obecnie nie istnieje&#8221;. Ta kwestia by\u0142a szeroko dyskutowana podczas spotkania USA z przedstawicielami Ukrainy, kt\u00f3re odby\u0142o si\u0119 30 listopada na Florydzie.<\/p>\n<p class=\"VideoPlayerText_videoPlayerText__iDwyz\">Dalszy ci\u0105g materia\u0142u pod wideo<\/p>\n<ul class=\"OchatFollowUps_wrapper__1ry7X\">\n<li class=\"OchatFollowUps_item__Dhyly OchatFollowUps_itemDesktop__R6aBv\">Jaki punkt dotycz\u0105cy NATO omawiano na rozmowach na Florydzie?<\/li>\n<li class=\"OchatFollowUps_item__Dhyly OchatFollowUps_itemDesktop__R6aBv\">Jakie zmiany wprowadzono w propozycji dotycz\u0105cej aspiracji Ukrainy do NATO?<\/li>\n<li class=\"OchatFollowUps_item__Dhyly OchatFollowUps_itemDesktop__R6aBv\">Dlaczego Ukraina nie musi zrzeka\u0107 si\u0119 aspiracji do NATO?<\/li>\n<li class=\"OchatFollowUps_item__Dhyly OchatFollowUps_itemDesktop__R6aBv\">Czy Ukraina b\u0119dzie bra\u0142a udzia\u0142 w ustaleniach mi\u0119dzy NATO a Rosj\u0105?<\/li>\n<\/ul>\n<p>Aspiracje Ukrainy do NATO tylko &#8222;na papierze&#8221; <\/p>\n<p class=\"Paragraph_desktopParagraph__U31Gm\">Wed\u0142ug informacji \u017ar\u00f3d\u0142a CNN, dyskusje toczy\u0142y si\u0119 wok\u00f3\u0142 tego, aby Ukraina nie musia\u0142a formalnie zrzeka\u0107 si\u0119 aspiracji do NATO, zapisuj\u0105c to w swojej konstytucji. To jeden z tych punkt\u00f3w, na kt\u00f3rych najbardziej zale\u017ca\u0142o Rosji, a kt\u00f3remu najbardziej sprzeciwia\u0142a si\u0119 Ukraina. Podczas spotkania na Florydzie omawiano scenariusz, w kt\u00f3rym o wykluczeniu Ukrainy rozm\u00f3w z NATO decydowa\u0142yby ustalenia mi\u0119dzy pa\u0144stwami cz\u0142onkowskimi sojuszu (w tym USA) a Moskw\u0105.<\/p>\n<p class=\"Paragraph_desktopParagraph__U31Gm\">W takim przypadku &#8222;Ukraina nie b\u0119dzie zmuszana do oficjalnego, prawnego odrzucenia tych aspiracji&#8221; \u2014 przekaza\u0142o \u017ar\u00f3d\u0142o CNN. Informator zaznaczy\u0142 te\u017c, \u017ce w ewentualnych ustaleniach mi\u0119dzy NATO i Rosj\u0105 na ten temat Ukraina nie bra\u0142aby udzia\u0142u. Jak podkre\u015bla CNN, ostateczna decyzja dotycz\u0105ca tego bardzo trudnego kompromisu nie zosta\u0142a jeszcze podj\u0119ta i wiele zale\u017cy tu od opinii prezydenta Ukrainy. Najprawdopodobniej jednak ta propozycja mo\u017ce si\u0119 spotka\u0107 ze sprzeciwem niekt\u00f3rych pa\u0144stw NATO.<\/p>\n<p class=\"Paragraph_desktopParagraph__U31Gm\">Jak zauwa\u017cy\u0142 serwis Ukrai\u0144ska Prawda, powy\u017cszy scenariusz pozwoli\u0142by Ukrainie utrzyma\u0107 aspiracje do cz\u0142onkostwa w NATO wy\u0142\u0105cznie &#8222;na papierze&#8221;, jednocze\u015bnie skutecznie blokuj\u0105c cz\u0142onkostwo poprzez praktyczne ustalenia za plecami Kijowa.<\/p>\n","protected":false},"excerpt":{"rendered":"W pierwotnej wersji ameryka\u0144skiego 28-punktowego planu pokojowego dla Ukrainy pojawi\u0142 si\u0119 m.in. zapis dotycz\u0105cy ewentualnego przyst\u0105pienia Ukrainy do&hellip;\n","protected":false},"author":2,"featured_media":127506,"comment_status":"","ping_status":"","sticky":false,"template":"","format":"standard","meta":{"footnotes":""},"categories":[12],"tags":[32,33,36,37,1350,27,67,34,35,28,31,1395,53,25,52,68,51,55,42,38,40,39,41,62,47,59,29,30,390,65,50,26],"class_list":{"0":"post-127505","1":"post","2":"type-post","3":"status-publish","4":"format-standard","5":"has-post-thumbnail","7":"category-polska","8":"tag-breaking-news","9":"tag-breakingnews","10":"tag-featured-news","11":"tag-featurednews","12":"tag-floryda","13":"tag-headlines","14":"tag-intextvideo_splayer","15":"tag-latest-news","16":"tag-latestnews","17":"tag-naglowki","18":"tag-najwazniejsze-artykuly","19":"tag-nato_sojusz_polnocnoatlantycki","20":"tag-new_header","21":"tag-news","22":"tag-onet3","23":"tag-onet3d","24":"tag-onet3d_2i","25":"tag-phx","26":"tag-pl","27":"tag-poland","28":"tag-polish","29":"tag-polska","30":"tag-polski","31":"tag-rosja_kraj_rosjanin_rosjanie_rosjanka_rosjanki","32":"tag-screening_general","33":"tag-stany_zjednoczone_usa","34":"tag-top-stories","35":"tag-topstories","36":"tag-ukraina_ukrainiec_ukrainka_ukraincy_ukrainki","37":"tag-update_me","38":"tag-v2021","39":"tag-wiadomosci"},"share_on_mastodon":{"url":"","error":"Validation failed: Text character limit of 500 exceeded"},"_links":{"self":[{"href":"https:\/\/www.europesays.com\/pl\/wp-json\/wp\/v2\/posts\/127505","targetHints":{"allow":["GET"]}}],"collection":[{"href":"https:\/\/www.europesays.com\/pl\/wp-json\/wp\/v2\/posts"}],"about":[{"href":"https:\/\/www.europesays.com\/pl\/wp-json\/wp\/v2\/types\/post"}],"author":[{"embeddable":true,"href":"https:\/\/www.europesays.com\/pl\/wp-json\/wp\/v2\/users\/2"}],"replies":[{"embeddable":true,"href":"https:\/\/www.europesays.com\/pl\/wp-json\/wp\/v2\/comments?post=127505"}],"version-history":[{"count":0,"href":"https:\/\/www.europesays.com\/pl\/wp-json\/wp\/v2\/posts\/127505\/revisions"}],"wp:featuredmedia":[{"embeddable":true,"href":"https:\/\/www.europesays.com\/pl\/wp-json\/wp\/v2\/media\/127506"}],"wp:attachment":[{"href":"https:\/\/www.europesays.com\/pl\/wp-json\/wp\/v2\/media?parent=127505"}],"wp:term":[{"taxonomy":"category","embeddable":true,"href":"https:\/\/www.europesays.com\/pl\/wp-json\/wp\/v2\/categories?post=127505"},{"taxonomy":"post_tag","embeddable":true,"href":"https:\/\/www.europesays.com\/pl\/wp-json\/wp\/v2\/tags?post=127505"}],"curies":[{"name":"wp","href":"https:\/\/api.w.org\/{rel}","templated":true}]}}