{"id":127536,"date":"2025-12-01T15:17:08","date_gmt":"2025-12-01T15:17:08","guid":{"rendered":"https:\/\/www.europesays.com\/pl\/127536\/"},"modified":"2025-12-01T15:17:08","modified_gmt":"2025-12-01T15:17:08","slug":"13-latka-brutalnie-pobita-w-lesie-samosad-za-kolezanke","status":"publish","type":"post","link":"https:\/\/www.europesays.com\/pl\/127536\/","title":{"rendered":"13-latka brutalnie pobita w lesie. Samos\u0105d za kole\u017cank\u0119"},"content":{"rendered":"<p>Policja w\u00a0Pucku ustali\u0142a, \u017ce 14 i\u00a015-latek postanowili wymierzy\u0107 13-latce &#8222;kar\u0119&#8221;, bo mieli &#8222;pretensje&#8221; wobec jej zachowania. Mieli u\u017cy\u0107 niebezpiecznego narz\u0119dzia i\u00a0gazu pieprzowego, a\u00a0nast\u0119pnie razem bi\u0107 j\u0105 po ciele i\u00a0twarzy. Dziewczynka zosta\u0142a doprowadzona do stanu bezbronno\u015bci. Sprawcy zabrali jej telefon i\u00a0roztrzaskali go o\u00a0drzewo.<\/p>\n<p>&#8211; Podczas zaj\u015bcia jeden z\u00a0nich u\u017cy\u0142 wobec dziewczyny niebezpiecznego narz\u0119dzia i\u00a0gazu pieprzowego, a\u00a0nast\u0119pnie razem zadawali jej ciosy po ciele &#8211;\u00a0przekaza\u0142 rzecznik komendy w\u00a0Pucku.<\/p>\n<p>Wed\u0142ug ustale\u0144 nastolatkowie mieli te\u017c zmusza\u0107 13-latk\u0119 do kl\u0119kania i\u00a0&#8222;przepraszania&#8221; nieobecnej kole\u017canki. Grozili, \u017ce je\u015bli opowie o\u00a0zdarzeniu, &#8222;narazi swoje zdrowie lub \u017cycie&#8221;.<\/p>\n<p>Pot\u0119\u017cny atak na\u00a0Morzu Czarnym. Nagranie z\u00a0uderzenia w\u00a0tankowce Rosji <\/p>\n<p>Przera\u017cona dziewczyna powiedzia\u0142a rodzicom, a\u00a0ci zawiadomili policj\u0119. Mundurowi z\u00a0komisariat\u00f3w w\u00a0Krokowej i\u00a0we W\u0142adys\u0142awowie szybko namierzyli sprawc\u00f3w i\u00a0zatrzymali ich w\u00a0domach.<\/p>\n<p>Nastolatk\u00f3w doprowadzono do komendy w\u00a0Pucku, a\u00a0nast\u0119pnie umieszczono w\u00a0Policyjnej Izbie Dziecka w\u00a0Gda\u0144sku. W\u00a0niedziel\u0119 us\u0142yszeli zarzuty w\u00a0obecno\u015bci opiekun\u00f3w prawnych. Materia\u0142y w\u00a0tej sprawie trafi\u0142y do Wydzia\u0142u Rodzinnego i\u00a0Nieletnich S\u0105du Rejonowego w\u00a0Wejherowie.<\/p>\n<p>13-latka oraz jej opiekun otrzymali pomoc psychologiczn\u0105 w\u00a0Powiatowym Centrum Pomocy Rodzinie w\u00a0Pucku. Funkcjonariusze przypominaj\u0105, \u017ce przemoc r\u00f3wie\u015bnicza to nie &#8222;konflikt&#8221;, lecz realne zagro\u017cenie i\u00a0apeluj\u0105 o\u00a0reagowanie.<\/p>\n<p>Policjanci z\u00a0powiatu puckiego podkre\u015blaj\u0105, \u017ce ka\u017cda forma przemocy, niezale\u017cnie od wieku sprawcy, p\u0142ci ofiary czy okoliczno\u015bci, spotka si\u0119 ze stanowczo\u015bci\u0105 &#8211;\u00a0podkre\u015blaj\u0105 w\u00a0komunikacie.<\/p>\n","protected":false},"excerpt":{"rendered":"Policja w\u00a0Pucku ustali\u0142a, \u017ce 14 i\u00a015-latek postanowili wymierzy\u0107 13-latce &#8222;kar\u0119&#8221;, bo mieli &#8222;pretensje&#8221; wobec jej zachowania. Mieli u\u017cy\u0107&hellip;\n","protected":false},"author":2,"featured_media":127537,"comment_status":"","ping_status":"","sticky":false,"template":"","format":"standard","meta":{"footnotes":""},"categories":[12],"tags":[32,33,36,37,27,34,35,28,31,25,42,38,40,39,41,29,30,26],"class_list":{"0":"post-127536","1":"post","2":"type-post","3":"status-publish","4":"format-standard","5":"has-post-thumbnail","7":"category-polska","8":"tag-breaking-news","9":"tag-breakingnews","10":"tag-featured-news","11":"tag-featurednews","12":"tag-headlines","13":"tag-latest-news","14":"tag-latestnews","15":"tag-naglowki","16":"tag-najwazniejsze-artykuly","17":"tag-news","18":"tag-pl","19":"tag-poland","20":"tag-polish","21":"tag-polska","22":"tag-polski","23":"tag-top-stories","24":"tag-topstories","25":"tag-wiadomosci"},"share_on_mastodon":{"url":"https:\/\/pubeurope.com\/@pl\/115644979314955188","error":""},"_links":{"self":[{"href":"https:\/\/www.europesays.com\/pl\/wp-json\/wp\/v2\/posts\/127536","targetHints":{"allow":["GET"]}}],"collection":[{"href":"https:\/\/www.europesays.com\/pl\/wp-json\/wp\/v2\/posts"}],"about":[{"href":"https:\/\/www.europesays.com\/pl\/wp-json\/wp\/v2\/types\/post"}],"author":[{"embeddable":true,"href":"https:\/\/www.europesays.com\/pl\/wp-json\/wp\/v2\/users\/2"}],"replies":[{"embeddable":true,"href":"https:\/\/www.europesays.com\/pl\/wp-json\/wp\/v2\/comments?post=127536"}],"version-history":[{"count":0,"href":"https:\/\/www.europesays.com\/pl\/wp-json\/wp\/v2\/posts\/127536\/revisions"}],"wp:featuredmedia":[{"embeddable":true,"href":"https:\/\/www.europesays.com\/pl\/wp-json\/wp\/v2\/media\/127537"}],"wp:attachment":[{"href":"https:\/\/www.europesays.com\/pl\/wp-json\/wp\/v2\/media?parent=127536"}],"wp:term":[{"taxonomy":"category","embeddable":true,"href":"https:\/\/www.europesays.com\/pl\/wp-json\/wp\/v2\/categories?post=127536"},{"taxonomy":"post_tag","embeddable":true,"href":"https:\/\/www.europesays.com\/pl\/wp-json\/wp\/v2\/tags?post=127536"}],"curies":[{"name":"wp","href":"https:\/\/api.w.org\/{rel}","templated":true}]}}