{"id":127558,"date":"2025-12-01T15:31:25","date_gmt":"2025-12-01T15:31:25","guid":{"rendered":"https:\/\/www.europesays.com\/pl\/127558\/"},"modified":"2025-12-01T15:31:25","modified_gmt":"2025-12-01T15:31:25","slug":"andrzej-zmuda-trzebiatowski-juz-kiedys-spowodowal-kolizje-pod-wplywem-alkoholu","status":"publish","type":"post","link":"https:\/\/www.europesays.com\/pl\/127558\/","title":{"rendered":"Andrzej \u017bmuda-Trzebiatowski ju\u017c kiedy\u015b spowodowa\u0142 kolizj\u0119 pod wp\u0142ywem alkoholu"},"content":{"rendered":"<p class=\"Paragraph_desktopParagraph__U31Gm\">Wydaje si\u0119, \u017ce w\u00f3jt gminy Przechlewo, Andrzej \u017bmuda-Trzebiatowski jest w ostatnim czasie znacznie popularniejszy, ni\u017c jego c\u00f3rka, kt\u00f3ra od lat jest obecna w show-biznesie. To w\u0142a\u015bnie ojciec znanej aktorki pojawia si\u0119 ostatnio na nag\u0142\u00f3wkach wszystkich medi\u00f3w w Polsce. 63-latek po raz kolejny spowodowa\u0142 kolizj\u0119 drogow\u0105, prowadz\u0105c samoch\u00f3d pod wp\u0142ywem alkoholu. Ostatnie zdarzenie mia\u0142o miejsce 28 listopada na ulicy Dworcowej w pomorskiej miejscowo\u015bci Przechlewo \u2014 \u017bmuda-Trzebiatowski zjecha\u0142 na przeciwny pas i zderzy\u0142 si\u0119 z samochodem dostawczym, po czym zaparkowa\u0142 na pobliskiej posesji, zostawi\u0142 pojazd i uciek\u0142 z miejsca zdarzenia. Po kilku godzinach policja znalaz\u0142a sprawc\u0119, kt\u00f3ry, jak si\u0119 okaza\u0142o, mia\u0142 we krwi 1,5 promila alkoholu.<\/p>\n<p class=\"Paragraph_desktopParagraph__U31Gm\">W rozmowie z radiem Weekend FM w\u00f3jt Przechlewa przyzna\u0142 si\u0119 do udzia\u0142u w zdarzeniu i przeprosi\u0142 za swoje zachowanie, t\u0142umacz\u0105c, \u017ce nie pami\u0119ta momentu opuszczenia miejsca kolizji ani p\u00f3\u017aniejszego zatrzymania przez funkcjonariuszy.<\/p>\n<ul class=\"OchatFollowUps_wrapper__1ry7X\">\n<li class=\"OchatFollowUps_item__Dhyly OchatFollowUps_itemDesktop__R6aBv\">Ile mia\u0142o promili w organizmie Andrzej \u017bmuda-Trzebiatowski podczas ostatniej kolizji?<\/li>\n<li class=\"OchatFollowUps_item__Dhyly OchatFollowUps_itemDesktop__R6aBv\">Gdzie dosz\u0142o do ostatniego wypadku Andrzeja \u017bmudy-Trzebiatowskiego?<\/li>\n<li class=\"OchatFollowUps_item__Dhyly OchatFollowUps_itemDesktop__R6aBv\">Kiedy mia\u0142o miejsce pierwsze znane zdarzenie z udzia\u0142em Andrzeja \u017bmudy-Trzebiatowskiego?<\/li>\n<li class=\"OchatFollowUps_item__Dhyly OchatFollowUps_itemDesktop__R6aBv\">Jakie konsekwencje prawne poni\u00f3s\u0142 Andrzej \u017bmuda-Trzebiatowski za swoje wcze\u015bniejsze wybryki?<\/li>\n<\/ul>\n<p>To nie pierwsze takie zdarzenie z udzia\u0142em Andrzeja \u017bmudy-Trzebiatowskiego <\/p>\n<p class=\"Paragraph_desktopParagraph__U31Gm\">Jak si\u0119 okazuje, spowodowana pod koniec listopada kolizja, to nie jedyny pijacki wybryk Andrzeja \u017bmudy-Trzebiatowskiego. W 2014 r. w\u00f3jt gminy Przechlewo wjecha\u0142 w ty\u0142 auta, kt\u00f3rym podr\u00f3\u017cowa\u0142 22-letni m\u0119\u017cczyzna z partnerk\u0105 \u2014 do zdarzenia dosz\u0142o w miejscowo\u015bci Kl\u0119\u015bnik ko\u0142o Przechlewa. Andrzej \u017bmuda-Trzebiatowski prowadzi\u0142 w\u00f3wczas, znacznie przekraczaj\u0105c dozwolon\u0105 pr\u0119dko\u015b\u0107, a badanie alkomatem wykaza\u0142o 1,8 promila alkoholu w jego krwi. <\/p>\n<p class=\"Paragraph_desktopParagraph__U31Gm\">Po spowodowaniu kolizji ojciec s\u0142ynnej aktorki mia\u0142 wysi\u0105\u015b\u0107 z samochodu, zataczaj\u0105c si\u0119 i be\u0142kocz\u0105c, a przed przyjazdem policji mia\u0142 ukry\u0107 si\u0119 w pobliskich krzakach. 22-letni uczestnik kolizji w rozmowie z Faktem powiedzia\u0142, \u017ce &#8222;gdyby w ostatniej chwili nie skr\u0119ci\u0142 w krzaki, mog\u0142oby by\u0107 po nim i po jego dziewczynie&#8221;. Ponadto stwierdzi\u0142, \u017ce Andrzej \u017bmuda-Trzebiatowski mia\u0142 zaoferowa\u0107 15 tys. z\u0142. \u0142ap\u00f3wki.<\/p>\n<p class=\"Paragraph_desktopParagraph__U31Gm\">Ojciec Marty Zmudy-Trzebiatowskiej zosta\u0142 uznany za winnego \u2014 otrzyma\u0142 trzyletni zakaz prowadzenia pojazd\u00f3w mechanicznych, pi\u0119\u0107 tys. z\u0142. grzywny i tysi\u0105c z\u0142. nawi\u0105zki oraz nakaz pokrycia koszt\u00f3w s\u0105dowych. W dniu rozprawy w\u00f3jt Przechlewa grozi\u0142 fotoreporterowi, kt\u00f3ry pojawi\u0142 si\u0119 w s\u0105dzie.<\/p>\n<p><img decoding=\"async\" class=\"Image_image__0tuHp Image_autoHeight__f2n87 \" height=\"587\" width=\"939\" src=\"https:\/\/www.europesays.com\/pl\/wp-content\/uploads\/2025\/12\/IwFk9kpTURBXy8zNWMyOTQ5N2RkZWM4YTIzYjY3MGFhOTM1NDFkZmIwYi5qcGeSlQLNA6wAwsOVAgDNAkvCw94AA6EwAaExAaEzw.jpeg\" alt=\"Andrzej \u017bmuda-Trzebiatowski\" loading=\"lazy\" \/>https:\/\/www.serwissamorzadowy.eu\/<\/p>\n<p>Andrzej \u017bmuda-Trzebiatowski<\/p>\n<p class=\"Paragraph_desktopParagraph__U31Gm\">Andrzej \u017bmuda-Trzebiatowski ma za sob\u0105 r\u00f3wnie\u017c nieco mniej niebezpieczny incydent. W 2015 r. w mediach pojawi\u0142a si\u0119 informacja, dotycz\u0105ca kolejnego alkoholowego wyst\u0119pku w\u00f3jta Przechlewa. Kt\u00f3rego\u015b poranka w urz\u0119dzie zjawi\u0142a si\u0119 policja, aby zbada\u0107 m\u0119\u017cczyzn\u0119 alkomatem \u2014 okaza\u0142o si\u0119, \u017ce mia\u0142 we krwi 0,26 promila, co ju\u017c stanowi wykroczenie, gdy\u017c dopuszczalna norma w polskim prawie to 0,20 promila. Nie wiadomo, dlaczego s\u0142u\u017cby zjawi\u0142y si\u0119 w\u00f3wczas w urz\u0119dzie \u2014 prawdopodobnie kto\u015b zg\u0142osi\u0142, \u017ce \u017bmuda-Trzebiatowski pojawi\u0142 si\u0119 w miejscu pracy, a jego zachowanie wskazuje na stan nietrze\u017awo\u015b\u0107.<\/p>\n<p><img decoding=\"async\" class=\"Image_image__0tuHp Image_autoHeight__f2n87 \" height=\"587\" width=\"391\" src=\"https:\/\/www.europesays.com\/pl\/wp-content\/uploads\/2025\/12\/y8bk9kpTURBXy9jMmVmYzY0NWViMWZmZGIzMDcyY2U2MzVlZmFmY2Q2Ni5qcGeSlQLNA6wAwsOVAgDNAkvCw94AA6EwAaExAaEzw.jpeg\" alt=\"Marta \u017bmuda-Trzebiatowska\" loading=\"lazy\" \/>Andras Szilagyi \/ MW Media<\/p>\n<p>Marta \u017bmuda-Trzebiatowska<\/p>\n<p class=\"Paragraph_desktopParagraph__U31Gm\">Marta \u017bmuda-Trzebiatowska odnios\u0142a si\u0119 tylko raz do alkoholowych wyst\u0119pk\u00f3w ojca. Podczas rozmowy z Karolin\u0105 Korwin-Piotrowsk\u0105 przyzna\u0142a, \u017ce to dla niej trudna sytuacja, jednak jej tata &#8222;zrobi\u0142 wiele dobrego i wiele j\u0105 nauczy\u0142&#8221;.<\/p>\n<p class=\"Paragraph_desktopParagraph__U31Gm\">Dzi\u0119kujemy, \u017ce przeczyta\u0142a\u015b\/e\u015b nasz artyku\u0142 do ko\u0144ca. W serwisie Plejada.pl ka\u017cdego dnia piszemy o najwa\u017cniejszych wydarzeniach show-biznesowych. B\u0105d\u017a na bie\u017c\u0105co! <a rel=\"nofollow noopener\" href=\"https:\/\/profile.google.com\/cp\/Cg0vZy8xMWJ6X19wdHBx\" id=\"2fe64cdb-5b63-4bf2-8bd0-67533b111dd0\" target=\"_blank\">Obserwuj<\/a> Plejad\u0119 w Google. Odwied\u017a nas tak\u017ce na <a rel=\"nofollow noopener\" href=\"https:\/\/www.facebook.com\/plejadapl\" id=\"bf66350d-7e5b-4b7d-9d87-6981d6f5fdc8\" target=\"_blank\">Facebooku<\/a>, <a rel=\"nofollow noopener\" href=\"https:\/\/www.instagram.com\/plejadapl\/\" id=\"db7cbdcf-ca48-479d-a05e-fbe441484f05\" target=\"_blank\">Instagramie<\/a>, <a rel=\"nofollow noopener\" href=\"https:\/\/www.youtube.com\/c\/plejada\" id=\"25125711-ba5a-4c5e-8e5c-37ef8cd165e5\" target=\"_blank\">YouTubie<\/a> oraz <a rel=\"nofollow noopener\" href=\"https:\/\/www.tiktok.com\/@plejada_pl\" id=\"0c7cba51-ed97-4f02-9abb-1542623aeaf6\" target=\"_blank\">TikToku<\/a>.<\/p>\n<p class=\"Paragraph_desktopParagraph__U31Gm\">Chcesz podzieli\u0107 si\u0119 ciekawym newsem lub zaproponowa\u0107 temat? Skontaktuj si\u0119 z nami, pisz\u0105c maila na adres: <a href=\"https:\/\/www.onet.pl\/styl-zycia\/plejada\/andrzej-zmuda-trzebiatowski-juz-kiedys-spowodowal-kolizje-pod-wplywem-alkoholu\/mailto:plejada@redakcjaonet.pl\" id=\"56afd5a0-f072-4277-8fd1-c76b348107a4\" rel=\"nofollow noopener\" target=\"_blank\">plejada@redakcjaon<\/a><a rel=\"nofollow noopener\" href=\"http:\/\/et.pl\" id=\"11d6d592-fe03-4bfb-aa0d-1cf8f51a230e\" target=\"_blank\">et.pl<\/a>.<\/p>\n<p><script async src=\"\/\/www.instagram.com\/embed.js\"><\/script><script async src=\"\/\/www.tiktok.com\/embed.js\"><\/script><\/p>\n","protected":false},"excerpt":{"rendered":"Wydaje si\u0119, \u017ce w\u00f3jt gminy Przechlewo, Andrzej \u017bmuda-Trzebiatowski jest w ostatnim czasie znacznie popularniejszy, ni\u017c jego c\u00f3rka, kt\u00f3ra&hellip;\n","protected":false},"author":2,"featured_media":127559,"comment_status":"","ping_status":"","sticky":false,"template":"","format":"standard","meta":{"footnotes":""},"categories":[12],"tags":[2268,32,33,36,37,27,67,34,35,26788,28,31,53,25,52,68,51,55,42,38,40,39,41,19087,47,196,29,30,65,627,50,26],"class_list":{"0":"post-127558","1":"post","2":"type-post","3":"status-publish","4":"format-standard","5":"has-post-thumbnail","7":"category-polska","8":"tag-alkoholizm_alkoholik_alkoholiczka_alkoholicy","9":"tag-breaking-news","10":"tag-breakingnews","11":"tag-featured-news","12":"tag-featurednews","13":"tag-headlines","14":"tag-intextvideo_splayer","15":"tag-latest-news","16":"tag-latestnews","17":"tag-marta_zmuda_trzebiatowska","18":"tag-naglowki","19":"tag-najwazniejsze-artykuly","20":"tag-new_header","21":"tag-news","22":"tag-onet3","23":"tag-onet3d","24":"tag-onet3d_2i","25":"tag-phx","26":"tag-pl","27":"tag-poland","28":"tag-polish","29":"tag-polska","30":"tag-polski","31":"tag-rodziny_gwiazd","32":"tag-screening_general","33":"tag-styl_zycia","34":"tag-top-stories","35":"tag-topstories","36":"tag-update_me","37":"tag-uzaleznienie","38":"tag-v2021","39":"tag-wiadomosci"},"share_on_mastodon":{"url":"","error":"Validation failed: Text character limit of 500 exceeded"},"_links":{"self":[{"href":"https:\/\/www.europesays.com\/pl\/wp-json\/wp\/v2\/posts\/127558","targetHints":{"allow":["GET"]}}],"collection":[{"href":"https:\/\/www.europesays.com\/pl\/wp-json\/wp\/v2\/posts"}],"about":[{"href":"https:\/\/www.europesays.com\/pl\/wp-json\/wp\/v2\/types\/post"}],"author":[{"embeddable":true,"href":"https:\/\/www.europesays.com\/pl\/wp-json\/wp\/v2\/users\/2"}],"replies":[{"embeddable":true,"href":"https:\/\/www.europesays.com\/pl\/wp-json\/wp\/v2\/comments?post=127558"}],"version-history":[{"count":0,"href":"https:\/\/www.europesays.com\/pl\/wp-json\/wp\/v2\/posts\/127558\/revisions"}],"wp:featuredmedia":[{"embeddable":true,"href":"https:\/\/www.europesays.com\/pl\/wp-json\/wp\/v2\/media\/127559"}],"wp:attachment":[{"href":"https:\/\/www.europesays.com\/pl\/wp-json\/wp\/v2\/media?parent=127558"}],"wp:term":[{"taxonomy":"category","embeddable":true,"href":"https:\/\/www.europesays.com\/pl\/wp-json\/wp\/v2\/categories?post=127558"},{"taxonomy":"post_tag","embeddable":true,"href":"https:\/\/www.europesays.com\/pl\/wp-json\/wp\/v2\/tags?post=127558"}],"curies":[{"name":"wp","href":"https:\/\/api.w.org\/{rel}","templated":true}]}}