{"id":127560,"date":"2025-12-01T15:33:14","date_gmt":"2025-12-01T15:33:14","guid":{"rendered":"https:\/\/www.europesays.com\/pl\/127560\/"},"modified":"2025-12-01T15:33:14","modified_gmt":"2025-12-01T15:33:14","slug":"kazik-wywolal-skandal-na-koncercie-krzysztof-skiba-zwraca-uwage-na-jedna-rzecz","status":"publish","type":"post","link":"https:\/\/www.europesays.com\/pl\/127560\/","title":{"rendered":"Kazik wywo\u0142a\u0142 skandal na koncercie. Krzysztof Skiba zwraca uwag\u0119 na jedn\u0105 rzecz"},"content":{"rendered":"<p class=\"ods-c-paragraph \">Szerokim echem odbi\u0142 si\u0119 koncert Kultu w Zielonej G\u00f3rze, <a href=\"https:\/\/plejada.pl\/newsy\/kazik-zabral-glos-po-koncercie-fani-twierdza-ze-byl-nietrzezwy\/kcvl3dy\" id=\"2f066703-70b3-479f-ba27-cf53f2633c30\" rel=\"nofollow noopener\" target=\"_blank\">podczas kt\u00f3rego zachowanie Kazika Staszewskiego wywo\u0142a\u0142o burz\u0119 w sieci<\/a>. Uczestnicy zarzucali muzykowi niedyspozycj\u0119 i twierdzili, \u017ce wyst\u0119p powinien zosta\u0107 przerwany. W poniedzia\u0142ek, 1 grudnia, <a href=\"https:\/\/plejada.pl\/newsy\/kazik-wydal-oswiadczenie-w-sprawie-zwrotu-biletow-mowi-o-chaosie\/0500vwm\" id=\"d351f4bc-9010-44d8-8a56-2e2a58ff968c\" rel=\"nofollow noopener\" target=\"_blank\">artysta poinformowa\u0142 o mo\u017cliwo\u015bci zwrotu pieni\u0119dzy za bilety.<\/a><\/p>\n<p class=\"ods-c-paragraph \">&#8222;Ratowa\u0142em si\u0119 przed covidem i b\u00f3lem brzucha. Okaza\u0142o si\u0119, \u017ce z marnym skutkiem. Wypada przeprosi\u0107 i zwr\u00f3ci\u0107 koszty tym, co byli. Poprosz\u0119 tylko o dow\u00f3d w postaci biletu i przepraszam raz jeszcze&#8221; \u2014 wyja\u015bnia\u0142.<\/p>\n<p>Dalszy ci\u0105g artyku\u0142u pod materia\u0142em wideo<\/p>\n<p> Co m\u00f3wi\u0142 Kazik o zwrocie pieni\u0119dzy za bilety? <\/p>\n<p> Jak Krzysztof Skiba oceni\u0142 sytuacj\u0119 Kazika? <\/p>\n<p> Czy arty\u015bci mog\u0105 bra\u0107 L4 w bran\u017cy muzycznej? <\/p>\n<p> Z jakiego powodu Kazik mia\u0142 problemy podczas koncertu? <\/p>\n<p>  Kazik wywo\u0142a\u0142 skandal na koncercie. Krzysztof Skiba komentuje<\/p>\n<p class=\"ods-c-paragraph \">G\u0142os w tej sprawie zabra\u0142 Krzysztof Skiba. <a href=\"https:\/\/ludzie.fakt.pl\/skiba-odnosi-sie-do-niedyspozycji-kazika-na-koncercie-artysci-nie-sa-automatami\/f6779rx\" id=\"f23087d4-1551-4fad-8e41-49830d0121d4\" rel=\"nofollow noopener\" target=\"_blank\">W rozmowie z &#8222;Faktem&#8221;<\/a> nie odni\u00f3s\u0142 si\u0119 wprost do incydentu, ale przyzna\u0142, \u017ce artystom r\u00f3wnie\u017c zdarza si\u0119 zachorowa\u0107 lub by\u0107 w s\u0142abszej formie, a mimo to cz\u0119sto decyduj\u0105 si\u0119 wyst\u0105pi\u0107, by nie rozczarowa\u0107 fan\u00f3w odwo\u0142anym koncertem.<\/p>\n<blockquote class=\"ods-o-quota\">\n<p class=\"ods-o-quota__paragraph\">Trudno komentowa\u0107 sytuacj\u0119 Kazika, bo nie widzia\u0142em nagra\u0144 z jego koncertu, wczoraj gra\u0142em sw\u00f3j i nie mia\u0142em za bardzo czasu. (&#8230;) Mog\u0119 natomiast og\u00f3lnie powiedzie\u0107, \u017ce arty\u015bci nie s\u0105 automatami. Artysta te\u017c ma prawo by\u0107 zm\u0119czony<\/p>\n<\/blockquote>\n<p class=\"ods-c-paragraph \">&#8222;Pracuj\u0105c w show-biznesie, praktycznie nie ma szansy na wzi\u0119cie L4, no, chyba \u017ce jeste\u015b w szpitalu. Ja wielokrotnie gra\u0142em koncerty, maj\u0105c gor\u0105czk\u0119, czasem nawet powa\u017cn\u0105 angin\u0119, bo tysi\u0105ce ludzi kupi\u0142o bilety&#8221; \u2014 kontynuowa\u0142.<\/p>\n<p><img decoding=\"async\" src=\"https:\/\/www.europesays.com\/pl\/wp-content\/uploads\/2025\/12\/Mrak9lBaHR0cHM6Ly9vY2RuLmV1L3B1bHNjbXMvTURBXy8wZDFlZWUxMDdlMTgwMjdiMjMzYTczNzIyN2JhNmJmMC5wbmeRlQLNB.jpeg\" height=\"275\" width=\"656\" alt=\"Kazik na Facebooku Kultu\" loading=\"lazy\" class=\"ods-c-image__img ods-c-image__img--viewport-width\"\/><\/p>\n<p>Kazik na Facebooku KultuFacebook<\/p>\n<p class=\"ods-c-paragraph \">&#8222;W normalnej pracy wystarczy zwolnienie i wszyscy to rozumiej\u0105, ale na scenie publiczno\u015b\u0107 oczekuje show. Nie zawsze jeste\u015b w pe\u0142ni formy, ale ka\u017cdy ma prawo mie\u0107 gorszy dzie\u0144&#8221; \u2014 stwierdzi\u0142.<\/p>\n<blockquote class=\"ods-o-quota\">\n<p class=\"ods-o-quota__paragraph\">Oczywi\u015bcie nale\u017cy szanowa\u0107 publiczno\u015b\u0107 i dawa\u0107 z siebie wszystko, bo ludzie kupuj\u0105 bilety, \u017ceby zobaczy\u0107 artyst\u0119 w pe\u0142nej formie, ale je\u015bli Kazik sam zaproponowa\u0142 zwrot pieni\u0119dzy za bilety dla niezadowolonych fan\u00f3w, to moim zdaniem jest to fair<\/p>\n<\/blockquote>\n<p class=\"ods-c-paragraph \">\u2014 podsumowa\u0142.<\/p>\n<p><img decoding=\"async\" src=\"https:\/\/www.europesays.com\/pl\/wp-content\/uploads\/2025\/12\/9iYk9lBaHR0cHM6Ly9vY2RuLmV1L3B1bHNjbXMvTURBXy85NDZjNWI3MzliYWY4MDYwMGZmYTA4YjA0NzBjMTYzOC5qcGeRlQLNB.jpeg\" height=\"625\" width=\"940\" alt=\"Kazik\" loading=\"lazy\" class=\"ods-c-image__img ods-c-image__img--viewport-width\"\/><\/p>\n<p>KazikPiotr Andrzejczak \/ MW Media<\/p>\n<p class=\"ods-c-paragraph \">Dzi\u0119kujemy, \u017ce przeczyta\u0142a\u015b\/e\u015b nasz artyku\u0142 do ko\u0144ca. W serwisie Plejada.pl ka\u017cdego dnia piszemy o najwa\u017cniejszych wydarzeniach show-biznesowych. B\u0105d\u017a na bie\u017c\u0105co! <a rel=\"nofollow noopener\" href=\"https:\/\/profile.google.com\/cp\/Cg0vZy8xMWJ6X19wdHBx\" id=\"b8713fea-3cdd-4fc5-9e1a-de935860339b\" target=\"_blank\">Obserwuj<\/a> Plejad\u0119 w Google. Odwied\u017a nas tak\u017ce na <a rel=\"nofollow noopener\" href=\"https:\/\/www.facebook.com\/plejadapl\" id=\"49afeeca-80c8-4d5c-bde5-305d90ffff82\" target=\"_blank\">Facebooku<\/a>, <a rel=\"nofollow noopener\" href=\"https:\/\/www.instagram.com\/plejadapl\/\" id=\"321a5809-b876-431c-8641-a866554e4c03\" target=\"_blank\">Instagramie<\/a>, <a rel=\"nofollow noopener\" href=\"https:\/\/www.youtube.com\/c\/plejada\" id=\"16ee2556-b534-45a5-b676-37b68f6e768e\" target=\"_blank\">YouTubie<\/a> oraz <a rel=\"nofollow noopener\" href=\"https:\/\/www.tiktok.com\/@plejada_pl\" id=\"f2877617-142a-4aad-b37f-a4aa21bc443e\" target=\"_blank\">TikToku<\/a>.<\/p>\n<p class=\"ods-c-paragraph \">Chcesz podzieli\u0107 si\u0119 ciekawym newsem lub zaproponowa\u0107 temat? Skontaktuj si\u0119 z nami, pisz\u0105c maila na adres: <a rel=\"nofollow noopener\" href=\"https:\/\/plejada.pl\/newsy\/kazik-wywolal-skandal-na-koncercie-krzysztof-skiba-zwraca-uwage-na-jedna-rzecz\/mailto:plejada@redakcjaonet.pl\" id=\"e50dabd6-9066-4318-bfd7-eaa82efa944b\" target=\"_blank\">plejada@redakcjaon<\/a><a rel=\"nofollow noopener\" href=\"https:\/\/et.pl\/\" id=\"022a5de8-88cb-41e4-86ff-5f7e3b360e47\" target=\"_blank\">et.pl<\/a>.<\/p>\n<p><script async src=\"\/\/www.instagram.com\/embed.js\"><\/script><script async src=\"\/\/www.tiktok.com\/embed.js\"><\/script><\/p>\n","protected":false},"excerpt":{"rendered":"Szerokim echem odbi\u0142 si\u0119 koncert Kultu w Zielonej G\u00f3rze, podczas kt\u00f3rego zachowanie Kazika Staszewskiego wywo\u0142a\u0142o burz\u0119 w sieci.&hellip;\n","protected":false},"author":2,"featured_media":127561,"comment_status":"","ping_status":"","sticky":false,"template":"","format":"standard","meta":{"footnotes":""},"categories":[5],"tags":[32,33,36,37,27,23212,13351,34,35,28,31,48,25,125,46,42,38,40,39,41,47,29,30,26],"class_list":{"0":"post-127560","1":"post","2":"type-post","3":"status-publish","4":"format-standard","5":"has-post-thumbnail","7":"category-naglowki","8":"tag-breaking-news","9":"tag-breakingnews","10":"tag-featured-news","11":"tag-featurednews","12":"tag-headlines","13":"tag-kazik_staszewski","14":"tag-krzysztof_skiba","15":"tag-latest-news","16":"tag-latestnews","17":"tag-naglowki","18":"tag-najwazniejsze-artykuly","19":"tag-nat_styl","20":"tag-news","21":"tag-newsy","22":"tag-omp","23":"tag-pl","24":"tag-poland","25":"tag-polish","26":"tag-polska","27":"tag-polski","28":"tag-screening_general","29":"tag-top-stories","30":"tag-topstories","31":"tag-wiadomosci"},"share_on_mastodon":{"url":"https:\/\/pubeurope.com\/@pl\/115645042459661168","error":""},"_links":{"self":[{"href":"https:\/\/www.europesays.com\/pl\/wp-json\/wp\/v2\/posts\/127560","targetHints":{"allow":["GET"]}}],"collection":[{"href":"https:\/\/www.europesays.com\/pl\/wp-json\/wp\/v2\/posts"}],"about":[{"href":"https:\/\/www.europesays.com\/pl\/wp-json\/wp\/v2\/types\/post"}],"author":[{"embeddable":true,"href":"https:\/\/www.europesays.com\/pl\/wp-json\/wp\/v2\/users\/2"}],"replies":[{"embeddable":true,"href":"https:\/\/www.europesays.com\/pl\/wp-json\/wp\/v2\/comments?post=127560"}],"version-history":[{"count":0,"href":"https:\/\/www.europesays.com\/pl\/wp-json\/wp\/v2\/posts\/127560\/revisions"}],"wp:featuredmedia":[{"embeddable":true,"href":"https:\/\/www.europesays.com\/pl\/wp-json\/wp\/v2\/media\/127561"}],"wp:attachment":[{"href":"https:\/\/www.europesays.com\/pl\/wp-json\/wp\/v2\/media?parent=127560"}],"wp:term":[{"taxonomy":"category","embeddable":true,"href":"https:\/\/www.europesays.com\/pl\/wp-json\/wp\/v2\/categories?post=127560"},{"taxonomy":"post_tag","embeddable":true,"href":"https:\/\/www.europesays.com\/pl\/wp-json\/wp\/v2\/tags?post=127560"}],"curies":[{"name":"wp","href":"https:\/\/api.w.org\/{rel}","templated":true}]}}