{"id":127570,"date":"2025-12-01T15:39:08","date_gmt":"2025-12-01T15:39:08","guid":{"rendered":"https:\/\/www.europesays.com\/pl\/127570\/"},"modified":"2025-12-01T15:39:08","modified_gmt":"2025-12-01T15:39:08","slug":"oto-mozliwe-scenariusze-na-przyszlosc-szymona-holowni-nowe-doniesienia","status":"publish","type":"post","link":"https:\/\/www.europesays.com\/pl\/127570\/","title":{"rendered":"Oto mo\u017cliwe scenariusze na przysz\u0142o\u015b\u0107 Szymona Ho\u0142owni. Nowe doniesienia"},"content":{"rendered":"<p class=\"ods-c-paragraph \">Ju\u017c w styczniu przysz\u0142ego roku Polsk\u0119 2050 mog\u0105 czeka\u0107 du\u017ce zmiany. To wtedy odb\u0119d\u0105 si\u0119 wybory na nowego lidera ugrupowania, kt\u00f3rego g\u0142\u00f3wn\u0105 twarz\u0105 dotychczas by\u0142 Szymon Ho\u0142ownia. <a href=\"https:\/\/wiadomosci.onet.pl\/kraj\/co-z-przyszloscia-szymona-holowni-jest-glos-z-partii-mozliwy-nagly-zwrot\/56d1mv7\" id=\"98b9d4a7-d878-4e82-90bb-9618aaf7d3f5\" rel=\"nofollow noopener\" target=\"_blank\">By\u0142y marsza\u0142ek Sejmu pod koniec wrze\u015bnia zapowiedzia\u0142, \u017ce nie zamierza ubiega\u0107 si\u0119 o reelekcj\u0119 na stanowisko przewodnicz\u0105cego tej partii<\/a>.<\/p>\n<p>Dalszy ci\u0105g artyku\u0142u pod materia\u0142em wideo<\/p>\n<p> Czy Szymon Ho\u0142ownia mo\u017ce kandydowa\u0107 na lidera Polski 2050? <\/p>\n<p> Kto zadeklarowa\u0142 ch\u0119\u0107 startu w wyborach na lidera Polski 2050? <\/p>\n<p> Jakie stanowisko chce obj\u0105\u0107 Szymon Ho\u0142ownia w ONZ? <\/p>\n<p> Ilu kandydat\u00f3w pozosta\u0142o w walce o fotel w ONZ? <\/p>\n<p class=\"ods-c-paragraph \">Gotowo\u015b\u0107 do startu w wy\u015bcigu o fotel lidera Polski 2050 zadeklarowa\u0142a pi\u0105tka przedstawicieli tej partii: Katarzyna Pe\u0142czy\u0144ska-Na\u0142\u0119cz, Paulina Hennig-Kloska, Joanna Mucha, Ryszard Petru oraz Micha\u0142 Kobosko. Z nowych doniesie\u0144 wynika jednak, \u017ce na tym lista kandydat\u00f3w mo\u017ce si\u0119 nie sko\u0144czy\u0107.<\/p>\n<p>   Co z przysz\u0142o\u015bci\u0105 Szymona Ho\u0142owni? Zaskakuj\u0105cy scenariusz<\/p>\n<p class=\"ods-c-paragraph \">Jak si\u0119 okazuje, nie mo\u017cna wykluczy\u0107, \u017ce jednak r\u00f3wnie\u017c Ho\u0142ownia do\u0142\u0105czy do walki o fotel lidera Polski 2050. Liczy\u0107 na to ma cz\u0119\u015b\u0107 polityk\u00f3w nale\u017c\u0105cych do tego ugrupowania. Ewa Szymanowska w rozmowie z RMF FM podkre\u015bla, \u017ce nie wyklucza\u0142aby mo\u017cliwo\u015bci zmiany plan\u00f3w wicemarsza\u0142ka Sejmu.<\/p>\n<p class=\"ods-c-paragraph \">\u2014 Nie wiem, czy sam Szymon Ho\u0142ownia podj\u0105\u0142 tak\u0105 decyzj\u0119, ale ja bym niczego nie wyklucza\u0142a. My\u015bl\u0119, \u017ce g\u0142osowa\u0142abym za Szymonem Ho\u0142owni\u0105, ale te\u017c bliski memu sercu jest Micha\u0142 Kobosko \u2014 m\u00f3wi pos\u0142anka Polski 2050. Istotnym w tej sprawie jest jednak fakt, \u017ce aktualny lider Polski 2050 od jakiego\u015b czasu ubiega si\u0119 o stanowisko Wysokiego Komisarza ONZ do spraw Uchod\u017ac\u00f3w.<\/p>\n<p class=\"ods-c-paragraph \">RMF FM przekazuje, \u017ce w walce o ten fotel w mi\u0119dzynarodowej organizacji pozosta\u0142o ju\u017c tylko dw\u00f3ch kandydat\u00f3w. Jednym z nich ma by\u0107 w\u0142a\u015bnie Ho\u0142ownia. Od ostatecznego rozstrzygni\u0119cia w tej sprawie ma zale\u017ce\u0107 ewentualna decyzja wicemarsza\u0142ka Sejmu dotycz\u0105ca Polski 2050.<\/p>\n","protected":false},"excerpt":{"rendered":"Ju\u017c w styczniu przysz\u0142ego roku Polsk\u0119 2050 mog\u0105 czeka\u0107 du\u017ce zmiany. To wtedy odb\u0119d\u0105 si\u0119 wybory na nowego&hellip;\n","protected":false},"author":2,"featured_media":127571,"comment_status":"","ping_status":"","sticky":false,"template":"","format":"standard","meta":{"footnotes":""},"categories":[12],"tags":[32,33,26990,36,37,27,49,34,35,28,31,48,25,46,1191,42,38,40,39,202,41,47,204,29,30,26],"class_list":{"0":"post-127570","1":"post","2":"type-post","3":"status-publish","4":"format-standard","5":"has-post-thumbnail","7":"category-polska","8":"tag-breaking-news","9":"tag-breakingnews","10":"tag-ewa_szymanowska","11":"tag-featured-news","12":"tag-featurednews","13":"tag-headlines","14":"tag-kraj","15":"tag-latest-news","16":"tag-latestnews","17":"tag-naglowki","18":"tag-najwazniejsze-artykuly","19":"tag-nat_styl","20":"tag-news","21":"tag-omp","22":"tag-onz","23":"tag-pl","24":"tag-poland","25":"tag-polish","26":"tag-polska","27":"tag-polska_2050","28":"tag-polski","29":"tag-screening_general","30":"tag-szymon_holownia","31":"tag-top-stories","32":"tag-topstories","33":"tag-wiadomosci"},"share_on_mastodon":{"url":"https:\/\/pubeurope.com\/@pl\/115645065801180961","error":""},"_links":{"self":[{"href":"https:\/\/www.europesays.com\/pl\/wp-json\/wp\/v2\/posts\/127570","targetHints":{"allow":["GET"]}}],"collection":[{"href":"https:\/\/www.europesays.com\/pl\/wp-json\/wp\/v2\/posts"}],"about":[{"href":"https:\/\/www.europesays.com\/pl\/wp-json\/wp\/v2\/types\/post"}],"author":[{"embeddable":true,"href":"https:\/\/www.europesays.com\/pl\/wp-json\/wp\/v2\/users\/2"}],"replies":[{"embeddable":true,"href":"https:\/\/www.europesays.com\/pl\/wp-json\/wp\/v2\/comments?post=127570"}],"version-history":[{"count":0,"href":"https:\/\/www.europesays.com\/pl\/wp-json\/wp\/v2\/posts\/127570\/revisions"}],"wp:featuredmedia":[{"embeddable":true,"href":"https:\/\/www.europesays.com\/pl\/wp-json\/wp\/v2\/media\/127571"}],"wp:attachment":[{"href":"https:\/\/www.europesays.com\/pl\/wp-json\/wp\/v2\/media?parent=127570"}],"wp:term":[{"taxonomy":"category","embeddable":true,"href":"https:\/\/www.europesays.com\/pl\/wp-json\/wp\/v2\/categories?post=127570"},{"taxonomy":"post_tag","embeddable":true,"href":"https:\/\/www.europesays.com\/pl\/wp-json\/wp\/v2\/tags?post=127570"}],"curies":[{"name":"wp","href":"https:\/\/api.w.org\/{rel}","templated":true}]}}