{"id":127949,"date":"2025-12-01T19:53:10","date_gmt":"2025-12-01T19:53:10","guid":{"rendered":"https:\/\/www.europesays.com\/pl\/127949\/"},"modified":"2025-12-01T19:53:10","modified_gmt":"2025-12-01T19:53:10","slug":"rozmowy-pokojowe-na-florydzie-nowy-komunikat-bialego-domu-onet","status":"publish","type":"post","link":"https:\/\/www.europesays.com\/pl\/127949\/","title":{"rendered":"Rozmowy pokojowe na Florydzie. Nowy komunikat Bia\u0142ego Domu &#8211; Onet"},"content":{"rendered":"<ol>\n<li><a href=\"https:\/\/news.google.com\/rss\/articles\/CBMivAFBVV95cUxQY09xU2xST2hZQXhTa2lhTUY5VzlmOXFlaEZ2OTM3cHBhNVNFT3ZFb1lFWktJa2pxUzJacVliNnFaVTFpZC1EOWdoWEM4U3lTQ09ENC1xalN0NEVzeUthT01Dc2NUYVBnYmNkNmRHTjRzOE95bDVYVThNbmpfVEFPTnRUWm1NdmxXZklvQktMcWxWZWVuVjk2MURHbHIyQVdVS01EcEJ1Z28tTHJQaHpkVUhoOHZFakxEd0dFSw?oc=5\" target=\"_blank\" rel=\"nofollow noopener\">Rozmowy pokojowe na Florydzie. Nowy komunikat Bia\u0142ego Domu<\/a>&nbsp;&nbsp;Onet<\/li>\n<li><a href=\"https:\/\/news.google.com\/rss\/articles\/CBMisgFBVV95cUxQMFN2RnFxM25XbHg2bXRDbnFYV1NuX2FnSjUxWFB4S1pHY0JyX0JoV1BSYkRfWmZTcWp2RXpEcFdSaENHYUdNRTIwWS1jTGFuNW1qVDdxeHJPNlkzd3RPOHJtcGVvNWprdW9tMWlQNkFUY2VqOV9BOTcwMEhlQncyeXRNRzZsdFpuaUNXRWVfS2V1bHVUMFFUYW9yY292ejJFUVo3UnFrRjhpM0h1Mk95NU5R?oc=5\" target=\"_blank\" rel=\"nofollow noopener\">Przeciek z rozm\u00f3w pokojowych. Jeden punkt mo\u017ce zosta\u0107 &#8222;na papierze&#8221;<\/a>&nbsp;&nbsp;Onet Wiadomo\u015bci<\/li>\n<li><a href=\"https:\/\/news.google.com\/rss\/articles\/CBMiugFBVV95cUxPR0Y5aXI1OFNSU212WGNvZjVSaG9WUWgtWmFpdUpkX0x4MTR5NVJ0RHowOVV1V1BnOXAtUWQ5RDZsRFRLeklxM3BkS3BtemNZY0lLd3Q2WVVUblhSUjJTQzlFTUd5a0cyNWlqa1FRMm9iTkc1ckFXMlJwaFQtOHc3WnNwTWlldnA0eWR3aEtUUm5iaEM4dlFDaTN1dThPRXlGRHpuSjZubVg4NFpTN0p0akZYY3ZKWEVaQkE?oc=5\" target=\"_blank\" rel=\"nofollow noopener\">Ze\u0142enski zrezygnuje? &#8222;To nie Rosja powinna decydowa\u0107 o tym, kto rz\u0105dzi Ukrain\u0105&#8221;<\/a>&nbsp;&nbsp;WP Wiadomo\u015bci<\/li>\n<li><a href=\"https:\/\/news.google.com\/rss\/articles\/CBMipgFBVV95cUxOZjl0YzhXeU82MHhrWE9iWS1ZWVRYb19aQ3hWUGdrN1RDX3NhRVR4SldMZlM1NHRUdS1hRExFdl9HdFZNX2pQaldGMS1vWmJwVGNuWll1Ym1TZVAzakg1MklRY0ZwbmZMb3NvN0dFOVFDMlRHWUplbWRZcDVNMXNzY0E2U1RfbXljQmlYQkQ2TWRwM1hPZ3phVzJtRFFDTVVDdEhhNktR?oc=5\" target=\"_blank\" rel=\"nofollow noopener\">Rubio o pokoju w Ukrainie: &#8222;Jeste\u015bmy realistami&#8221;. Rosja nasila ataki<\/a>&nbsp;&nbsp;Wyborcza.pl<\/li>\n<li><a href=\"https:\/\/news.google.com\/rss\/articles\/CBMiugFBVV95cUxQN25zUlI2ejcxcWpmTU9xcmlhdU5IZHk1cDR2X1FnTWRoX2xUZ1d2R2NWckMtdW9ZUEJNUEt2dlZ0bXZwX2J5bjdXak1Nblk5QTdQbEQweGR6T3FXVHJOckR4ekh6ZVh3Tzg3enVGUmtUOVVmUzdSbWViOE83SnlkX1dqOE5GLUh6ZFZBSFpVREIzR3V2M3BQSEdYUmFLMzJrSkRlTUxlUjlPZEpRT0NGeXJmOFJNVkVfRlE?oc=5\" target=\"_blank\" rel=\"nofollow noopener\">Negocjacje pokojowe USA &#8211; Ukraina. Jest nowy komunikat Bia\u0142ego Domu<\/a>&nbsp;&nbsp;Wydarzenia w INTERIA.PL<\/li>\n<\/ol>\n","protected":false},"excerpt":{"rendered":"Rozmowy pokojowe na Florydzie. Nowy komunikat Bia\u0142ego Domu&nbsp;&nbsp;Onet Przeciek z rozm\u00f3w pokojowych. Jeden punkt mo\u017ce zosta\u0107 &#8222;na papierze&#8221;&nbsp;&nbsp;Onet&hellip;\n","protected":false},"author":2,"featured_media":127950,"comment_status":"","ping_status":"","sticky":false,"template":"","format":"standard","meta":{"footnotes":""},"categories":[5],"tags":[32,33,36,37,27,4886,34,35,28,31,53,25,52,68,51,55,42,38,40,39,41,47,59,29,30,50,26],"class_list":{"0":"post-127949","1":"post","2":"type-post","3":"status-publish","4":"format-standard","5":"has-post-thumbnail","7":"category-naglowki","8":"tag-breaking-news","9":"tag-breakingnews","10":"tag-featured-news","11":"tag-featurednews","12":"tag-headlines","13":"tag-karoline_leavitt","14":"tag-latest-news","15":"tag-latestnews","16":"tag-naglowki","17":"tag-najwazniejsze-artykuly","18":"tag-new_header","19":"tag-news","20":"tag-onet3","21":"tag-onet3d","22":"tag-onet3d_2i","23":"tag-phx","24":"tag-pl","25":"tag-poland","26":"tag-polish","27":"tag-polska","28":"tag-polski","29":"tag-screening_general","30":"tag-stany_zjednoczone_usa","31":"tag-top-stories","32":"tag-topstories","33":"tag-v2021","34":"tag-wiadomosci"},"share_on_mastodon":{"url":"https:\/\/pubeurope.com\/@pl\/115646064634113758","error":""},"_links":{"self":[{"href":"https:\/\/www.europesays.com\/pl\/wp-json\/wp\/v2\/posts\/127949","targetHints":{"allow":["GET"]}}],"collection":[{"href":"https:\/\/www.europesays.com\/pl\/wp-json\/wp\/v2\/posts"}],"about":[{"href":"https:\/\/www.europesays.com\/pl\/wp-json\/wp\/v2\/types\/post"}],"author":[{"embeddable":true,"href":"https:\/\/www.europesays.com\/pl\/wp-json\/wp\/v2\/users\/2"}],"replies":[{"embeddable":true,"href":"https:\/\/www.europesays.com\/pl\/wp-json\/wp\/v2\/comments?post=127949"}],"version-history":[{"count":0,"href":"https:\/\/www.europesays.com\/pl\/wp-json\/wp\/v2\/posts\/127949\/revisions"}],"wp:featuredmedia":[{"embeddable":true,"href":"https:\/\/www.europesays.com\/pl\/wp-json\/wp\/v2\/media\/127950"}],"wp:attachment":[{"href":"https:\/\/www.europesays.com\/pl\/wp-json\/wp\/v2\/media?parent=127949"}],"wp:term":[{"taxonomy":"category","embeddable":true,"href":"https:\/\/www.europesays.com\/pl\/wp-json\/wp\/v2\/categories?post=127949"},{"taxonomy":"post_tag","embeddable":true,"href":"https:\/\/www.europesays.com\/pl\/wp-json\/wp\/v2\/tags?post=127949"}],"curies":[{"name":"wp","href":"https:\/\/api.w.org\/{rel}","templated":true}]}}