{"id":127988,"date":"2025-12-01T20:14:17","date_gmt":"2025-12-01T20:14:17","guid":{"rendered":"https:\/\/www.europesays.com\/pl\/127988\/"},"modified":"2025-12-01T20:14:17","modified_gmt":"2025-12-01T20:14:17","slug":"premier-powolal-nowy-departament-od-sluzb","status":"publish","type":"post","link":"https:\/\/www.europesays.com\/pl\/127988\/","title":{"rendered":"Premier powo\u0142a\u0142 nowy departament \u201eod s\u0142u\u017cb\u201d"},"content":{"rendered":"<p>   <img decoding=\"async\" src=\"https:\/\/www.europesays.com\/pl\/wp-content\/uploads\/2025\/12\/3SrJeaOFBPySJmNu21RapyuY4xWf92wESACPNA2C.nwqn.jpg\" alt=\"fot. KPRM \/ gov.pl\"  width=\"800\" height=\"450\" author=\"KPRM\" fetchpriority=\"high\" class=\"img image-with-caption__image\"\/><br \/>\n        fot. KPRM \/ gov.pl<br \/>\n       <br \/>Autor. KPRM<\/p>\n<ul class=\"article-share list-inline d-lg-none bg-black mb-0\">\n<li class=\"article-share-item list-inline-item m-0\">\n        Facebook\n      <\/li>\n<li class=\"article-share-item list-inline-item m-0\">\n        Twitter\n      <\/li>\n<li class=\"article-share-item list-inline-item m-0\">\n        LinkedIn\n      <\/li>\n<li class=\"article-share-item list-inline-item m-0\">\n        Kopiuj link\n      <\/li>\n<li class=\"article-share-item list-inline-item m-0\">\n        Wy\u015blij email\n      <\/li>\n<\/ul>\n<p>W Monitorze Polskim ukaza\u0142o si\u0119 zarz\u0105dzenie premiera Donalda Tuska zmieniaj\u0105ce statut Kancelarii Prezesa Rady Ministr\u00f3w. Wprowadzona zmiana przewiduje utworzenie Departamentu Koordynacji S\u0142u\u017cb Specjalnych. Jak na razie nie wiadomo czym dok\u0142adnie zajmowa\u0107 ma si\u0119 nowa kom\u00f3rka.<\/p>\n<p class=\"paragraph-module\">Dokument, o kt\u00f3rym mowa zosta\u0142 opublikowany w Monitorze Polskim 17 listopada. Wynika z niego, \u017ce zarz\u0105dzenie wesz\u0142o w \u017cycie dzie\u0144 po og\u0142oszeniu, co oznacza, \u017ce struktura KPRM zosta\u0142a formalnie rozszerzona o kolejny element odpowiedzialny za obszar s\u0142u\u017cb specjalnych 18 listopada.<\/p>\n<p>  <img  alt=\"\" width=\"780\" author=\"Monitor Polski\" class=\"img image-with-caption__image\"\/><br \/>\n        Autor. Monitor Polski<\/p>\n<p class=\"paragraph-module\">Pojawienie si\u0119 nowego departamentu jest o tyle istotne, \u017ce dotychczas za szeroko rozumian\u0105 koordynacj\u0119 s\u0142u\u017cb specjalnych odpowiada\u0142 istniej\u0105cy w Kancelarii Prezesa Rady Ministr\u00f3w Departament Bezpiecze\u0144stwa Narodowego. To w\u0142a\u015bnie on wykonywa\u0142 zadania zwi\u0105zane z obs\u0142ug\u0105 ministra koordynatora s\u0142u\u017cb specjalnych, zapewniaj\u0105c wsparcie merytoryczne, analityczne, prawne, organizacyjne czy techniczne zar\u00f3wno jemu, jak i sekretarzowi Kolegium do Spraw S\u0142u\u017cb Specjalnych.<\/p>\n<p class=\"paragraph-module\">Departament Bezpiecze\u0144stwa Narodowego pe\u0142ni r\u00f3wnie\u017c funkcj\u0119 zaplecza obs\u0142ugowego dla Kolegium, kt\u00f3rego przewodnicz\u0105cym z mocy ustawy jest Prezes Rady Ministr\u00f3w. Zakres jego odpowiedzialno\u015bci obejmuje realizacj\u0119 zada\u0144 i kompetencji wynikaj\u0105cych z ustaw reguluj\u0105cych dzia\u0142alno\u015b\u0107 s\u0142u\u017cb specjalnych, ochron\u0119 informacji niejawnych oraz wdra\u017canie przepis\u00f3w ustawy o ochronie sygnalist\u00f3w. To w\u0142a\u015bnie ten departament odpowiada\u0142 wi\u0119c dot\u0105d za wi\u0119kszo\u015b\u0107 proces\u00f3w zwi\u0105zanych z nadzorem, kontrol\u0105 i koordynacj\u0105 dzia\u0142a\u0144 s\u0142u\u017cb.<\/p>\n<p class=\"paragraph-module\">Wprowadzenie do struktury KPRM kolejnej jednostki dedykowanej obszarowi s\u0142u\u017cb specjalnych rodzi pytania o przysz\u0142y podzia\u0142 kompetencji. Zarz\u0105dzenie premiera nie wskazuje, w jaki spos\u00f3b nowe cia\u0142o zostanie umiejscowione wzgl\u0119dem Departamentu Bezpiecze\u0144stwa Narodowego ani czy zast\u0105pi cz\u0119\u015b\u0107 jego dotychczasowych zada\u0144.<\/p>\n<p class=\"paragraph-module\">Powstanie nowego departamentu mo\u017ce zar\u00f3wno oznacza\u0107 reorganizacj\u0119 funkcjonowania nadzoru nad s\u0142u\u017cbami, zmian\u0119 sposobu ich koordynowania jak i wyodr\u0119bnienie nowych obszar\u00f3w odpowiedzialno\u015bci, kt\u00f3rych dotychczasowy departament nie obejmowa\u0142.<\/p>\n<p class=\"paragraph-module\">Redakcja InfoSecurity24.pl zwr\u00f3ci\u0142a si\u0119 do rzecznika ministra koordynatora s\u0142u\u017cb specjalnych z pytaniami dotycz\u0105cymi roli i zada\u0144 nowo utworzonego departamentu. Gdy tylko otrzymamy odpowied\u017a, planujemy kontynuacj\u0119 tematu.<\/p>\n","protected":false},"excerpt":{"rendered":"fot. KPRM \/ gov.pl Autor. KPRM Facebook Twitter LinkedIn Kopiuj link Wy\u015blij email W Monitorze Polskim ukaza\u0142o si\u0119&hellip;\n","protected":false},"author":2,"featured_media":127989,"comment_status":"","ping_status":"","sticky":false,"template":"","format":"standard","meta":{"footnotes":""},"categories":[5],"tags":[32,33,27045,27047,1345,36,37,27,27046,22740,34,35,28,31,25,42,38,40,39,41,11209,1346,29,30,26],"class_list":{"0":"post-127988","1":"post","2":"type-post","3":"status-publish","4":"format-standard","5":"has-post-thumbnail","7":"category-naglowki","8":"tag-breaking-news","9":"tag-breakingnews","10":"tag-departament-bezpieczenstwa-narodowego-kprm","11":"tag-departament-koordynacji-sluzb-specjalnych","12":"tag-donald-tusk","13":"tag-featured-news","14":"tag-featurednews","15":"tag-headlines","16":"tag-kancelaria-prezesa-rady-ministrow","17":"tag-kprm","18":"tag-latest-news","19":"tag-latestnews","20":"tag-naglowki","21":"tag-najwazniejsze-artykuly","22":"tag-news","23":"tag-pl","24":"tag-poland","25":"tag-polish","26":"tag-polska","27":"tag-polski","28":"tag-sluzby-specjalne","29":"tag-tomasz-siemoniak","30":"tag-top-stories","31":"tag-topstories","32":"tag-wiadomosci"},"share_on_mastodon":{"url":"https:\/\/pubeurope.com\/@pl\/115646147512961111","error":""},"_links":{"self":[{"href":"https:\/\/www.europesays.com\/pl\/wp-json\/wp\/v2\/posts\/127988","targetHints":{"allow":["GET"]}}],"collection":[{"href":"https:\/\/www.europesays.com\/pl\/wp-json\/wp\/v2\/posts"}],"about":[{"href":"https:\/\/www.europesays.com\/pl\/wp-json\/wp\/v2\/types\/post"}],"author":[{"embeddable":true,"href":"https:\/\/www.europesays.com\/pl\/wp-json\/wp\/v2\/users\/2"}],"replies":[{"embeddable":true,"href":"https:\/\/www.europesays.com\/pl\/wp-json\/wp\/v2\/comments?post=127988"}],"version-history":[{"count":0,"href":"https:\/\/www.europesays.com\/pl\/wp-json\/wp\/v2\/posts\/127988\/revisions"}],"wp:featuredmedia":[{"embeddable":true,"href":"https:\/\/www.europesays.com\/pl\/wp-json\/wp\/v2\/media\/127989"}],"wp:attachment":[{"href":"https:\/\/www.europesays.com\/pl\/wp-json\/wp\/v2\/media?parent=127988"}],"wp:term":[{"taxonomy":"category","embeddable":true,"href":"https:\/\/www.europesays.com\/pl\/wp-json\/wp\/v2\/categories?post=127988"},{"taxonomy":"post_tag","embeddable":true,"href":"https:\/\/www.europesays.com\/pl\/wp-json\/wp\/v2\/tags?post=127988"}],"curies":[{"name":"wp","href":"https:\/\/api.w.org\/{rel}","templated":true}]}}