{"id":128132,"date":"2025-12-01T22:49:08","date_gmt":"2025-12-01T22:49:08","guid":{"rendered":"https:\/\/www.europesays.com\/pl\/128132\/"},"modified":"2025-12-01T22:49:08","modified_gmt":"2025-12-01T22:49:08","slug":"ukraina-zaatakowala-statki-floty-cieni-u-wybrzezy-turcji-erdogan-reaguje-onet","status":"publish","type":"post","link":"https:\/\/www.europesays.com\/pl\/128132\/","title":{"rendered":"Ukraina zaatakowa\u0142a statki floty cieni u wybrze\u017cy Turcji. Erdogan reaguje &#8211; Onet"},"content":{"rendered":"<ol>\n<li><a href=\"https:\/\/news.google.com\/rss\/articles\/CBMizAFBVV95cUxPSzREdW95T0lPRXpneVNZcElnQS1nemJWS3BXRDlqc1ZBRDNfLVZ3aGZYR0h3MFh1NVZVTkFfb3JWY3JaUmN6UjZjeEdsOG8yY3dUVlg2RnhZOUljOC1aZ3ZLT2Z3ZUlnS0JKZmJmTEpYeXktV3RfSGYzT0tVMG5zd2FpTWs4UE1kU3l5Z2pJd0lyX1REMWhSQTE0eXNsUjVvcWV0bzVrYWhJb0VqdjVSckdRVU5sS3hKSDM4RXhKcXRRSG5rVDJOT0pNMjg?oc=5\" target=\"_blank\" rel=\"nofollow noopener\">Ukraina zaatakowa\u0142a statki floty cieni u wybrze\u017cy Turcji. Erdogan reaguje<\/a>&nbsp;&nbsp;Onet<\/li>\n<li><a href=\"https:\/\/news.google.com\/rss\/articles\/CBMisgFBVV95cUxNUFBUdzRqSnVVUWZUOVJDNHhuLTByYW9LNnlNV0ZSMHBTZ2ltdnljRjdSZDRLRU9oV2Ztall0bDB1bUtsRFVhTW12UGlqYmFac25NZGV4VlVpZDFkVjJOQmVrVXgwa3hzWUE0NnFFWWlwZHZuOVVFNHRFMnE5UGlETWI3TVBoX2RNd2ZGR0F2SVhKZ09VMDU3NHlHR2lPTUtJdVotbDU5RE55bEJ2bkxtd01B?oc=5\" target=\"_blank\" rel=\"nofollow noopener\">Drony Sea Baby uderzaj\u0105 w tankowce z rosyjsk\u0105 rop\u0105. Trzecia eksplozja<\/a>&nbsp;&nbsp;Rzeczpospolita<\/li>\n<li><a href=\"https:\/\/news.google.com\/rss\/articles\/CBMiwgFBVV95cUxQd2Y5OUg3ZlJJQVRqTG5USFNuWmxkMnhPa1VwdTlFUDVNMHJrOXp4YlVNNWVXUWpMbk0wbXhFdG9vYWJ4akRuamd1ZWdQNUktS25QRUl2Mks3akZaOS1xV0VYeTA0T1pYMnFjV2pNREdtQ3FVUTFZcGxVM05LcG45YnFmZVVidlVaek54RFJ2MEFiZ3YwbzJMRlZSSDNLd0ozVmJwOW1UbS01X0dGbEE0MFNGajdQaV9CUnNmTGk5VHNPZw?oc=5\" target=\"_blank\" rel=\"nofollow noopener\">Turcja: Prezydent Erdogan: ataki na statki handlowe na Morzu Czarnym s\u0105 nie do przyj\u0119cia<\/a>&nbsp;&nbsp;wnp.pl<\/li>\n<li><a href=\"https:\/\/news.google.com\/rss\/articles\/CBMilwFBVV95cUxPNEpkNThxaFlsT2xNQ3dVS3ZQdmF5S3VUeWplYVhqVnN0U0RuZjN3U2lGMVplNmlGRWZlVmhMRFNFSUZmZDVVWUtBT3lJRllaRkFxTElXOXZGZzNua2puRXlLQ1JTSkkzdUI3TVduTTBUSWdmMS1veWhYRXFxWV81NnhzQ2txeTlSeWthT2FaRlJzUjd6dk9j?oc=5\" target=\"_blank\" rel=\"nofollow noopener\">Turecki tankowiec nada\u0142 SOS. Przewozi\u0142 rosyjsk\u0105 rop\u0119<\/a>&nbsp;&nbsp;Onet Wiadomo\u015bci<\/li>\n<li><a href=\"https:\/\/news.google.com\/rss\/articles\/CBMipgFBVV95cUxOZUZlWm1vcXFoOHM4NlpQU3l0R3V3YmpaLUlfTTlFTjhYdzR3ZEVyR1VUS1dvSFZMd3hHeGpOM2tpQVhqY2x4RzZVYnlzNDU2QTZZRXYxZVBybnBqdEhVc205UjdQMlBhdUlKWUpLWjZLMWNXSC1TcHVRRWtJWkprUEkxeVU0Y21XODdwSUh4ZGIxWUV0VGF5dklUSzNVcXozY204STd3?oc=5\" target=\"_blank\" rel=\"nofollow noopener\">Ukraina dokona\u0142a \u015bmia\u0142ych atak\u00f3w na tankowce floty cieni i kluczowy terminal w Rosji<\/a>&nbsp;&nbsp;Wyborcza.pl<\/li>\n<\/ol>\n","protected":false},"excerpt":{"rendered":"Ukraina zaatakowa\u0142a statki floty cieni u wybrze\u017cy Turcji. Erdogan reaguje&nbsp;&nbsp;Onet Drony Sea Baby uderzaj\u0105 w tankowce z rosyjsk\u0105&hellip;\n","protected":false},"author":2,"featured_media":128133,"comment_status":"","ping_status":"","sticky":false,"template":"","format":"standard","meta":{"footnotes":""},"categories":[14],"tags":[27078,32,33,27,67,64,34,35,19592,28,31,53,25,52,68,51,55,40,41,4373,1745,62,47,80,29,30,4372,390,65,50,26,82,83,84],"class_list":{"0":"post-128132","1":"post","2":"type-post","3":"status-publish","4":"format-standard","5":"has-post-thumbnail","7":"category-swiat","8":"tag-bosfor","9":"tag-breaking-news","10":"tag-breakingnews","11":"tag-headlines","12":"tag-intextvideo_splayer","13":"tag-inwazja_rosji_na_ukraine_2014_","14":"tag-latest-news","15":"tag-latestnews","16":"tag-morze_czarne","17":"tag-naglowki","18":"tag-najwazniejsze-artykuly","19":"tag-new_header","20":"tag-news","21":"tag-onet3","22":"tag-onet3d","23":"tag-onet3d_2i","24":"tag-phx","25":"tag-polish","26":"tag-polski","27":"tag-recep_tayyip_erdogan_turecki_prezydent","28":"tag-ropa_naftowa","29":"tag-rosja_kraj_rosjanin_rosjanie_rosjanka_rosjanki","30":"tag-screening_general","31":"tag-swiat","32":"tag-top-stories","33":"tag-topstories","34":"tag-turcja_kraj","35":"tag-ukraina_ukrainiec_ukrainka_ukraincy_ukrainki","36":"tag-update_me","37":"tag-v2021","38":"tag-wiadomosci","39":"tag-world","40":"tag-world-news","41":"tag-worldnews"},"share_on_mastodon":{"url":"","error":"Validation failed: Text character limit of 500 exceeded"},"_links":{"self":[{"href":"https:\/\/www.europesays.com\/pl\/wp-json\/wp\/v2\/posts\/128132","targetHints":{"allow":["GET"]}}],"collection":[{"href":"https:\/\/www.europesays.com\/pl\/wp-json\/wp\/v2\/posts"}],"about":[{"href":"https:\/\/www.europesays.com\/pl\/wp-json\/wp\/v2\/types\/post"}],"author":[{"embeddable":true,"href":"https:\/\/www.europesays.com\/pl\/wp-json\/wp\/v2\/users\/2"}],"replies":[{"embeddable":true,"href":"https:\/\/www.europesays.com\/pl\/wp-json\/wp\/v2\/comments?post=128132"}],"version-history":[{"count":0,"href":"https:\/\/www.europesays.com\/pl\/wp-json\/wp\/v2\/posts\/128132\/revisions"}],"wp:featuredmedia":[{"embeddable":true,"href":"https:\/\/www.europesays.com\/pl\/wp-json\/wp\/v2\/media\/128133"}],"wp:attachment":[{"href":"https:\/\/www.europesays.com\/pl\/wp-json\/wp\/v2\/media?parent=128132"}],"wp:term":[{"taxonomy":"category","embeddable":true,"href":"https:\/\/www.europesays.com\/pl\/wp-json\/wp\/v2\/categories?post=128132"},{"taxonomy":"post_tag","embeddable":true,"href":"https:\/\/www.europesays.com\/pl\/wp-json\/wp\/v2\/tags?post=128132"}],"curies":[{"name":"wp","href":"https:\/\/api.w.org\/{rel}","templated":true}]}}