{"id":128395,"date":"2025-12-02T06:05:08","date_gmt":"2025-12-02T06:05:08","guid":{"rendered":"https:\/\/www.europesays.com\/pl\/128395\/"},"modified":"2025-12-02T06:05:08","modified_gmt":"2025-12-02T06:05:08","slug":"napiecie-na-linii-usa-wenezuela-kulisy-stanowczej-rozmowy-donalda-trumpa-z-nicolasem-maduro-podsumowanie-nocy-onet","status":"publish","type":"post","link":"https:\/\/www.europesays.com\/pl\/128395\/","title":{"rendered":"Napi\u0119cie na linii USA\u2013Wenezuela. Kulisy stanowczej rozmowy Donalda Trumpa z Nicolasem Maduro. Podsumowanie nocy &#8211; Onet"},"content":{"rendered":"<ol>\n<li><a href=\"https:\/\/news.google.com\/rss\/articles\/CBMi3wFBVV95cUxPbnA3VWY0cmhmMUtrak1GX1MxZzV6V0ZqQ0pqdE1Pa3k1dkJCbWJ4NkRqVWx0cWJPcGwwc2JjbU9MYUZ5S0NrZWdZZjB1QW1qLXE2WmNYZGNOd2doYzZpOE1tY2x0ckhTeURvSl9oelhxaU1QSlcyazRKOTJtbHE0NTN2Y0Noc0lsVG1QUldkM0R1V2JxaVF4Z2hMbTJKVmEtc2FUdFFLOTBHSlhQNFVOTkJSZ2xEZVc0QjJHSTZTSUVQRnpiY3hUZ3dMYV9oOWI1bDhYQnctVnJkekFqNnB3?oc=5\" target=\"_blank\" rel=\"nofollow noopener\">Napi\u0119cie na linii USA\u2013Wenezuela. Kulisy stanowczej rozmowy Donalda Trumpa z Nicolasem Maduro. Podsumowanie nocy<\/a>&nbsp;&nbsp;Onet<\/li>\n<li><a href=\"https:\/\/news.google.com\/rss\/articles\/CBMi4gFBVV95cUxNZW5LM1VNVHA1UE1JUGZfN1llRGlocW1Zdk1LQkhqYk03NzFJdlhGa2hncUVuZW91cmY2MlI4bXFBbXZuY3BwR2VvTjA5aFZ0Z0FmUFQ5Y1VKcFZTY3JuZ1BmSHIzUGI5S3QtdHNJTUdLR3liUnVwMkViTWJ6MlpaU1Z1Z2RESS0xcnN1eHRTT1hoMnNHTDR0cmdPb3RKemt2S1Bsd2VGcXEtLWhhU3dHMmlhSUVsX2l1YWpMd20tR09aUkFOVXh0Rko1TDFheWxvbDh0Z2NRRWVRS1dVckdrUUh3?oc=5\" target=\"_blank\" rel=\"nofollow noopener\">Trump da\u0142 siedem dni na ucieczk\u0119<\/a>&nbsp;&nbsp;TVN24<\/li>\n<li><a href=\"https:\/\/news.google.com\/rss\/articles\/CBMijAFBVV95cUxOenVQSzdlazNzNDhtQWdCSC00OTdXdGxlVll1VTlvRlRYSmsxUDlmVUoxS3NnS2tHa1laa0tnZUpEMzZQN1gtaUdVV0dtMGRwMWVpM0l4Tm5lbU5HTUtWVEE5aTFPVS1hcWZJbHdsWDNTRExKby0zYmJGODk4ZEdHRjQ1d1lFc1M4Z29lZg?oc=5\" target=\"_blank\" rel=\"nofollow noopener\">&#8222;MSZ odradza wszelkie podr\u00f3\u017ce&#8221;. Nowy alert RCB<\/a>&nbsp;&nbsp;Onet Wiadomo\u015bci<\/li>\n<li><a href=\"https:\/\/news.google.com\/rss\/articles\/CBMinwFBVV95cUxON0dBWUVuaFRvQXZfT2ZUQW1tczVWYzYzcUVGemFmYlpRRUJmZUk4bWFaQVdFbnh4U1U1bEVuZHlia0JaYnZmUFR2TWhST050bGxtV2Y5ZGM0czRSVU9HeklBdFpKbEJ0ODBTVHVkQXdHTXNZYU1ncGhrSDV2S0FybjZacjlmZldjTzdSSkt0OTUwNVZ0VFAyeTBOYTFCMHM?oc=5\" target=\"_blank\" rel=\"nofollow noopener\">Czy Amerykanie zaatakuj\u0105 Wenezuel\u0119? Skutki by\u0142yby nieprzewidywalne<\/a>&nbsp;&nbsp;Wyborcza.pl<\/li>\n<li><a href=\"https:\/\/news.google.com\/rss\/articles\/CBMinwFBVV95cUxPZko5aGdGNktvcFA2TGhGTmlPMWhUUXE1azBWVW81OFN1VTgyNExlVWRmQm42cXVyU3p4QkphTTlqcENGUEc3dmJyV09GOENuT2l5VkMxTk1JRWViNjVFMXBrdXJFSWdqVFhlQ0RJUjN4c1B6a1JwM01meTUxbTljbW1Iemhmc0VPMHptVENaUUJrcEktSjRSZ0QzV0RpTkk?oc=5\" target=\"_blank\" rel=\"nofollow noopener\">Pilny alert RCB. Ostrzegaj\u0105 przed podr\u00f3\u017cami do Wenezueli<\/a>&nbsp;&nbsp;WP Wiadomo\u015bci<\/li>\n<\/ol>\n","protected":false},"excerpt":{"rendered":"Napi\u0119cie na linii USA\u2013Wenezuela. Kulisy stanowczej rozmowy Donalda Trumpa z Nicolasem Maduro. Podsumowanie nocy&nbsp;&nbsp;Onet Trump da\u0142 siedem dni&hellip;\n","protected":false},"author":2,"featured_media":128396,"comment_status":"","ping_status":"","sticky":false,"template":"","format":"standard","meta":{"footnotes":""},"categories":[5],"tags":[32,33,36,37,27,34,35,28,31,53,25,52,68,51,55,42,1997,38,40,39,41,47,1998,29,30,65,50,26],"class_list":{"0":"post-128395","1":"post","2":"type-post","3":"status-publish","4":"format-standard","5":"has-post-thumbnail","7":"category-naglowki","8":"tag-breaking-news","9":"tag-breakingnews","10":"tag-featured-news","11":"tag-featurednews","12":"tag-headlines","13":"tag-latest-news","14":"tag-latestnews","15":"tag-naglowki","16":"tag-najwazniejsze-artykuly","17":"tag-new_header","18":"tag-news","19":"tag-onet3","20":"tag-onet3d","21":"tag-onet3d_2i","22":"tag-phx","23":"tag-pl","24":"tag-podsumowanie_nocy_tag_techniczny","25":"tag-poland","26":"tag-polish","27":"tag-polska","28":"tag-polski","29":"tag-screening_general","30":"tag-short_news","31":"tag-top-stories","32":"tag-topstories","33":"tag-update_me","34":"tag-v2021","35":"tag-wiadomosci"},"share_on_mastodon":{"url":"https:\/\/pubeurope.com\/@pl\/115648470945027072","error":""},"_links":{"self":[{"href":"https:\/\/www.europesays.com\/pl\/wp-json\/wp\/v2\/posts\/128395","targetHints":{"allow":["GET"]}}],"collection":[{"href":"https:\/\/www.europesays.com\/pl\/wp-json\/wp\/v2\/posts"}],"about":[{"href":"https:\/\/www.europesays.com\/pl\/wp-json\/wp\/v2\/types\/post"}],"author":[{"embeddable":true,"href":"https:\/\/www.europesays.com\/pl\/wp-json\/wp\/v2\/users\/2"}],"replies":[{"embeddable":true,"href":"https:\/\/www.europesays.com\/pl\/wp-json\/wp\/v2\/comments?post=128395"}],"version-history":[{"count":0,"href":"https:\/\/www.europesays.com\/pl\/wp-json\/wp\/v2\/posts\/128395\/revisions"}],"wp:featuredmedia":[{"embeddable":true,"href":"https:\/\/www.europesays.com\/pl\/wp-json\/wp\/v2\/media\/128396"}],"wp:attachment":[{"href":"https:\/\/www.europesays.com\/pl\/wp-json\/wp\/v2\/media?parent=128395"}],"wp:term":[{"taxonomy":"category","embeddable":true,"href":"https:\/\/www.europesays.com\/pl\/wp-json\/wp\/v2\/categories?post=128395"},{"taxonomy":"post_tag","embeddable":true,"href":"https:\/\/www.europesays.com\/pl\/wp-json\/wp\/v2\/tags?post=128395"}],"curies":[{"name":"wp","href":"https:\/\/api.w.org\/{rel}","templated":true}]}}