{"id":128444,"date":"2025-12-02T06:47:13","date_gmt":"2025-12-02T06:47:13","guid":{"rendered":"https:\/\/www.europesays.com\/pl\/128444\/"},"modified":"2025-12-02T06:47:13","modified_gmt":"2025-12-02T06:47:13","slug":"ogladal-mecz-motor-legia-i-nagle-takie-slowa-kowalczyka","status":"publish","type":"post","link":"https:\/\/www.europesays.com\/pl\/128444\/","title":{"rendered":"Ogl\u0105da\u0142 mecz Motor &#8211; Legia. I nagle takie s\u0142owa Kowalczyka"},"content":{"rendered":"\n<p class=\"contentpart contentpart--default contentpart--text\" data-position=\"0\">Ten sezon jest fatalny dla <a href=\"https:\/\/sportowefakty.wp.pl\/pilka-nozna\/legia-warszawa\" rel=\"nofollow noopener\" target=\"_blank\">Legii Warszawa<\/a>. Klub ze stolicy po raz ostatni wygra\u0142 23 pa\u017adziernika z Szachtarem Donieck i w poniedzia\u0142ek remisem z Motorem Lublin (1:1) przed\u0142u\u017cy\u0142a tylko fataln\u0105 seri\u0119.<\/p>\n<p class=\"contentpart contentpart--default contentpart--text\" data-position=\"1\">Poniedzia\u0142kowy remis z motorem oznacza, \u017ce pi\u0142karze sto\u0142ecznego klubu przez ostatnie osiem mecz\u00f3w nie odnie\u015bli zwyci\u0119stwa. To najgorsza passa Legii od 52 lat. Wielu kibic\u00f3w nie ma wi\u0119c prawa tak d\u0142ugo czeka\u0107 na zwyci\u0119stwo swojej ekipy.<\/p>\n<p> <img role=\"presentation\" src=\"https:\/\/std.wpcdn.pl\/images\/adv\/placeholder_wp.svg\" loading=\"lazy\" alt=\"\" decoding=\"async\"\/>  <\/p>\n<p class=\"contentpart contentpart--default contentpart--text\" data-position=\"2\">ZOBACZ WIDEO: By\u0142a Miss Polski nadal zachwyca. W\u0142a\u015bnie odnios\u0142a sukces<\/p>\n<p class=\"contentpart contentpart--default contentpart--text\" data-position=\"4\">&#8222;Od kiedy Canal+ w poniedzia\u0142ki pokazuje mecze 1 ligi?&#8221; &#8211; skomentowa\u0142 brutalnie <a href=\"https:\/\/sportowefakty.wp.pl\/pilka-nozna\/wojciech-kowalczyk\" rel=\"nofollow noopener\" target=\"_blank\">Wojciech Kowalczyk<\/a>. By\u0142y pi\u0142karz Legii w tym sezonie jest ogromnym krytykiem poczyna\u0144 sto\u0142ecznego klubu, ale trudno mu si\u0119 dziwi\u0107.<\/p>\n<p class=\"contentpart contentpart--default contentpart--text\" data-position=\"5\">Obecnie Legia zajmuje 14. miejsce w tabeli <a href=\"https:\/\/sportowefakty.wp.pl\/pilka-nozna\/pko-ekstraklasa\" rel=\"nofollow noopener\" target=\"_blank\">PKO Ekstraklasa<\/a>\u00a0i ma zaledwie dwa punkty przewagi nad stref\u0105 spadkow\u0105. Do tego dru\u017cyna odpad\u0142a ju\u017c z Pucharu Polski, a w Lidze Konferencji tak\u017ce nie wiedzie si\u0119 jej najlepiej i musi wygra\u0107 oba ostatnie mecze, by awansowa\u0107 do dalszej fazy.<\/p>\n<p class=\"contentpart contentpart--default contentpart--text\" data-position=\"6\">Nast\u0119pny mecz Legia Warszawa zagra ju\u017c w niedziel\u0119 6 grudnia. Ich przeciwnikiem b\u0119dzie ostatni w tabeli <a href=\"https:\/\/sportowefakty.wp.pl\/pilka-nozna\/piast-gliwice\" rel=\"nofollow noopener\" target=\"_blank\">Piast Gliwice<\/a>. Przegrana klubu ze stolicy mo\u017cna oznacza\u0107 to, \u017ce na p\u00f3\u0142metku sezonu znajd\u0105 si\u0119 w strefie spadkowej.<\/p>\n","protected":false},"excerpt":{"rendered":"Ten sezon jest fatalny dla Legii Warszawa. Klub ze stolicy po raz ostatni wygra\u0142 23 pa\u017adziernika z Szachtarem&hellip;\n","protected":false},"author":2,"featured_media":128445,"comment_status":"","ping_status":"","sticky":false,"template":"","format":"standard","meta":{"footnotes":""},"categories":[5],"tags":[32,33,36,37,27,34,35,713,28,31,25,2810,269,1724,42,38,40,39,41,29,30,26,4833],"class_list":{"0":"post-128444","1":"post","2":"type-post","3":"status-publish","4":"format-standard","5":"has-post-thumbnail","7":"category-naglowki","8":"tag-breaking-news","9":"tag-breakingnews","10":"tag-featured-news","11":"tag-featurednews","12":"tag-headlines","13":"tag-latest-news","14":"tag-latestnews","15":"tag-legia-warszawa","16":"tag-naglowki","17":"tag-najwazniejsze-artykuly","18":"tag-news","19":"tag-piast-gliwice","20":"tag-pilka-nozna","21":"tag-pko-ekstraklasa","22":"tag-pl","23":"tag-poland","24":"tag-polish","25":"tag-polska","26":"tag-polski","27":"tag-top-stories","28":"tag-topstories","29":"tag-wiadomosci","30":"tag-wojciech-kowalczyk"},"share_on_mastodon":{"url":"https:\/\/pubeurope.com\/@pl\/115648636391415583","error":""},"_links":{"self":[{"href":"https:\/\/www.europesays.com\/pl\/wp-json\/wp\/v2\/posts\/128444","targetHints":{"allow":["GET"]}}],"collection":[{"href":"https:\/\/www.europesays.com\/pl\/wp-json\/wp\/v2\/posts"}],"about":[{"href":"https:\/\/www.europesays.com\/pl\/wp-json\/wp\/v2\/types\/post"}],"author":[{"embeddable":true,"href":"https:\/\/www.europesays.com\/pl\/wp-json\/wp\/v2\/users\/2"}],"replies":[{"embeddable":true,"href":"https:\/\/www.europesays.com\/pl\/wp-json\/wp\/v2\/comments?post=128444"}],"version-history":[{"count":0,"href":"https:\/\/www.europesays.com\/pl\/wp-json\/wp\/v2\/posts\/128444\/revisions"}],"wp:featuredmedia":[{"embeddable":true,"href":"https:\/\/www.europesays.com\/pl\/wp-json\/wp\/v2\/media\/128445"}],"wp:attachment":[{"href":"https:\/\/www.europesays.com\/pl\/wp-json\/wp\/v2\/media?parent=128444"}],"wp:term":[{"taxonomy":"category","embeddable":true,"href":"https:\/\/www.europesays.com\/pl\/wp-json\/wp\/v2\/categories?post=128444"},{"taxonomy":"post_tag","embeddable":true,"href":"https:\/\/www.europesays.com\/pl\/wp-json\/wp\/v2\/tags?post=128444"}],"curies":[{"name":"wp","href":"https:\/\/api.w.org\/{rel}","templated":true}]}}