{"id":128616,"date":"2025-12-02T08:58:11","date_gmt":"2025-12-02T08:58:11","guid":{"rendered":"https:\/\/www.europesays.com\/pl\/128616\/"},"modified":"2025-12-02T08:58:11","modified_gmt":"2025-12-02T08:58:11","slug":"nawrocki-nie-spotka-sie-z-orbanem-lisicki-decyzja-bledna-wrecz-dziecinna","status":"publish","type":"post","link":"https:\/\/www.europesays.com\/pl\/128616\/","title":{"rendered":"Nawrocki nie spotka si\u0119 z Orbanem. Lisicki: Decyzja b\u0142\u0119dna, wr\u0119cz dziecinna"},"content":{"rendered":"\n<p>&#13;<br \/>\nPremier W\u0119gier Viktor Orban <a href=\"https:\/\/dorzeczy.pl\/swiat\/812355\/orban-spotkal-sie-z-putinem-wiadomo-o-czym-rozmawiali.html\" rel=\"nofollow noopener\" target=\"_blank\">spotka\u0142 si\u0119 w\u00a0pi\u0105tek w\u00a0Moskwie<\/a> z\u00a0W\u0142adimirem Putinem. &#13;\n<\/p>\n<p>&#13;<br \/>\nW niedziel\u0119 Marcin Przydacz, szef prezydenckiego Biura Polityki Mi\u0119dzynarodowej, poinformowa\u0142, \u017ce\u00a0\u201eprezydent Karol Nawrocki <a href=\"https:\/\/dorzeczy.pl\/kraj\/813102\/prezydent-nagle-zmienia-plany-chodzi-o-spotkanie-z-orbanem.html\" rel=\"nofollow noopener\" target=\"_blank\">zdecydowa\u0142 si\u0119 ograniczy\u0107 program swojej wizyty na\u00a0W\u0119grzech<\/a> wy\u0142\u0105cznie do\u00a0szczytu prezydent\u00f3w Grupy Wyszehradzkiej w\u00a0Ostrzyhomiu\u201d. &#13;\n<\/p>\n<p>&#13;<br \/>\nPrezydent Karol Nawrocki mia\u0142 by\u0107 na\u00a0W\u0119grzech dwa dni. W\u00a0\u015brod\u0119 w\u00a0Ostrzyhomiu na\u00a0szczycie prezydent\u00f3w Grupy Wyszehradzkiej oraz\u00a0w\u00a0czwartek w\u00a0Budapeszcie z\u00a0oficjaln\u0105 wizyt\u0105, podczas kt\u00f3rej mia\u0142 spotka\u0107 si\u0119 z\u00a0w\u0119gierskim prezydentem Tamasem Sulyokiem oraz\u00a0premierem Viktorem Orbanem. &#13;\n<\/p>\n<p>Nawrocki odwo\u0142a\u0142 spotkanie z\u00a0Orbanem. Lisicki krytykuje decyzj\u0119 prezydenta<\/p>\n<p>&#13;<br \/>\nPawe\u0142 Lisicki, redaktor naczelny tygodnika \u201eDo\u00a0Rzeczy\u201d komentuj\u0105c decyzj\u0119 prezydenta o\u00a0odwo\u0142aniu spotkania z\u00a0Viktorem Orbanem, powiedzia\u0142, \u017ce\u00a0by\u0142 tym zaskoczony i\u00a0do\u015b\u0107 d\u0142ugo my\u015bla\u0142, czy\u00a0komentowa\u0107 to\u00a0wydarzenie, ale\u00a0\u2013 jak stwierdzi\u0142 \u2013\u00a0nie\u00a0da si\u0119 tego unikn\u0105\u0107. &#13;\n<\/p>\n<p>&#13;<br \/>\n<img decoding=\"async\" alt=\"\" src=\"https:\/\/www.europesays.com\/pl\/wp-content\/uploads\/2025\/09\/1758904088_776_player-ratio.png\"\/>&#13;\n<\/p>\n<p>&#13;<br \/>\n\u2013 Moim zdaniem jest to\u00a0decyzja b\u0142\u0119dna, nieroztropna, wr\u0119cz dziecinna i\u00a0szkodz\u0105ca polskim interesom. Obawiam si\u0119, \u017ce\u00a0to\u00a0jest dok\u0142adnie przyk\u0142ad tego, o\u00a0czym m\u00f3wi\u0142em wyra\u017caj\u0105c swoje \u2013\u00a0nazwijmy to\u00a0\u2013 w\u0105tpliwo\u015bci, je\u015bli chodzi o\u00a0kandydatur\u0119 Karola Nawrockiego \u2013\u00a0\u017ce\u00a0on b\u0119dzie w\u00a0du\u017cym stopniu powtarza\u0142 i\u00a0powiela\u0142 wszystkie b\u0142\u0119dy, kt\u00f3rych wcze\u015bniej dokona\u0142, je\u015bli mo\u017cna powiedzie\u0107, \u017ce\u00a0b\u0142\u0105d czego\u015b dokonuje, to\u00a0akurat w\u00a0tym przypadku dok\u0142adnie tak si\u0119 sta\u0142o, prezydent Andrzej Duda. Wypisz, wymaluj, dok\u0142adnie to\u00a0jest ten spos\u00f3b uprawiania polityki \u2013\u00a0t\u0142umaczy\u0142. &#13;\n<\/p>\n<p>Uzasadnienie decyzji prezydenta &#8222;niedorzeczne&#8221;<\/p>\n<p>&#13;<br \/>\nPawe\u0142 Lisicki oceni\u0142, \u017ce\u00a0<a href=\"https:\/\/dorzeczy.pl\/opinie\/813168\/nawrocki-nie-spotka-sie-z-orbanem-bosak-skrytykowal-prezydenta.html\" rel=\"nofollow noopener\" target=\"_blank\">uzasadnienie decyzji prezydenta jest \u201eniedorzeczne\u201d.<\/a> \u2013\u00a0Gdyby Karol Nawrocki chcia\u0142 konsekwentnie og\u0142osi\u0107, \u017ce\u00a0nie b\u0119dzie si\u0119 spotyka\u0142 z\u00a0nikim, kto spotyka si\u0119 z\u00a0W\u0142adimirem Putinem, bo\u00a0Putin jest zbrodniarzem, a\u00a0tak brzmia\u0142o to\u00a0w\u00a0tym przypadku, to\u00a0r\u00f3wnie\u017c nie\u00a0powinien si\u0119 spotyka\u0107 chocia\u017cby z\u00a0Donaldem Trumpem \u2013\u00a0m\u00f3wi\u0142. &#13;\n<\/p>\n<p>&#13;<br \/>\nRedaktor naczelny tygodnika \u201eDo\u00a0Rzeczy\u201d zwr\u00f3ci\u0142 uwag\u0119, \u017ce\u00a0\u201eco wi\u0119cej \u2013\u00a0Donald Trump jest teraz tym, kt\u00f3ry negocjacje z\u00a0Putinem prowadzi\u201d. &#13;\n<\/p>\n<p>&#13;<br \/>\n\u2013 Stany Zjednoczone w\u00a0zwi\u0105zku z\u00a0tym powinny zosta\u0107 og\u0142oszone i\u00a0uznane za\u00a0pa\u0144stwo, z\u00a0kt\u00f3rym Polska nie\u00a0utrzymuje stosunk\u00f3w, bo\u00a0to pa\u0144stwo \u2013\u00a0jako \u017cywo \u2013\u00a0utrzymuje relacje z\u00a0Rosj\u0105, a\u00a0<a href=\"https:\/\/dorzeczy.pl\/swiat\/766305\/szczyt-na-alasce-trump-i-putin-ujawniaja-przebieg-rozmow.html\" rel=\"nofollow noopener\" target=\"_blank\">na Alasce nawet<\/a> Putin z\u00a0Trumpem si\u0119 spotkali \u2013\u00a0powiedzia\u0142. &#13;\n<\/p>\n<p>&#13;<br \/>\nZdaniem Paw\u0142a Lisieckiego \u201elogika jest taka \u2013\u00a0nie\u00a0spotykam si\u0119 z\u00a0Orbanem, bo\u00a0ten spotka\u0142 si\u0119 z\u00a0Putinem, ale\u00a0spotykam si\u0119 z\u00a0Trumpem, bo\u00a0ten spotka\u0142 si\u0119 z\u00a0Putinem\u201d. &#13;\n<\/p>\n<p>&#13;<br \/>\n\u2013 Czy\u00a0kto\u015b czego\u015b tutaj nie\u00a0rozumie? W\u00a0oczywisty spos\u00f3b mamy do\u00a0czynienia nie\u00a0z\u00a0\u017cadn\u0105 logik\u0105, tylko z\u00a0pokr\u0119tnym, niestety kompletnie niem\u0105drym podej\u015bciem \u2013\u00a0powiedzia\u0142. &#13;\n<\/p>\n<p>Orban pojecha\u0142 do\u00a0Moskwy za\u0142atwi\u0107 interesy W\u0119gier<\/p>\n<p>&#13;<br \/>\nRedaktor zapyta\u0142, czy\u00a0\u201eViktor Orban, spotykaj\u0105c si\u0119 w\u00a0Moskwie z\u00a0Putinem, zrobi\u0142 to\u00a0przeciwko Polsce?\u201d. \u2013\u00a0Bo\u00a0to\u00a0by\u0142oby w\u00a0zasadzie jedyne uzasadnienie takiej decyzji prezydenta Karola Nawrockiego. Czy\u00a0Putin z\u00a0Orbanem spotykaj\u0105c si\u0119 tam knuli co\u015b przeciwko Polsce? Nie\u00a0wiem, czy\u00a0w\u00a0ich wypowiedziach pojawi\u0142 si\u0119 jaki\u015b w\u0105tek antypolski itd? W\u00a0oczywisty spos\u00f3b nie\u00a0\u2013 wskaza\u0142. &#13;\n<\/p>\n<p>&#13;<br \/>\nPawe\u0142 Lisicki t\u0142umaczy\u0142, \u017ce\u00a0Viktor Orban pojecha\u0142 do\u00a0Moskwy maj\u0105c dwa cele. \u2013\u00a0Cel pierwszy \u2013\u00a0\u017ceby zapewni\u0107 dostaw\u0119 taniej energii, czyli ropy i\u00a0gazu na\u00a0W\u0119gry. I\u00a0ten cel osi\u0105gn\u0105\u0142, co\u00a0og\u0142osi\u0142 zreszt\u0105 po\u00a0konferencji prasowej. I\u00a0cel drugi \u2013\u00a0przygotowa\u0107 <a href=\"https:\/\/dorzeczy.pl\/swiat\/794685\/szczyt-trump-putin-kreml-tlumaczy-czemu-w-budapeszcie.html\" rel=\"nofollow noopener\" target=\"_blank\">ewentualne spotkanie w\u00a0Budapeszcie<\/a> Trumpa i\u00a0Putina. Przepraszam, czyli z\u00a0tego by\u00a0wynika\u0142o, \u017ce\u00a0nasz prezydent uwa\u017ca, \u017ce\u00a0on nie\u00a0spotykaj\u0105c si\u0119 z\u00a0Wiktorem Orbanem odrzuca, rozumiem, w\u00a0og\u00f3le wszystkie rozmowy pokojowe? \u2013\u00a0zapyta\u0142. &#13;\n<\/p>\n<p>&#13;<br \/>\nCzytaj te\u017c:<br \/><a href=\"https:\/\/dorzeczy.pl\/opinie\/813168\/nawrocki-nie-spotka-sie-z-orbanem-bosak-skrytykowal-prezydenta.html\" rel=\"follow nofollow noopener\" data-schema=\"DORZECZY\" data-image=\"https:\/\/img.dorzeczy.pl\/_thumb\/a7\/60\/b238ecb0d1407490e300d769e1b8.jpeg\" target=\"_blank\">Bosak skrytykowa\u0142 decyzj\u0119 Nawrockiego. &#8222;Jest wr\u0119cz b\u0142\u0119dem&#8221;<\/a>Czytaj te\u017c:<br \/><a href=\"https:\/\/dorzeczy.pl\/opinie\/813234\/nawrocki-odwolal-spotkanie-z-orbanem-mentzen-nie-rozumiem-tego.html\" rel=\"follow nofollow noopener\" data-schema=\"DORZECZY\" data-image=\"https:\/\/img.dorzeczy.pl\/_thumb\/f5\/48\/e1b273f8eb60782241c351a4d892.jpeg\" target=\"_blank\">Burza po\u00a0decyzji Nawrockiego. Mentzen zabra\u0142 g\u0142os<\/a>&#13;<\/p>\n","protected":false},"excerpt":{"rendered":"&#13; Premier W\u0119gier Viktor Orban spotka\u0142 si\u0119 w\u00a0pi\u0105tek w\u00a0Moskwie z\u00a0W\u0142adimirem Putinem. &#13; &#13; W niedziel\u0119 Marcin Przydacz, szef&hellip;\n","protected":false},"author":2,"featured_media":128617,"comment_status":"","ping_status":"","sticky":false,"template":"","format":"standard","meta":{"footnotes":""},"categories":[14],"tags":[32,33,1835,98,27,690,49,34,35,8136,28,31,25,102,6626,40,41,80,29,30,2846,6676,26,698,82,83,84],"class_list":{"0":"post-128616","1":"post","2":"type-post","3":"status-publish","4":"format-standard","5":"has-post-thumbnail","7":"category-swiat","8":"tag-breaking-news","9":"tag-breakingnews","10":"tag-donald-trump","11":"tag-dorzeczy","12":"tag-headlines","13":"tag-karol-nawrocki","14":"tag-kraj","15":"tag-latest-news","16":"tag-latestnews","17":"tag-lidia-lemaniak","18":"tag-naglowki","19":"tag-najwazniejsze-artykuly","20":"tag-news","21":"tag-opinie","22":"tag-pawel-lisicki","23":"tag-polish","24":"tag-polski","25":"tag-swiat","26":"tag-top-stories","27":"tag-topstories","28":"tag-tylko-na-dorzeczy-pl","29":"tag-viktor-orban","30":"tag-wiadomosci","31":"tag-wladimir-putin","32":"tag-world","33":"tag-world-news","34":"tag-worldnews"},"share_on_mastodon":{"url":"https:\/\/pubeurope.com\/@pl\/115649151338661964","error":""},"_links":{"self":[{"href":"https:\/\/www.europesays.com\/pl\/wp-json\/wp\/v2\/posts\/128616","targetHints":{"allow":["GET"]}}],"collection":[{"href":"https:\/\/www.europesays.com\/pl\/wp-json\/wp\/v2\/posts"}],"about":[{"href":"https:\/\/www.europesays.com\/pl\/wp-json\/wp\/v2\/types\/post"}],"author":[{"embeddable":true,"href":"https:\/\/www.europesays.com\/pl\/wp-json\/wp\/v2\/users\/2"}],"replies":[{"embeddable":true,"href":"https:\/\/www.europesays.com\/pl\/wp-json\/wp\/v2\/comments?post=128616"}],"version-history":[{"count":0,"href":"https:\/\/www.europesays.com\/pl\/wp-json\/wp\/v2\/posts\/128616\/revisions"}],"wp:featuredmedia":[{"embeddable":true,"href":"https:\/\/www.europesays.com\/pl\/wp-json\/wp\/v2\/media\/128617"}],"wp:attachment":[{"href":"https:\/\/www.europesays.com\/pl\/wp-json\/wp\/v2\/media?parent=128616"}],"wp:term":[{"taxonomy":"category","embeddable":true,"href":"https:\/\/www.europesays.com\/pl\/wp-json\/wp\/v2\/categories?post=128616"},{"taxonomy":"post_tag","embeddable":true,"href":"https:\/\/www.europesays.com\/pl\/wp-json\/wp\/v2\/tags?post=128616"}],"curies":[{"name":"wp","href":"https:\/\/api.w.org\/{rel}","templated":true}]}}