{"id":128639,"date":"2025-12-02T09:13:07","date_gmt":"2025-12-02T09:13:07","guid":{"rendered":"https:\/\/www.europesays.com\/pl\/128639\/"},"modified":"2025-12-02T09:13:07","modified_gmt":"2025-12-02T09:13:07","slug":"chciala-tylko-odwiedzic-rodzine-19-latka-deportowana-z-usa","status":"publish","type":"post","link":"https:\/\/www.europesays.com\/pl\/128639\/","title":{"rendered":"Chcia\u0142a tylko odwiedzi\u0107 rodzin\u0119. 19-latka deportowana z USA"},"content":{"rendered":"<p class=\"Paragraph_desktopParagraph__U31Gm\">Do incydentu dosz\u0142o 20 listopada na lotnisku w Bostonie w stanie Massachusetts. Lucia Lopez Belloza, studentka pierwszego roku studi\u00f3w biznesowych, postanowi\u0142a uda\u0107 si\u0119 do Teksasu i sp\u0119dzi\u0107 \u015awi\u0119to Dzi\u0119kczynienia z rodzin\u0105. Jednak zaraz przed odlotem dziewczyna zosta\u0142a aresztowana przez urz\u0119dnik\u00f3w imigracyjnych.<\/p>\n<p class=\"Paragraph_desktopParagraph__U31Gm\">Jak opisuje CNN, 19-latka tu\u017c przed wej\u015bciem na pok\u0142ad us\u0142ysza\u0142a, \u017ce jest problem z jej kart\u0105 pok\u0142adow\u0105, a w drodze do punktu obs\u0142ugi klienta &#8222;otoczono j\u0105, za\u0142o\u017cono jej kajdanki i wywleczono z lotniska&#8221; \u2014 poinformowa\u0142 jej prawnik, Todd Pomerleau.<\/p>\n<ul class=\"OchatFollowUps_wrapper__1ry7X\">\n<li class=\"OchatFollowUps_item__Dhyly OchatFollowUps_itemDesktop__R6aBv\">Dlaczego Lucia Lopez Belloza zosta\u0142a deportowana?<\/li>\n<li class=\"OchatFollowUps_item__Dhyly OchatFollowUps_itemDesktop__R6aBv\">Kiedy mia\u0142a miejsce deportacja Lucii?<\/li>\n<li class=\"OchatFollowUps_item__Dhyly OchatFollowUps_itemDesktop__R6aBv\">Co m\u00f3wi adwokat Lucii na temat jej sytuacji?<\/li>\n<li class=\"OchatFollowUps_item__Dhyly OchatFollowUps_itemDesktop__R6aBv\">Jak d\u0142ugo Lucia mieszka\u0142a w USA przed deportacj\u0105?<\/li>\n<\/ul>\n<p class=\"Paragraph_desktopParagraph__U31Gm\">Po oko\u0142o 48 godz. Belloza zosta\u0142a wys\u0142ana do Teksasu, a nast\u0119pnie do Hondurasu, gdzie si\u0119 urodzi\u0142a. Dziewczyna wraz z rodzicami wyjecha\u0142a ze swojego ojczystego kraju w wieku siedmiu lat wraz z rodzinami i ubiega\u0142a si\u0119 o azyl w USA.  Prawnik 19-latki twierdzi, \u017ce Lucia Belloza zosta\u0142a deportowana, mimo \u017ce s\u0119dzia federalny zakaza\u0142 wydalenia jej z kraju.<\/p>\n<p class=\"Paragraph_desktopParagraph__U31Gm\">Departament Bezpiecze\u0144stwa Krajowego poinformowa\u0142 w o\u015bwiadczeniu nades\u0142anym do redakcji CNN, \u017ce Lopez Belloza wjecha\u0142a do kraju w 2014 r., a s\u0119dzia imigracyjny nakaza\u0142 jej deportacj\u0119 w 2015 r., ale od tego czasu &#8222;nielegalnie przebywa\u0142a w kraju&#8221;.<\/p>\n<p class=\"Paragraph_desktopParagraph__U31Gm\">Prawnik 19-latki twierdzi jednak, \u017ce kobieta nigdy nie otrzyma\u0142a nakazu aresztowania lub deportacji ani \u017cadnego wyja\u015bnienia, dlaczego zosta\u0142a zatrzymana. <\/p>\n<blockquote>\n<p class=\"Paragraph_desktopParagraph__U31Gm\">&#8222;Wci\u0105\u017c nie jestem przekonany, \u017ce kiedykolwiek otrzyma\u0142a nakaz deportacji. \u2026 Nie pokazano jej \u017cadnego dowodu&#8221; <\/p>\n<\/blockquote>\n<p class=\"Paragraph_desktopParagraph__U31Gm\">\u2014 podkre\u015bli\u0142. Jak doda\u0142, z dokument\u00f3w wynika, \u017ce jej sprawa zosta\u0142a zamkni\u0119ta w 2017 r.<\/p>\n<p class=\"Paragraph_desktopParagraph__U31Gm\">Ojciec dziewczyny twierdzi, \u017ce jego rodzinie odm\u00f3wiono azylu, ale s\u0119dzia zapewni\u0142 ich, \u017ce nie maj\u0105 nakazu deportacji.<\/p>\n<blockquote>\n<p class=\"Paragraph_desktopParagraph__U31Gm\">&#8222;Mia\u0142a \u0142a\u0144cuchy na kostkach. Kajdanki na nadgarstkach. Wsiad\u0142a do samolotu i zosta\u0142a deportowana do kraju, w kt\u00f3rym nie by\u0142a od jakich\u015b 12 lat. To przekracza wszelkie granice&#8221; <\/p>\n<\/blockquote>\n<p class=\"Paragraph_desktopParagraph__U31Gm\">\u2014 powiedzia\u0142 Pomerleau w rozmowie z CNN. Jak doda\u0142, b\u0119dzie walczy\u0142 o to, by Lucia mog\u0142a wr\u00f3ci\u0107 do USA i kontynuowa\u0107 studia. Pomerleau planuje zwr\u00f3ci\u0107 si\u0119 do s\u0119dziego federalnego w tej sprawie.<\/p>\n","protected":false},"excerpt":{"rendered":"Do incydentu dosz\u0142o 20 listopada na lotnisku w Bostonie w stanie Massachusetts. Lucia Lopez Belloza, studentka pierwszego roku&hellip;\n","protected":false},"author":2,"featured_media":128640,"comment_status":"","ping_status":"","sticky":false,"template":"","format":"standard","meta":{"footnotes":""},"categories":[14],"tags":[32,33,2886,27,34,35,28,31,53,25,52,68,51,55,10421,40,41,47,59,80,29,30,50,26,82,83,84],"class_list":{"0":"post-128639","1":"post","2":"type-post","3":"status-publish","4":"format-standard","5":"has-post-thumbnail","7":"category-swiat","8":"tag-breaking-news","9":"tag-breakingnews","10":"tag-emigracja_imigracja_emigrant_emigranci_imigrant_imigranci","11":"tag-headlines","12":"tag-latest-news","13":"tag-latestnews","14":"tag-naglowki","15":"tag-najwazniejsze-artykuly","16":"tag-new_header","17":"tag-news","18":"tag-onet3","19":"tag-onet3d","20":"tag-onet3d_2i","21":"tag-phx","22":"tag-podroze_onet","23":"tag-polish","24":"tag-polski","25":"tag-screening_general","26":"tag-stany_zjednoczone_usa","27":"tag-swiat","28":"tag-top-stories","29":"tag-topstories","30":"tag-v2021","31":"tag-wiadomosci","32":"tag-world","33":"tag-world-news","34":"tag-worldnews"},"share_on_mastodon":{"url":"https:\/\/pubeurope.com\/@pl\/115649210270727596","error":""},"_links":{"self":[{"href":"https:\/\/www.europesays.com\/pl\/wp-json\/wp\/v2\/posts\/128639","targetHints":{"allow":["GET"]}}],"collection":[{"href":"https:\/\/www.europesays.com\/pl\/wp-json\/wp\/v2\/posts"}],"about":[{"href":"https:\/\/www.europesays.com\/pl\/wp-json\/wp\/v2\/types\/post"}],"author":[{"embeddable":true,"href":"https:\/\/www.europesays.com\/pl\/wp-json\/wp\/v2\/users\/2"}],"replies":[{"embeddable":true,"href":"https:\/\/www.europesays.com\/pl\/wp-json\/wp\/v2\/comments?post=128639"}],"version-history":[{"count":0,"href":"https:\/\/www.europesays.com\/pl\/wp-json\/wp\/v2\/posts\/128639\/revisions"}],"wp:featuredmedia":[{"embeddable":true,"href":"https:\/\/www.europesays.com\/pl\/wp-json\/wp\/v2\/media\/128640"}],"wp:attachment":[{"href":"https:\/\/www.europesays.com\/pl\/wp-json\/wp\/v2\/media?parent=128639"}],"wp:term":[{"taxonomy":"category","embeddable":true,"href":"https:\/\/www.europesays.com\/pl\/wp-json\/wp\/v2\/categories?post=128639"},{"taxonomy":"post_tag","embeddable":true,"href":"https:\/\/www.europesays.com\/pl\/wp-json\/wp\/v2\/tags?post=128639"}],"curies":[{"name":"wp","href":"https:\/\/api.w.org\/{rel}","templated":true}]}}