{"id":128691,"date":"2025-12-02T09:48:14","date_gmt":"2025-12-02T09:48:14","guid":{"rendered":"https:\/\/www.europesays.com\/pl\/128691\/"},"modified":"2025-12-02T09:48:14","modified_gmt":"2025-12-02T09:48:14","slug":"spektakularny-napad-na-wloskiej-autostradzie-okradli-konwoj-z-gotowka-w-bialy-dzien-onet","status":"publish","type":"post","link":"https:\/\/www.europesays.com\/pl\/128691\/","title":{"rendered":"Spektakularny napad na w\u0142oskiej autostradzie. Okradli konw\u00f3j z got\u00f3wk\u0105 w bia\u0142y dzie\u0144 &#8211; Onet"},"content":{"rendered":"<ol>\n<li><a href=\"https:\/\/news.google.com\/rss\/articles\/CBMizgFBVV95cUxPNE1fNmU0STNIVXphMVNXOTExcjZXVFYtSWVWMm5ocE1YOWItSmV5VmluSlF6QVNUa0FEemFkNkpXUXBwWVh4N2MzanBHUENSY3VlQXczQjV6YThBQ1NuNm9TeUc2XzdrMjhtb3ByMVlINFBrWnR1YVlDMFAtWHlKTDBURTAzTHk2Y2RFcUdFTXJzMXVscW1HOWJtU1BmTHp2LV9ZbnFLazJmcGhibjRrOW40eGFOR3pQYlRWa3pzNk11SmlwUnhRVFJBUW5BZw?oc=5\" target=\"_blank\" rel=\"nofollow noopener\">Spektakularny napad na w\u0142oskiej autostradzie. Okradli konw\u00f3j z got\u00f3wk\u0105 w bia\u0142y dzie\u0144<\/a>&nbsp;&nbsp;Onet<\/li>\n<li><a href=\"https:\/\/news.google.com\/rss\/articles\/CBMiugFBVV95cUxQcnFNVEdXUGVZOUxDM0RDVlJiRWQ2ZTdWak1RTVhlRnpOZENxZldNU0dQNV9JWHNNWkt1VlNaWHlwVDdWU0xDM1RLT3R2Wlg2SUEwdUx3NU4zWkcydzB6eXlZRnY3aGhydGpxTW5rdlFUVEhndTVGeTQ1VGUzTWx0dFVGQkFwZXlHTVBZVDJpMEM4ZVlZSEZMck9YMGlnWDFHRHpvb3F0YU81TEliNEl1c2tHc0kxbHFoWHc?oc=5\" target=\"_blank\" rel=\"nofollow noopener\">Sceny jak z filmu akcji na w\u0142oskiej autostradzie. W kilka minut ukradli miliony euro, jest nagranie<\/a>&nbsp;&nbsp;Wydarzenia w INTERIA.PL<\/li>\n<li><a href=\"https:\/\/news.google.com\/rss\/articles\/CBMinwFBVV95cUxQc3NBNXctc2JMRkJTaXY3MlZmLWp2YkJMNUhrRTZBTGRRNXA5alhRbk5tS014R2ctcS1LM1d1a2o5ZkNoQWxpY1lfdWd2OE9JdkRTcTBCYk45UGJIQmlzaGwwT0IwVkFfZWE4ZGpuSEdqRF8tbS1oblN5eVVvaTdWNUVfZW93bEpGQUNkZUw4dS1OUkg0SWNOcmplWnJYR28?oc=5\" target=\"_blank\" rel=\"nofollow noopener\">P\u0142on\u0105ce auta na autostradzie, zamaskowani bandyci. Brawurowy napad na konw\u00f3j<\/a>&nbsp;&nbsp;RMF24<\/li>\n<li><a href=\"https:\/\/news.google.com\/rss\/articles\/CBMiqAFBVV95cUxPTXZwMm1mRFg1aVpPbmNBeFVrT0Zsckt0LXBvbHEyc0F5MjkzYS1VMy1rbVV5eHpMZWE5MFlKNkt6VndCaUtDSW56ZGtXeHU1c2VHcXU5WWl3UkFUemhVUjNaWXlzd0tzSklWSWhwbkF0eFFhdGFSV3d3S1IzSkhJMEpKbUtRa2xGQWVtVnlIMDdOUjNwN1FmVWU2LXh3ekZXSUNpQjBKRFI?oc=5\" target=\"_blank\" rel=\"nofollow noopener\">Sparali\u017cowana trasa i panika w\u015br\u00f3d kierowc\u00f3w. Spektakularne sceny na autostradzie<\/a>&nbsp;&nbsp;Fakt<\/li>\n<li><a href=\"https:\/\/news.google.com\/rss\/articles\/CBMiigFBVV95cUxOZXZXTFJFWUZHdkFGbmh3Ni1LVVlyaVNjaXBzRVdOa3J0bmRWSFVCWlNPclBUUi1vMnFwWFItMDVwYnFRVjZfNjJ3ZThEVzdrMnIwamlpcEk4bDJDSFhsTjlWaTdrV0V4RTZGZUVxLTlvRTBWYTcxcHV0eVV6YWRCM3Z1VXJEMlMwdmc?oc=5\" target=\"_blank\" rel=\"nofollow noopener\">Na po\u0142udniu W\u0142och mafiosi wysadzili w powietrze opancerzony samoch\u00f3d z got\u00f3wk\u0105<\/a>&nbsp;&nbsp;UA.NEWS<\/li>\n<\/ol>\n","protected":false},"excerpt":{"rendered":"Spektakularny napad na w\u0142oskiej autostradzie. Okradli konw\u00f3j z got\u00f3wk\u0105 w bia\u0142y dzie\u0144&nbsp;&nbsp;Onet Sceny jak z filmu akcji na&hellip;\n","protected":false},"author":2,"featured_media":128692,"comment_status":"","ping_status":"","sticky":false,"template":"","format":"standard","meta":{"footnotes":"","_share_on_mastodon":"0"},"categories":[14],"tags":[32,33,27119,3328,27,27118,34,35,28,31,16249,53,25,52,68,51,55,251,40,41,47,80,29,30,65,50,26,4360,82,83,84],"class_list":["post-128691","post","type-post","status-publish","format-standard","has-post-thumbnail","category-swiat","tag-breaking-news","tag-breakingnews","tag-furgon","tag-gotowka","tag-headlines","tag-kalabria","tag-latest-news","tag-latestnews","tag-naglowki","tag-najwazniejsze-artykuly","tag-napad","tag-new_header","tag-news","tag-onet3","tag-onet3d","tag-onet3d_2i","tag-phx","tag-policja_policjanci_policjant_policjantka_policjantki","tag-polish","tag-polski","tag-screening_general","tag-swiat","tag-top-stories","tag-topstories","tag-update_me","tag-v2021","tag-wiadomosci","tag-wlochy_kraj","tag-world","tag-world-news","tag-worldnews"],"share_on_mastodon":{"url":"https:\/\/pubeurope.com\/@pl\/115649347824242967","error":""},"_links":{"self":[{"href":"https:\/\/www.europesays.com\/pl\/wp-json\/wp\/v2\/posts\/128691","targetHints":{"allow":["GET"]}}],"collection":[{"href":"https:\/\/www.europesays.com\/pl\/wp-json\/wp\/v2\/posts"}],"about":[{"href":"https:\/\/www.europesays.com\/pl\/wp-json\/wp\/v2\/types\/post"}],"author":[{"embeddable":true,"href":"https:\/\/www.europesays.com\/pl\/wp-json\/wp\/v2\/users\/2"}],"replies":[{"embeddable":true,"href":"https:\/\/www.europesays.com\/pl\/wp-json\/wp\/v2\/comments?post=128691"}],"version-history":[{"count":0,"href":"https:\/\/www.europesays.com\/pl\/wp-json\/wp\/v2\/posts\/128691\/revisions"}],"wp:featuredmedia":[{"embeddable":true,"href":"https:\/\/www.europesays.com\/pl\/wp-json\/wp\/v2\/media\/128692"}],"wp:attachment":[{"href":"https:\/\/www.europesays.com\/pl\/wp-json\/wp\/v2\/media?parent=128691"}],"wp:term":[{"taxonomy":"category","embeddable":true,"href":"https:\/\/www.europesays.com\/pl\/wp-json\/wp\/v2\/categories?post=128691"},{"taxonomy":"post_tag","embeddable":true,"href":"https:\/\/www.europesays.com\/pl\/wp-json\/wp\/v2\/tags?post=128691"}],"curies":[{"name":"wp","href":"https:\/\/api.w.org\/{rel}","templated":true}]}}