{"id":128716,"date":"2025-12-02T10:02:10","date_gmt":"2025-12-02T10:02:10","guid":{"rendered":"https:\/\/www.europesays.com\/pl\/128716\/"},"modified":"2025-12-02T10:02:10","modified_gmt":"2025-12-02T10:02:10","slug":"spektakularny-napad-we-wloszech-okradli-konwoj-z-gotowka-w-bialy-dzien","status":"publish","type":"post","link":"https:\/\/www.europesays.com\/pl\/128716\/","title":{"rendered":"Spektakularny napad we W\u0142oszech. Okradli konw\u00f3j z got\u00f3wk\u0105 w bia\u0142y dzie\u0144"},"content":{"rendered":"<p class=\"ods-c-paragraph \">Do napadu dosz\u0142o w poniedzia\u0142ek rano w pobli\u017cu miejscowo\u015bci Scilla i Bagnara w Kalabrii. Celem ataku by\u0142 konw\u00f3j firmy Sicurtransport przewo\u017c\u0105cy got\u00f3wk\u0119. Jak relacjonuj\u0105 w\u0142oskie media, w akcji wzi\u0119\u0142o udzia\u0142 ok. 10 m\u0119\u017cczyzn, kt\u00f3rzy precyzyjnie opracowali plan ataku.<\/p>\n<p class=\"ods-c-paragraph \">Do napadu dosz\u0142o przed wjazdem do tunelu. Sprawcy rozsypali na jezdni gwo\u017adzie. Dodatkowo w poprzek jezdni ustawili samochody, kt\u00f3re zosta\u0142y podpalone. W ten spos\u00f3b uniemo\u017cliwili przejazd furgonetki z pieni\u0119dzmi.<\/p>\n<p>Zuchwa\u0142y rabunek na w\u0142oskiej autostradzie. Sceny jak z filmu akcji<\/p>\n<p class=\"ods-c-paragraph \">Nast\u0119pnie zmusili pracownik\u00f3w konwoju do wydania im got\u00f3wki. Ich \u0142upem pad\u0142o ok. 2 mln euro. W trakcie napadu ogie\u0144 uszkodzi\u0142 cz\u0119\u015bciowo furgonetk\u0119, co mog\u0142o doprowadzi\u0107 do zniszczenia cz\u0119\u015bci got\u00f3wki.<\/p>\n<p class=\"ods-c-paragraph \">Teraz sprawdz\u0105 to w\u0142oskie s\u0142u\u017cby, kt\u00f3re pojawi\u0142y si\u0119 na miejscu ataku, gdy napastnicy ju\u017c uciekli.<\/p>\n<p class=\"ods-c-paragraph \">Do sieci trafi\u0142o kilkunastosekundowe nagranie pokazuj\u0105ce auta p\u0142on\u0105ce na w\u0142oskiej autostradzie A2.<\/p>\n<p> Gdzie dosz\u0142o do napadu? <\/p>\n<p> Jak\u0105 kwot\u0119 skradli napastnicy? <\/p>\n<p> Ile m\u0119\u017cczyzn wzi\u0119\u0142o udzia\u0142 w napadzie? <\/p>\n<p> Jakie \u015brodki zastosowali sprawcy, aby zablokowa\u0107 drog\u0119? <\/p>\n","protected":false},"excerpt":{"rendered":"Do napadu dosz\u0142o w poniedzia\u0142ek rano w pobli\u017cu miejscowo\u015bci Scilla i Bagnara w Kalabrii. Celem ataku by\u0142 konw\u00f3j&hellip;\n","protected":false},"author":2,"featured_media":128717,"comment_status":"","ping_status":"","sticky":false,"template":"","format":"standard","meta":{"footnotes":"","_share_on_mastodon":"0"},"categories":[14],"tags":[32,33,27119,3328,27,27118,34,35,28,31,16249,48,25,46,414,40,41,47,80,29,30,26,898,82,83,84],"class_list":["post-128716","post","type-post","status-publish","format-standard","has-post-thumbnail","category-swiat","tag-breaking-news","tag-breakingnews","tag-furgon","tag-gotowka","tag-headlines","tag-kalabria","tag-latest-news","tag-latestnews","tag-naglowki","tag-najwazniejsze-artykuly","tag-napad","tag-nat_styl","tag-news","tag-omp","tag-policja","tag-polish","tag-polski","tag-screening_general","tag-swiat","tag-top-stories","tag-topstories","tag-wiadomosci","tag-wlochy","tag-world","tag-world-news","tag-worldnews"],"share_on_mastodon":{"url":"https:\/\/pubeurope.com\/@pl\/115649402894946974","error":""},"_links":{"self":[{"href":"https:\/\/www.europesays.com\/pl\/wp-json\/wp\/v2\/posts\/128716","targetHints":{"allow":["GET"]}}],"collection":[{"href":"https:\/\/www.europesays.com\/pl\/wp-json\/wp\/v2\/posts"}],"about":[{"href":"https:\/\/www.europesays.com\/pl\/wp-json\/wp\/v2\/types\/post"}],"author":[{"embeddable":true,"href":"https:\/\/www.europesays.com\/pl\/wp-json\/wp\/v2\/users\/2"}],"replies":[{"embeddable":true,"href":"https:\/\/www.europesays.com\/pl\/wp-json\/wp\/v2\/comments?post=128716"}],"version-history":[{"count":0,"href":"https:\/\/www.europesays.com\/pl\/wp-json\/wp\/v2\/posts\/128716\/revisions"}],"wp:featuredmedia":[{"embeddable":true,"href":"https:\/\/www.europesays.com\/pl\/wp-json\/wp\/v2\/media\/128717"}],"wp:attachment":[{"href":"https:\/\/www.europesays.com\/pl\/wp-json\/wp\/v2\/media?parent=128716"}],"wp:term":[{"taxonomy":"category","embeddable":true,"href":"https:\/\/www.europesays.com\/pl\/wp-json\/wp\/v2\/categories?post=128716"},{"taxonomy":"post_tag","embeddable":true,"href":"https:\/\/www.europesays.com\/pl\/wp-json\/wp\/v2\/tags?post=128716"}],"curies":[{"name":"wp","href":"https:\/\/api.w.org\/{rel}","templated":true}]}}