{"id":128828,"date":"2025-12-02T11:16:09","date_gmt":"2025-12-02T11:16:09","guid":{"rendered":"https:\/\/www.europesays.com\/pl\/128828\/"},"modified":"2025-12-02T11:16:09","modified_gmt":"2025-12-02T11:16:09","slug":"tak-helena-englert-potraktowala-ojca-na-premierze-wszystko-sie-nagralo-onet","status":"publish","type":"post","link":"https:\/\/www.europesays.com\/pl\/128828\/","title":{"rendered":"Tak Helena Englert potraktowa\u0142a ojca na premierze. Wszystko si\u0119 nagra\u0142o &#8211; Onet"},"content":{"rendered":"<ol>\n<li><a href=\"https:\/\/news.google.com\/rss\/articles\/CBMiygFBVV95cUxQSzlrLWFVbU4zT0QwQnUxNVF3THJrYkxWRmhvOXNXRWo3RFdHYUVISTJlM1ZFMXFGdW9FOUVGaGhvUjItU21XNk5QSVFtc1E2WlZEX04wTVZkT0JfSlZNSFRBYzVKZGtSdUpwTjJXYTFDZklTWjBvbEtVOUFVSy1heFJVRm1iczhtcHNuQUdaM0ZWVEVHaUZVbjZDZTUyeHB4ZHZlRThwNll3MGo1aUVzeHJBZWRMOVJLX1d4LWdCQlBYSjBCVnRzZ2x3?oc=5\" target=\"_blank\" rel=\"nofollow noopener\">Tak Helena Englert potraktowa\u0142a ojca na premierze. Wszystko si\u0119 nagra\u0142o<\/a>&nbsp;&nbsp;Onet<\/li>\n<li><a href=\"https:\/\/news.google.com\/rss\/articles\/CBMi-gFBVV95cUxQb1Z4dHB2bmxpVmZLVjRFejhpaTBpc2syR0oxUVBrTGQzbWRwalpEVFZiWnNtRHV6QUxMM2tBR2NMQVRCSW16MzJwUG9NSVpESmFVbi01b2VmS0RXMWVNeHVQSHNzRmdyUmgtc0c3RXJiUURmRFBPcEZESWFxTmdIdXRqcWJPbGd4SGM2RmJzRjdxQTdLOTNuRGREWVEwNWE3bjZhaGNlN015ZEV3dUxJWTBXYW1RMm1MWVlGT2hQUU1jWjNCZlBrZXAydTRBRU1UeTg2MWVEQzU5ZkkxczZLT0NocVZZMmladlVFdUhCT2llRGppczhySHB3?oc=5\" target=\"_blank\" rel=\"nofollow noopener\">Premiera filmu o Englercie: \u015acibak\u00f3wna, Ko\u017cuchowska&#8230;<\/a>&nbsp;&nbsp;pudelek.pl<\/li>\n<li><a href=\"https:\/\/news.google.com\/rss\/articles\/CBMisgFBVV95cUxPRUVKNUxVdXRRVHdJNTNuVUcxVHBzTFdKeU4yM01Bc2pmTzVKSjhRX0NrWEx4ZmFGLU5taXROR2lEY19PNjFKX0E0N1hkWGltQ2J4TEpoU1RUYkx2Yi00UGl5dkFIblpUUHZ0U2FNb0F5UHFLMFpUclJSM0FTQW5JcjMweFBFaC16UUhOUDVLNllrdk0zRGxEandMM0JaaS1Ldnp3MjhQSlZ0bWJFOGlaY1FR?oc=5\" target=\"_blank\" rel=\"nofollow noopener\">C\u00f3rka Englerta uciek\u0142a przed paparazzi. Tak si\u0119 zachowa\u0142a wobec ojca<\/a>&nbsp;&nbsp;Kobieta Onet<\/li>\n<li><a href=\"https:\/\/news.google.com\/rss\/articles\/CBMisAFBVV95cUxNS1hCSlNPNkJHMzA1MXpFYkpac2Y0eDRkTXpyTW5SbDJpUmU3cGtUSmxkWVREbnpmVmNYdGNoNWVDQzVjbWJlNTlTS3paQXVFMXpwNTB2MEV4SW85Y3VRTGgta3VCYnZiOHBnQzhLYmVVSndMY2pPNjlVQVgwa1JJb1dFSVVWY3I5R1JrdGp3a0NSWUlmU1hOSE9zdFhKNW5Zbi1oZzJrQVkwQUN6YkVIbg?oc=5\" target=\"_blank\" rel=\"nofollow noopener\">Dawno niewidziana Ewa Wi\u015bniewska na premierze filmu o Janie Englercie. Jest te\u017c Ma\u0142gorzata Ko\u017cuchowska<\/a>&nbsp;&nbsp;Plejada<\/li>\n<li><a href=\"https:\/\/news.google.com\/rss\/articles\/CBMipAFBVV95cUxNVzREeWhMZWl5endxZTBIQmpiUFhicU5sY0pyU2NMd0V0eGxvMVlJWXkzdmRtaDR3bmo3bDVTRTNmaEJONl9iQlprNi14ZExqWllPSFprbHo4cmpRZ2g1QmRmZGNkWUJWZ3o5R3U2Q3hZZnZHT21UdTFvR0poUUZVazdyS1RYSXRoV3oxOUhwZ0Ztd3M3YmlQWmNUaUtxWmxfSHBubQ?oc=5\" target=\"_blank\" rel=\"nofollow noopener\">Legendarny aktor doczeka\u0142 si\u0119 filmu dokumentalnego. Jan Englert pojawi\u0142 si\u0119 na premierze z rodzin\u0105<\/a>&nbsp;&nbsp;Fakt<\/li>\n<\/ol>\n","protected":false},"excerpt":{"rendered":"Tak Helena Englert potraktowa\u0142a ojca na premierze. Wszystko si\u0119 nagra\u0142o&nbsp;&nbsp;Onet Premiera filmu o Englercie: \u015acibak\u00f3wna, Ko\u017cuchowska&#8230;&nbsp;&nbsp;pudelek.pl C\u00f3rka Englerta&hellip;\n","protected":false},"author":2,"featured_media":128829,"comment_status":"","ping_status":"","sticky":false,"template":"","format":"standard","meta":{"footnotes":""},"categories":[22],"tags":[16915,122,13670,67,4688,261,53,52,68,51,55,42,38,40,39,41,123,47,65,50],"class_list":{"0":"post-128828","1":"post","2":"type-post","3":"status-publish","4":"format-standard","5":"has-post-thumbnail","7":"category-rozrywka","8":"tag-beata_scibakowna","9":"tag-entertainment","10":"tag-helena_englert","11":"tag-intextvideo_splayer","12":"tag-jan_englert","13":"tag-kultura","14":"tag-new_header","15":"tag-onet3","16":"tag-onet3d","17":"tag-onet3d_2i","18":"tag-phx","19":"tag-pl","20":"tag-poland","21":"tag-polish","22":"tag-polska","23":"tag-polski","24":"tag-rozrywka","25":"tag-screening_general","26":"tag-update_me","27":"tag-v2021"},"share_on_mastodon":{"url":"https:\/\/pubeurope.com\/@pl\/115649693803343704","error":""},"_links":{"self":[{"href":"https:\/\/www.europesays.com\/pl\/wp-json\/wp\/v2\/posts\/128828","targetHints":{"allow":["GET"]}}],"collection":[{"href":"https:\/\/www.europesays.com\/pl\/wp-json\/wp\/v2\/posts"}],"about":[{"href":"https:\/\/www.europesays.com\/pl\/wp-json\/wp\/v2\/types\/post"}],"author":[{"embeddable":true,"href":"https:\/\/www.europesays.com\/pl\/wp-json\/wp\/v2\/users\/2"}],"replies":[{"embeddable":true,"href":"https:\/\/www.europesays.com\/pl\/wp-json\/wp\/v2\/comments?post=128828"}],"version-history":[{"count":0,"href":"https:\/\/www.europesays.com\/pl\/wp-json\/wp\/v2\/posts\/128828\/revisions"}],"wp:featuredmedia":[{"embeddable":true,"href":"https:\/\/www.europesays.com\/pl\/wp-json\/wp\/v2\/media\/128829"}],"wp:attachment":[{"href":"https:\/\/www.europesays.com\/pl\/wp-json\/wp\/v2\/media?parent=128828"}],"wp:term":[{"taxonomy":"category","embeddable":true,"href":"https:\/\/www.europesays.com\/pl\/wp-json\/wp\/v2\/categories?post=128828"},{"taxonomy":"post_tag","embeddable":true,"href":"https:\/\/www.europesays.com\/pl\/wp-json\/wp\/v2\/tags?post=128828"}],"curies":[{"name":"wp","href":"https:\/\/api.w.org\/{rel}","templated":true}]}}