{"id":128851,"date":"2025-12-02T11:34:13","date_gmt":"2025-12-02T11:34:13","guid":{"rendered":"https:\/\/www.europesays.com\/pl\/128851\/"},"modified":"2025-12-02T11:34:13","modified_gmt":"2025-12-02T11:34:13","slug":"radoslaw-sikorski-uderza-w-karola-nawrockiego-nie-dziekuje-onet","status":"publish","type":"post","link":"https:\/\/www.europesays.com\/pl\/128851\/","title":{"rendered":"Rados\u0142aw Sikorski uderza w Karola Nawrockiego. &quot;Nie dzi\u0119kuj\u0119&quot; &#8211; Onet"},"content":{"rendered":"<ol>\n<li><a href=\"https:\/\/news.google.com\/rss\/articles\/CBMi1wFBVV95cUxOdU9FWXVGamxBRjRBRlJWLUZkNXh2WmJyeGJhZ0xjbTZIRzU1VmFFNlBkZHh4aGFoS2pnQUlFUEFoNjl4OGNhRkdIaVhOS2ZLSlpKeVRsaUNnX0RTWnhwZDZOWnd5SzRhYlZhRVpvX1NtYlA5ZmNqTkpNMmVLdHBrdURyb0FZZHdVbkhHc2phOUw3VnlWVkNRQ2VrajZsQTZ6VjJXb1JhMmhfU0pWZVhIT1pYQkRuVUt1Sm1XWmVMSTFtd0Z1Y3pTSmF0c3F0dTdIeGVKWWE2aw?oc=5\" target=\"_blank\" rel=\"nofollow noopener\">Rados\u0142aw Sikorski uderza w Karola Nawrockiego. &#8222;Nie dzi\u0119kuj\u0119&#8221;<\/a>&nbsp;&nbsp;Onet<\/li>\n<li><a href=\"https:\/\/news.google.com\/rss\/articles\/CBMiyAFBVV95cUxPQk5EZFhWUllGdkRLZU5TYjlxYnVMdlFTQnV1X1JlSmJCNWdTdVBuZWt2YVlncjZQMVJ5dnJRaU9VQXFDeWFkUVJmaVI2VU56a2VILTNnN3dOMi1ON1phSjYyY280OGhZTFVlQXJ1dF9NLU5yMlVfUXZfVmNlMVIwTHVDYS1yRTFmR2daLVNVTTJmZnpNSzFKVnU1bHNBODlYd0N6Z2lxa0RrcE5QZTV4SFFncmVPQXJ6d1FwaWFFNVpKcHhnUnktRQ?oc=5\" target=\"_blank\" rel=\"nofollow noopener\">Zaskakuj\u0105ca bierno\u015b\u0107 Karola Nawrockiego. &#8222;Nie wykazuje ambicji&#8221;<\/a>&nbsp;&nbsp;Newsweek<\/li>\n<li><a href=\"https:\/\/news.google.com\/rss\/articles\/CBMiugFBVV95cUxNanlTMHI3Mk9rQUxrSEt5Qnc3LUNYTFpyei1xWk52RmlwWFFMOC1NOGNUOTlwcmtoS3E1VEZJMklQc0dYNkFhdWJIQmNVakdRY1Uzak10TFpvcTNJSElhWVdTWVFMeTM3NWEzUE9lc2dvRFZBYnEyeUJROHk4LTBidDBqbW9tbDBYYktLOFE1N1lhMzlNMFJSQ09LNGVvZDRDLWhxSllDTE9vem9qYnZpUWJDNk1XY3pqc1E?oc=5\" target=\"_blank\" rel=\"nofollow noopener\">Kataryna: Karol Nawrocki zachowa\u0142 si\u0119 jak trzeba. A nie by\u0142o to dla niego \u0142atwe<\/a>&nbsp;&nbsp;Rzeczpospolita<\/li>\n<li><a href=\"https:\/\/news.google.com\/rss\/articles\/CBMitwFBVV95cUxNVFU0VkhPNTVCb1JwMVhWTkIzdFRLeDI5QUNHbk8yS0IxU3VkRDN2MmpESGcteEdLazBENlFXM3lJTVUwbHNCcUViT1dsM2JUbGliQXNuYjBySnRfRTdkRXM1dHV3ZVo0MkpaU2FNR0d1b3lhaVRMY3ptZ1Y1RTFSOXVZM1VUTS1sVXJNU1k1ZE5qX3Z2Q1Njc3U2NVJMSGxndkpGN3ZlRU1aYTVMNGg0bGg5akNkVG8?oc=5\" target=\"_blank\" rel=\"nofollow noopener\">&#8222;Polska nie jest wiarygodna&#8221;. By\u0142y szef MSZ wskazuje na Nawrockiego<\/a>&nbsp;&nbsp;PolsatNews.pl<\/li>\n<li><a href=\"https:\/\/news.google.com\/rss\/articles\/CBMizwFBVV95cUxQMlFLUHhReW1CNFM5UmZMT2ZSSkRkcFNVb0E2ZldHZno4YXRyNjNKSEZTdmxNZkZ3OWpZMFo5NndoLTZUbDBMa1ZNd1RWMHFKV29MaHJmSEdfNk5LelhfLW5fZ2tkckxiNWNTTTdwMXYyUFFzSUY4YlZfT0U5bkZDVTl2YkV2T2loMVFzak9fQ2dvaWJjX3U5OGFOMGpmY0VyVFVpMFo3cW5fRXZCR3dSMkt0NVQtdnVXb25IcDVmbVRCQ21raVRwTXVmQ19kOVk?oc=5\" target=\"_blank\" rel=\"nofollow noopener\">Waszyngto\u0144ska misja prezydenta? Pr\u0119\u017cy\u0142 musku\u0142y, niech teraz poka\u017ce, co potrafi [ROZMOWA]<\/a>&nbsp;&nbsp;GazetaPrawna.pl<\/li>\n<\/ol>\n","protected":false},"excerpt":{"rendered":"Rados\u0142aw Sikorski uderza w Karola Nawrockiego. &#8222;Nie dzi\u0119kuj\u0119&#8221;&nbsp;&nbsp;Onet Zaskakuj\u0105ca bierno\u015b\u0107 Karola Nawrockiego. &#8222;Nie wykazuje ambicji&#8221;&nbsp;&nbsp;Newsweek Kataryna: Karol Nawrocki&hellip;\n","protected":false},"author":2,"featured_media":128852,"comment_status":"","ping_status":"","sticky":false,"template":"","format":"standard","meta":{"footnotes":""},"categories":[12],"tags":[32,33,58,36,37,27,64,240,34,35,28,31,53,25,52,68,51,55,42,38,40,39,41,1534,47,29,30,61,65,50,26],"class_list":{"0":"post-128851","1":"post","2":"type-post","3":"status-publish","4":"format-standard","5":"has-post-thumbnail","7":"category-polska","8":"tag-breaking-news","9":"tag-breakingnews","10":"tag-donald_trump_prezydent_usa","11":"tag-featured-news","12":"tag-featurednews","13":"tag-headlines","14":"tag-inwazja_rosji_na_ukraine_2014_","15":"tag-karol_nawrocki_prezydent","16":"tag-latest-news","17":"tag-latestnews","18":"tag-naglowki","19":"tag-najwazniejsze-artykuly","20":"tag-new_header","21":"tag-news","22":"tag-onet3","23":"tag-onet3d","24":"tag-onet3d_2i","25":"tag-phx","26":"tag-pl","27":"tag-poland","28":"tag-polish","29":"tag-polska","30":"tag-polski","31":"tag-radoslaw_sikorski_polityk","32":"tag-screening_general","33":"tag-top-stories","34":"tag-topstories","35":"tag-ue_unia_europejska_komisja_rada_komisarze","36":"tag-update_me","37":"tag-v2021","38":"tag-wiadomosci"},"share_on_mastodon":{"url":"","error":"Validation failed: Text character limit of 500 exceeded"},"_links":{"self":[{"href":"https:\/\/www.europesays.com\/pl\/wp-json\/wp\/v2\/posts\/128851","targetHints":{"allow":["GET"]}}],"collection":[{"href":"https:\/\/www.europesays.com\/pl\/wp-json\/wp\/v2\/posts"}],"about":[{"href":"https:\/\/www.europesays.com\/pl\/wp-json\/wp\/v2\/types\/post"}],"author":[{"embeddable":true,"href":"https:\/\/www.europesays.com\/pl\/wp-json\/wp\/v2\/users\/2"}],"replies":[{"embeddable":true,"href":"https:\/\/www.europesays.com\/pl\/wp-json\/wp\/v2\/comments?post=128851"}],"version-history":[{"count":0,"href":"https:\/\/www.europesays.com\/pl\/wp-json\/wp\/v2\/posts\/128851\/revisions"}],"wp:featuredmedia":[{"embeddable":true,"href":"https:\/\/www.europesays.com\/pl\/wp-json\/wp\/v2\/media\/128852"}],"wp:attachment":[{"href":"https:\/\/www.europesays.com\/pl\/wp-json\/wp\/v2\/media?parent=128851"}],"wp:term":[{"taxonomy":"category","embeddable":true,"href":"https:\/\/www.europesays.com\/pl\/wp-json\/wp\/v2\/categories?post=128851"},{"taxonomy":"post_tag","embeddable":true,"href":"https:\/\/www.europesays.com\/pl\/wp-json\/wp\/v2\/tags?post=128851"}],"curies":[{"name":"wp","href":"https:\/\/api.w.org\/{rel}","templated":true}]}}