{"id":128862,"date":"2025-12-02T11:43:03","date_gmt":"2025-12-02T11:43:03","guid":{"rendered":"https:\/\/www.europesays.com\/pl\/128862\/"},"modified":"2025-12-02T11:43:03","modified_gmt":"2025-12-02T11:43:03","slug":"media-barcelona-podjela-decyzje-w-sprawie-kontraktu-roberta-lewandowskiego-przeglad-sportowy-onet","status":"publish","type":"post","link":"https:\/\/www.europesays.com\/pl\/128862\/","title":{"rendered":"Media: Barcelona podj\u0119\u0142a decyzj\u0119 w sprawie kontraktu Roberta Lewandowskiego &#8211; Przegl\u0105d Sportowy Onet"},"content":{"rendered":"<ol>\n<li><a href=\"https:\/\/news.google.com\/rss\/articles\/CBMixwFBVV95cUxPTzNoSjNLTHlWMWduZm5TXzFCYWc1UmhDTnVlMGUxSHR5V1ZWZC12UVVwRjhhV2JuSjhhRFQweW1DNTFCQnpWeF9RcHFndHB5WTBqWjF2dGNHY21SSTNrMlFCVGl6bDhJUVFrZWpwMkN5OENwN0Q4dUl1Q0ZvMDBsdVRMZVNpeHhUQkRTZ0xQVWFmb1lSTS1tZkVKN1NwZEhuSmNUcC1QbE1pVGlJQWtXTnZLR2t1a0gycFAya0hlWEt3aUlWalFv?oc=5\" target=\"_blank\" rel=\"nofollow noopener\">Media: Barcelona podj\u0119\u0142a decyzj\u0119 w sprawie kontraktu Roberta Lewandowskiego<\/a>&nbsp;&nbsp;Przegl\u0105d Sportowy Onet<\/li>\n<li><a href=\"https:\/\/news.google.com\/rss\/articles\/CBMivwFBVV95cUxNV3FqRTE4SjlSczN2MkhNRWgxVVFrb2VCbmxRRUlXZFpUZ2ZUZmhtUHNZeDBJcFh6dU14ejVZRjg4Y0h6N1lDUlR5TnZMcHY2bzgwSUppWWhNME1ZQUxXSmFaZERNQ3k5Vy1BQWI5VkhOQW95Sm5xdVRJZWxxU2hZUEozRmtyenlPTDVjYU9mdEVWUUZGYU9tc2s0MGhmQ191NGZQcnFPT01jOXVmY2FVS3JtN0dEZ2dCMUlJWVlFTQ?oc=5\" target=\"_blank\" rel=\"nofollow noopener\">Gruchn\u0119\u0142y wie\u015bci o transferze, Lewandowski nie m\u00f3g\u0142 si\u0119 spodziewa\u0107. Barcelona wybra\u0142a<\/a>&nbsp;&nbsp;Sport w INTERIA.PL<\/li>\n<li><a href=\"https:\/\/news.google.com\/rss\/articles\/CBMivAFBVV95cUxNOFVQZ0xPbThCOUJ1T2FHSkJJdVE5dVhiVkpjOElLYjhCU014NF9ub2tkeXk1WXA3TnIyS21mUDRFVEpWalA1aGtFT09qVmJGWERCdmptTU4tbHBLbmlveUxnTFBDQ2FuV2NZdENFSjZiQzNYem8yMTN1TE9JVGVwRzZNYXplbHplRDE1ZkFFN0hXcFdTX3RETklCOG1QVGZZSlpIZ09DZENNQW1kVjNGS3Byd01GdDBGaVNwUw?oc=5\" target=\"_blank\" rel=\"nofollow noopener\">Trzeci talent RB Lipsk na radarze FC Barcelony. Strzeli\u0142 gola na oczach skaut\u00f3w<\/a>&nbsp;&nbsp;Transfery.info<\/li>\n<li><a href=\"https:\/\/news.google.com\/rss\/articles\/CBMiuwFBVV95cUxQclJ6ZmpJeWZ2T0FJajFYa1dKS2liT0JiWjBFX1dxWUl0aUprVmVlcWtPNkNhc0NZQmxpTG4wWnZMYUJFRHNtSWZsNkRWWXZsSmRvc2RjT3F0RzJxOHBsVHo1NkJRZ2RsSV9UTFloSmhpX2ltNTdvZWtsYkFwR0FKdkZKQWNXR3pSd1VGaUdvWVVBYnNNUk1iSllUX2liemdJd3ZlZEdmbV9NbTU1SmFGQURYQnZ2OFR1WGVZ?oc=5\" target=\"_blank\" rel=\"nofollow noopener\">Nowe informacje ws. przysz\u0142o\u015bci Lewandowskiego. &#8222;Je\u015bli tylko b\u0119dzie chcia\u0142&#8221;.<\/a>&nbsp;&nbsp;SportoweFakty<\/li>\n<li><a href=\"https:\/\/news.google.com\/rss\/articles\/CBMitgFBVV95cUxPdG45NTUtcnM1aVNCUHd4SHJCdkpIcnRIdHpETHY4R3ZPYVdBYk82RW9ST3lpbVlPV0NRSmxXNi1oWi1rdHQ0SnRiakx1bHRsbGdDeHd6dXNnWktMMFNGT1ROMV9VdGRrSVBPM1BQVkpjNjB3dC0yM1ExZVNMOTB6OTNJYlUxcHN1Qkd2Mm9ET1lXaTBnVDZJcTFVNEZLU1pUeFNRZlpxc18wNkFCZ2pSaEdxN3NPdw?oc=5\" target=\"_blank\" rel=\"nofollow noopener\">Wa\u017cne s\u0142owa ws. przysz\u0142o\u015bci Lewandowskiego. &#8222;Je\u015bli tylko b\u0119dzie chcia\u0142&#8221;<\/a>&nbsp;&nbsp;Meczyki.pl<\/li>\n<\/ol>\n","protected":false},"excerpt":{"rendered":"Media: Barcelona podj\u0119\u0142a decyzj\u0119 w sprawie kontraktu Roberta Lewandowskiego&nbsp;&nbsp;Przegl\u0105d Sportowy Onet Gruchn\u0119\u0142y wie\u015bci o transferze, Lewandowski nie m\u00f3g\u0142&hellip;\n","protected":false},"author":2,"featured_media":128863,"comment_status":"","ping_status":"","sticky":false,"template":"","format":"standard","meta":{"footnotes":""},"categories":[24],"tags":[303,67,2051,194,948,42,38,40,39,41,136,128,300,47,127,135,126,130],"class_list":{"0":"post-128862","1":"post","2":"type-post","3":"status-publish","4":"format-standard","5":"has-post-thumbnail","7":"category-sport","8":"tag-fc_barcelona","9":"tag-intextvideo_splayer","10":"tag-laliga","11":"tag-maja","12":"tag-pilka_nozna","13":"tag-pl","14":"tag-poland","15":"tag-polish","16":"tag-polska","17":"tag-polski","18":"tag-ps_detal_new","19":"tag-psv2","20":"tag-robert_lewandowski","21":"tag-screening_general","22":"tag-sport","23":"tag-sport_sport","24":"tag-sports","25":"tag-wiadomosci_sportowe"},"share_on_mastodon":{"url":"","error":""},"_links":{"self":[{"href":"https:\/\/www.europesays.com\/pl\/wp-json\/wp\/v2\/posts\/128862","targetHints":{"allow":["GET"]}}],"collection":[{"href":"https:\/\/www.europesays.com\/pl\/wp-json\/wp\/v2\/posts"}],"about":[{"href":"https:\/\/www.europesays.com\/pl\/wp-json\/wp\/v2\/types\/post"}],"author":[{"embeddable":true,"href":"https:\/\/www.europesays.com\/pl\/wp-json\/wp\/v2\/users\/2"}],"replies":[{"embeddable":true,"href":"https:\/\/www.europesays.com\/pl\/wp-json\/wp\/v2\/comments?post=128862"}],"version-history":[{"count":0,"href":"https:\/\/www.europesays.com\/pl\/wp-json\/wp\/v2\/posts\/128862\/revisions"}],"wp:featuredmedia":[{"embeddable":true,"href":"https:\/\/www.europesays.com\/pl\/wp-json\/wp\/v2\/media\/128863"}],"wp:attachment":[{"href":"https:\/\/www.europesays.com\/pl\/wp-json\/wp\/v2\/media?parent=128862"}],"wp:term":[{"taxonomy":"category","embeddable":true,"href":"https:\/\/www.europesays.com\/pl\/wp-json\/wp\/v2\/categories?post=128862"},{"taxonomy":"post_tag","embeddable":true,"href":"https:\/\/www.europesays.com\/pl\/wp-json\/wp\/v2\/tags?post=128862"}],"curies":[{"name":"wp","href":"https:\/\/api.w.org\/{rel}","templated":true}]}}