{"id":12896,"date":"2025-09-24T06:17:14","date_gmt":"2025-09-24T06:17:14","guid":{"rendered":"https:\/\/www.europesays.com\/pl\/12896\/"},"modified":"2025-09-24T06:17:14","modified_gmt":"2025-09-24T06:17:14","slug":"grazyna-torbicka-bohaterka-nowej-okladki-vogue-polska-internauci-zachwyceni-jak-wino-onet","status":"publish","type":"post","link":"https:\/\/www.europesays.com\/pl\/12896\/","title":{"rendered":"Gra\u017cyna Torbicka bohaterk\u0105 nowej ok\u0142adki &quot;Vogue Polska&quot;. Internauci zachwyceni. &quot;Jak wino&quot; &#8211; Onet"},"content":{"rendered":"<ol>\n<li><a href=\"https:\/\/news.google.com\/rss\/articles\/CBMivwFBVV95cUxQcDhqMVk0YVdNZ1pfc1FISUVSQ1NCRFFQaWw2QTREYXczNE15Zm8zcVB0Rm9FalRqdV85SUxqRU51YU1NdTJOZ3R1RklnSC00d1o0WDJIVEFCNi1rNTRtbWhOVzJkOElrYTBRcWdqU1E3NnRNZU1oNTgzaHY2LTBCNEc5MkVGbzNwMTB0UG54UTRlcHF4WHNocUpmYUtLNUIwSVo2T3N0bW0xZmwwMHhuZTVDNWo5Y2VLWUdDYWlEWQ?oc=5\" target=\"_blank\" rel=\"nofollow noopener\">Gra\u017cyna Torbicka bohaterk\u0105 nowej ok\u0142adki &#8222;Vogue Polska&#8221;. Internauci zachwyceni. &#8222;Jak wino&#8221;<\/a>&nbsp;&nbsp;Onet<\/li>\n<li><a href=\"https:\/\/news.google.com\/rss\/articles\/CBMi4AFBVV95cUxNV0pua2NwTVNQNzlhbDk2Uk1POGNMVlJoQjU3SndhVzV5WjJWVXRiV1NuaC01UVMxZUsxQ1FxVW5kOFltNGNqOUFnUWlBcFA5MVlvRGRqSEhsOWJJcE5uVkJYUUhTVFhpTjEwNXVPWHJONDJKVk9YWDIxQmhlYUVQdjdoTUdpZTYxWlRuaWw3RTVMQnNWZVEtWmhtdTNUSHZsMnQxTnpRNDczY1pKdHllbWlUZml6cERYbUVNUkxfZGQyNFlvT1BxdV84UjNIaThlVTlHcnpGcGdoN2pzRmdOcg?oc=5\" target=\"_blank\" rel=\"nofollow noopener\">Internauci psiocz\u0105 na &#8222;NUDNE&#8221; ok\u0142adki pa\u017adziernikowego &#8222;Vogue Polska&#8221;: &#8222;Naczelna powinna wylecie\u0107 dyscyplinarnie&#8221;<\/a>&nbsp;&nbsp;pudelek.pl<\/li>\n<li><a href=\"https:\/\/news.google.com\/rss\/articles\/CBMirAFBVV95cUxPRTZTRnlmOHRia0w2RFN5UVQzRjVrT3FfQW1uOXdvb3dESUVJM19WRnI0Vlc1TWR1VmJTN01rY2lFcnpxZmlBUkZjMm9oamc2MEVVb09GLXY0azZYMUdQcDFWb19xSFUxZzNnUjhSOG0wcVQ3Q1FNWExTWHhjWEN3Z0pqd3dWZTEyb0JxVmZTano3SWhsNExGSW5acDNmanMteTBOQTVIVFdTaGFB?oc=5\" target=\"_blank\" rel=\"nofollow noopener\">We wtorek rano potwierdzi\u0142y si\u0119 doniesienia ws. Gra\u017cyny Torbickiej. Jest bardzo \u017ale<\/a>&nbsp;&nbsp;Pomponik<\/li>\n<li><a href=\"https:\/\/news.google.com\/rss\/articles\/CBMiqAFBVV95cUxOLXc3UG56QndhamFMczJfR3FzUEhKckprMm1jZ251bG1DR1V5ZXVuSkNkSG5HcHZYSzJoNG1QNTRhTXRqRXFwc0V1cVZJcVBWTllvTVVlZnpLY2dGM3Y0c3kxOE14UWpHWVFwdGdNQ000akhDTENSNEtiRGsyRUpTOEhHd2MwaVYxWG5xZ2UyOUVoZmxZYnpueUk4NXRYN3dhaXhRZ05BbEk?oc=5\" target=\"_blank\" rel=\"nofollow noopener\">Gra\u017cyna Torbicka bohaterk\u0105 nowej ok\u0142adki &#8222;Vogue Polska&#8221;. &#8222;Jak wino&#8221;<\/a>&nbsp;&nbsp;Kobieta Onet<\/li>\n<li><a href=\"https:\/\/news.google.com\/rss\/articles\/CBMilgFBVV95cUxPM3RvVDc2OEtiRnpTSlJkcFpLeUtwT05fMWsyeHBuN1lLU1F2ZmtxWmRycXh5MDNRTm8xdW54WDlfX2YzTXpLZDRrSUw3Qm9YQ3RBOFdzbTZYTHdRWDJRUlN3YVlJanFCY1NkZTRubGpGME9LVl9xSTJ2eUFVMUVSMDVqUUptMTRIelh5TTNWQXgzOWpWUEE?oc=5\" target=\"_blank\" rel=\"nofollow noopener\">Wysz\u0142o na jaw ws. Gra\u017cyny Torbickiej. &#8222;W ko\u0144cu&#8221;<\/a>&nbsp;&nbsp;Pomponik<\/li>\n<\/ol>\n","protected":false},"excerpt":{"rendered":"Gra\u017cyna Torbicka bohaterk\u0105 nowej ok\u0142adki &#8222;Vogue Polska&#8221;. Internauci zachwyceni. &#8222;Jak wino&#8221;&nbsp;&nbsp;Onet Internauci psiocz\u0105 na &#8222;NUDNE&#8221; ok\u0142adki pa\u017adziernikowego &#8222;Vogue&hellip;\n","protected":false},"author":2,"featured_media":12897,"comment_status":"","ping_status":"","sticky":false,"template":"","format":"standard","meta":{"footnotes":"","_share_on_mastodon":"0"},"categories":[22],"tags":[1679,122,4873,53,52,68,51,55,42,38,40,39,41,123,47,196,65,50,4874],"class_list":["post-12896","post","type-post","status-publish","format-standard","has-post-thumbnail","category-rozrywka","tag-det_prem_tst1","tag-entertainment","tag-grazyna_torbicka","tag-new_header","tag-onet3","tag-onet3d","tag-onet3d_2i","tag-phx","tag-pl","tag-poland","tag-polish","tag-polska","tag-polski","tag-rozrywka","tag-screening_general","tag-styl_zycia","tag-update_me","tag-v2021","tag-vogue"],"share_on_mastodon":{"url":"","error":""},"_links":{"self":[{"href":"https:\/\/www.europesays.com\/pl\/wp-json\/wp\/v2\/posts\/12896","targetHints":{"allow":["GET"]}}],"collection":[{"href":"https:\/\/www.europesays.com\/pl\/wp-json\/wp\/v2\/posts"}],"about":[{"href":"https:\/\/www.europesays.com\/pl\/wp-json\/wp\/v2\/types\/post"}],"author":[{"embeddable":true,"href":"https:\/\/www.europesays.com\/pl\/wp-json\/wp\/v2\/users\/2"}],"replies":[{"embeddable":true,"href":"https:\/\/www.europesays.com\/pl\/wp-json\/wp\/v2\/comments?post=12896"}],"version-history":[{"count":0,"href":"https:\/\/www.europesays.com\/pl\/wp-json\/wp\/v2\/posts\/12896\/revisions"}],"wp:featuredmedia":[{"embeddable":true,"href":"https:\/\/www.europesays.com\/pl\/wp-json\/wp\/v2\/media\/12897"}],"wp:attachment":[{"href":"https:\/\/www.europesays.com\/pl\/wp-json\/wp\/v2\/media?parent=12896"}],"wp:term":[{"taxonomy":"category","embeddable":true,"href":"https:\/\/www.europesays.com\/pl\/wp-json\/wp\/v2\/categories?post=12896"},{"taxonomy":"post_tag","embeddable":true,"href":"https:\/\/www.europesays.com\/pl\/wp-json\/wp\/v2\/tags?post=12896"}],"curies":[{"name":"wp","href":"https:\/\/api.w.org\/{rel}","templated":true}]}}