{"id":129047,"date":"2025-12-02T14:13:10","date_gmt":"2025-12-02T14:13:10","guid":{"rendered":"https:\/\/www.europesays.com\/pl\/129047\/"},"modified":"2025-12-02T14:13:10","modified_gmt":"2025-12-02T14:13:10","slug":"polacy-jednak-poleca-na-ms-tyle-maja-zarobic-za-zloty-medal","status":"publish","type":"post","link":"https:\/\/www.europesays.com\/pl\/129047\/","title":{"rendered":"Polacy jednak polec\u0105 na M\u015a. Tyle maj\u0105 zarobi\u0107 za z\u0142oty medal"},"content":{"rendered":"\n<p class=\"contentpart contentpart--default contentpart--text\" data-position=\"0\">Gdy <a href=\"https:\/\/sportowefakty.wp.pl\/siatkowka\/zaksa-kedzierzyn-kozle\" rel=\"nofollow noopener\" target=\"_blank\">ZAKSA K\u0119dzierzyn-Ko\u017ale<\/a>\u00a0trzykrotnie w latach 2021-2023 wygrywa\u0142a <a href=\"https:\/\/sportowefakty.wp.pl\/siatkowka\/liga-mistrzow\" rel=\"nofollow noopener\" target=\"_blank\">Lig\u0119 Mistrz\u00f3w<\/a>, to konsekwentnie odmawia\u0142a wyst\u0119pu w <a href=\"https:\/\/sportowefakty.wp.pl\/siatkowka\/klubowe-mistrzostwa-swiata-siatkarzy\" rel=\"nofollow noopener\" target=\"_blank\">Klubowych Mistrzostwach \u015awiata<\/a>. To samo zrobi\u0142 dwukrotny finalista Champions League (2022, 2024)\u00a0<a href=\"https:\/\/sportowefakty.wp.pl\/siatkowka\/jastrzebski-wegiel\" rel=\"nofollow noopener\" target=\"_blank\">JSW Jastrz\u0119bski W\u0119giel<\/a>. To sytuacja niespotykana w innych sportach, ale tak\u017ce rzadka w siatk\u00f3wce, bowiem kluby z ligi w\u0142oskiej (konkuruj\u0105cej z polsk\u0105 o prymat w Europie) rok w rok bra\u0142y udzia\u0142 w rozgrywkach.<\/p>\n<p class=\"contentpart contentpart--default contentpart--text\" data-position=\"1\">W tym roku nast\u0105pi\u0142 jednak prze\u0142om. W ko\u0144cu, po siedmiu latach przerwy, polski klub wyst\u0105pi w KM\u015a. Chodzi o ubieg\u0142orocznych finalist\u00f3w Ligi Mistrz\u00f3w Aluron CMC Wart\u0119 Zawiercie. Turniej odb\u0119dzie si\u0119 w dniach 16-21 grudnia w brazylijskim Belem.<\/p>\n<p> <img role=\"presentation\" src=\"https:\/\/std.wpcdn.pl\/images\/adv\/placeholder_wp.svg\" loading=\"lazy\" alt=\"\" decoding=\"async\"\/>  <\/p>\n<p class=\"contentpart contentpart--default contentpart--text\" data-position=\"2\">ZOBACZ WIDEO: By\u0142a Miss Polski nadal zachwyca. W\u0142a\u015bnie odnios\u0142a sukces<\/p>\n<p class=\"contentpart contentpart--default contentpart--text\" data-position=\"4\">W rozmowie z WP SportoweFakty prezes <a href=\"https:\/\/sportowefakty.wp.pl\/siatkowka\/kryspin-baran\" rel=\"nofollow noopener\" target=\"_blank\">Kryspin Baran<\/a>\u00a0ujawnia, dlaczego zdecydowa\u0142 si\u0119 podj\u0105\u0107 tak\u0105 decyzj\u0119. M\u00f3wi te\u017c o szokuj\u0105cych realiach wyst\u0119p\u00f3w w rozgrywkach mi\u0119dzynarodowych i ich nieop\u0142acalno\u015bci.<\/p>\n<p class=\"contentpart contentpart--default contentpart--text\" data-position=\"5\">Arkadiusz Dudziak, WP SportoweFakty: Dlaczego Aluron CMC Warta zdecydowa\u0142a si\u0119 na udzia\u0142 w Klubowych Mistrzostwach \u015awiata?\u00a0<\/p>\n<p class=\"contentpart contentpart--default contentpart--text\" data-position=\"6\"><a href=\"https:\/\/sportowefakty.wp.pl\/siatkowka\/kryspin-baran\" rel=\"nofollow noopener\" target=\"_blank\">Kryspin Baran<\/a>, prezes <a href=\"https:\/\/sportowefakty.wp.pl\/siatkowka\/aluron-warta-zawiercie\" rel=\"nofollow noopener\" target=\"_blank\">Aluron CMC Warty Zawiercie<\/a>: W poprzednich latach w lidze by\u0142o wi\u0119cej mecz\u00f3w, bo PlusLiga liczy\u0142a 16, a nie 14 zespo\u0142\u00f3w. To oznacza cztery spotkania mniej w fazie zasadniczej.<\/p>\n<p> <img role=\"presentation\" src=\"https:\/\/std.wpcdn.pl\/images\/adv\/placeholder_wp.svg\" loading=\"lazy\" alt=\"\" decoding=\"async\"\/>  <\/p>\n<p class=\"contentpart contentpart--default contentpart--text\" data-position=\"7\">Jestem zdziwiony, \u017ce \u015brodowisko jest zaskoczone nasz\u0105 decyzj\u0105. Nie rezygnujemy przecie\u017c z Ligi Mistrz\u00f3w, a Klubowe Mistrzostwa \u015awiata s\u0105 takimi rozgrywkami, gdzie wyst\u0119puj\u0105 tylko po dwie najlepsze dru\u017cyny z ka\u017cdego kontynentu. To spory presti\u017c. Nie widzia\u0142em powodu do rezygnacji.<\/p>\n<p class=\"contentpart contentpart--default contentpart--text\" data-position=\"8\">Czy je\u015bli PlusLiga dalej liczy\u0142aby 16 dru\u017cyn, to post\u0105piliby\u015bcie jak ZAKSA i Jastrz\u0119bski W\u0119giel, czyli nie pojechaliby\u015bcie?<\/p>\n<p class=\"contentpart contentpart--default contentpart--text\" data-position=\"9\">W poprzednich latach najwi\u0119ksz\u0105 przeszkod\u0105 by\u0142 terminarz. Nie by\u0142o kiedy po prostu przek\u0142ada\u0107 mecz\u00f3w, a nam si\u0119 to uda\u0142o. Wa\u017cna by\u0142a tak\u017ce przychylno\u015b\u0107 innych klub\u00f3w oraz w\u0142adz ligi.<\/p>\n<p class=\"contentpart contentpart--default contentpart--text\" data-position=\"10\">Czy udzia\u0142 w rozgrywkach mi\u0119dzynarodowych, zw\u0142aszcza w europejskich pucharach, to dla dru\u017cyn spore finansowe obci\u0105\u017cenie?<\/p>\n<p> <img role=\"presentation\" src=\"https:\/\/std.wpcdn.pl\/images\/adv\/placeholder_wp.svg\" loading=\"lazy\" alt=\"\" decoding=\"async\"\/>  <\/p>\n<p class=\"contentpart contentpart--default contentpart--text\" data-position=\"11\">Analizowa\u0142em to g\u0142\u0119biej w ubieg\u0142ym sezonie. Dopiero je\u015bli awansuje si\u0119 do fina\u0142u Ligi Mistrz\u00f3w, to tak naprawd\u0119 zwracaj\u0105 si\u0119 wszystkie koszty udzia\u0142u w europejskich pucharach. W Pucharze CEV i Pucharze Challenge nawet zwyci\u0119zca dop\u0142aca do interesu. Niemal dla wszystkich wyst\u0119py w rozgrywkach mi\u0119dzynarodowych s\u0105 deficytowe.<\/p>\n<p class=\"contentpart contentpart--default contentpart--text\" data-position=\"12\">Czyli nawet p\u00f3\u0142finali\u015bci Ligi Mistrz\u00f3w musz\u0105 si\u0119 dok\u0142ada\u0107?<\/p>\n<p class=\"contentpart contentpart--default contentpart--text\" data-position=\"13\">Tak, nawet awans do p\u00f3\u0142fina\u0142u nie zapewnia zwrotu koszt\u00f3w. Te nagrody za wygranie poszczeg\u00f3lnych mecz\u00f3w nie s\u0105 po prostu wystarczaj\u0105ce. Sporo pieni\u0119dzy poch\u0142aniaj\u0105 podr\u00f3\u017ce i hotele w fazie grupowej, w \u0107wier\u0107finale, w bara\u017cach. Warto zaznaczy\u0107, \u017ce tak\u017ce podczas turnieju Final Four cz\u0119\u015b\u0107 koszt\u00f3w nie jest ponoszona przez organizatora i musi p\u0142aci\u0107 za nie klub.<\/p>\n<p class=\"contentpart contentpart--default contentpart--text\" data-position=\"14\">Czy udzia\u0142 w Klubowych Mistrzostwach \u015awiata tak\u017ce wi\u0105\u017ce si\u0119 z do\u0142o\u017ceniem do interesu?<\/p>\n<p class=\"contentpart contentpart--default contentpart--text\" data-position=\"15\">To zale\u017cy od naszych wynik\u00f3w. Za wygranie turnieju dostaje si\u0119 200 tysi\u0119cy dolar\u00f3w (prawie 733 tysi\u0105ce z\u0142otych &#8211; przyp. red.). Drugie miejsce to po\u0142owa tej kwoty, a br\u0105zowy medal to 50 tysi\u0119cy dolar\u00f3w. Wed\u0142ug naszych wylicze\u0144 tylko nagroda za zwyci\u0119stwo pokryje wszystkie koszty.<\/p>\n<p> <img role=\"presentation\" src=\"https:\/\/std.wpcdn.pl\/images\/adv\/placeholder_wp.svg\" loading=\"lazy\" alt=\"\" decoding=\"async\"\/>  <\/p>\n<p class=\"contentpart contentpart--default contentpart--text\" data-position=\"16\">Czyli dla was udzia\u0142 w Klubowych Mistrzostwach \u015awiata ma charakter czysto presti\u017cowy?<\/p>\n<p class=\"contentpart contentpart--default contentpart--text\" data-position=\"17\">Tak, to ogromny presti\u017c dla klubu, ale tak\u017ce sponsor\u00f3w. To najbardziej presti\u017cowe wydarzenie w klubowej siatk\u00f3wce. Zdajemy sobie spraw\u0119, \u017ce trzeba b\u0119dzie do\u0142o\u017cy\u0107 do wyjazdu do Brazylii, ale liczymy tak\u017ce na wsparcie naszych partner\u00f3w.<\/p>\n<p class=\"contentpart contentpart--default contentpart--text\" data-position=\"18\">Aluron CMC Warta znana jest z tego, \u017ce w tym sezonie dysponuje \u017celazn\u0105 sz\u00f3stk\u0105. Nie boi si\u0119 pan, \u017ce taki wyjazd do Brazylii odbije si\u0119 na zdrowiu zawodnik\u00f3w?<\/p>\n<p class=\"contentpart contentpart--default contentpart--text\" data-position=\"19\">Nie zgodz\u0119 si\u0119 z tym. Faktycznie jak na razie mo\u017ce tak to wygl\u0105da\u0107, bo trener Micha\u0142 Winiarski chce zgrywa\u0107 zesp\u00f3\u0142 w pocz\u0105tkowej cz\u0119\u015bci sezonu. Nie zgodz\u0119 si\u0119 z opini\u0105, \u017ce nie mamy zmiennik\u00f3w. Patryk \u0141aba w p\u00f3\u0142finale ubieg\u0142orocznej Ligi Mistrz\u00f3w i Kyle Ensing w decyduj\u0105cym meczu p\u00f3\u0142fina\u0142owym PlusLigi udowodnili, \u017ce s\u0105 warto\u015bciowymi zmiennikami. Na \u015brodku, poza Mateuszem Bie\u0144kiem, mamy Jurija Gladyra, kt\u00f3ry obecnie leczy kontuzj\u0119 i Mi\u0142osza Zniszczo\u0142a.<\/p>\n<p> <img role=\"presentation\" src=\"https:\/\/std.wpcdn.pl\/images\/adv\/placeholder_wp.svg\" loading=\"lazy\" alt=\"\" decoding=\"async\"\/>  <\/p>\n<p class=\"contentpart contentpart--default contentpart--text\" data-position=\"20\">Pozostali zawodnicy b\u0119d\u0105 bardziej wykorzystywani w drugiej cz\u0119\u015bci sezonu i Klubowych Mistrzostwach \u015awiata, gdzie rozegramy pi\u0119\u0107 mecz\u00f3w w sze\u015b\u0107 dni. Trener przygotowania fizycznego Andrzej Zahorski wykonuje \u015bwietn\u0105 prac\u0119 i wiele os\u00f3b w \u015brodowisku zwraca uwag\u0119, \u017ce w tych aspektach wygl\u0105damy bardzo dobrze. W ubieg\u0142ym tygodniu zagrali\u015bmy trzy pi\u0119ciosetowe mecze w ci\u0105gu sze\u015bciu dni i prezentowali\u015bmy si\u0119 dobrze. Jestem spokojny o przebieg Klubowych Mistrzostw \u015awiata.<\/p>\n<p class=\"contentpart contentpart--default contentpart--text\" data-position=\"21\">B\u0119dziecie jednak mieli o pi\u0119\u0107 mecz\u00f3w wi\u0119cej i dalek\u0105 podr\u00f3\u017c w nogach. To si\u0119 mo\u017ce na was odbi\u0107.<\/p>\n<p class=\"contentpart contentpart--default contentpart--text\" data-position=\"22\">Jest takie ryzyko, \u017ce na kt\u00f3rym\u015b etapie mo\u017ce przyj\u015b\u0107 fizyczny do\u0142ek. Do zako\u0144czenia rundy zasadniczej, fazy play-off Ligi Mistrz\u00f3w b\u0119dzie jeszcze 3,5 miesi\u0105ca. To, czego si\u0119 najbardziej obawiam, to Puchar Polski. \u0106wier\u0107fina\u0142 odb\u0119dzie si\u0119 pod koniec grudnia, a turniej fina\u0142owy 10 i 11 stycznia w Krakowie. Je\u015bli mocno fizycznie odczujemy KM\u015a, to mo\u017ce si\u0119 odbi\u0107 na tym turnieju, ale to ryzyko zosta\u0142o wkalkulowane w koszty.<\/p>\n<p class=\"contentpart contentpart--default contentpart--text\" data-position=\"23\">Dlatego te\u017c wybrali\u015bmy podr\u00f3\u017c do Lizbony, gdzie na spokojnie zawodnicy odb\u0119d\u0105 trening. Nast\u0119pnego dnia mamy lot bezpo\u015bredni biznes-klas\u0105 do Belem. Chcieli\u015bmy zapewni\u0107 jak najwi\u0119kszy komfort zawodnikom i podr\u00f3\u017cowa\u0107 bez przesiadek.<\/p>\n","protected":false},"excerpt":{"rendered":"Gdy ZAKSA K\u0119dzierzyn-Ko\u017ale\u00a0trzykrotnie w latach 2021-2023 wygrywa\u0142a Lig\u0119 Mistrz\u00f3w, to konsekwentnie odmawia\u0142a wyst\u0119pu w Klubowych Mistrzostwach \u015awiata. To&hellip;\n","protected":false},"author":2,"featured_media":129048,"comment_status":"","ping_status":"","sticky":false,"template":"","format":"standard","meta":{"footnotes":""},"categories":[24],"tags":[19502,693,27146,13664,27145,27147,270,42,38,40,39,41,4608,131,127,126,3123,15413],"class_list":{"0":"post-129047","1":"post","2":"type-post","3":"status-publish","4":"format-standard","5":"has-post-thumbnail","7":"category-sport","8":"tag-aluron-cmc-warta-zawiercie","9":"tag-europejskie-puchary","10":"tag-jakub-kochanowski","11":"tag-jsw-jastrzebski-wegiel","12":"tag-klubowe-mistrzostwa-swiata-siatkarzy","13":"tag-kryspin-baran","14":"tag-liga-mistrzow","15":"tag-pl","16":"tag-poland","17":"tag-polish","18":"tag-polska","19":"tag-polski","20":"tag-rozgrywki-miedzynarodowe","21":"tag-siatkowka","22":"tag-sport","23":"tag-sports","24":"tag-tomasz-fornal","25":"tag-zaksa-kedzierzyn-kozle"},"share_on_mastodon":{"url":"https:\/\/pubeurope.com\/@pl\/115650390537652698","error":""},"_links":{"self":[{"href":"https:\/\/www.europesays.com\/pl\/wp-json\/wp\/v2\/posts\/129047","targetHints":{"allow":["GET"]}}],"collection":[{"href":"https:\/\/www.europesays.com\/pl\/wp-json\/wp\/v2\/posts"}],"about":[{"href":"https:\/\/www.europesays.com\/pl\/wp-json\/wp\/v2\/types\/post"}],"author":[{"embeddable":true,"href":"https:\/\/www.europesays.com\/pl\/wp-json\/wp\/v2\/users\/2"}],"replies":[{"embeddable":true,"href":"https:\/\/www.europesays.com\/pl\/wp-json\/wp\/v2\/comments?post=129047"}],"version-history":[{"count":0,"href":"https:\/\/www.europesays.com\/pl\/wp-json\/wp\/v2\/posts\/129047\/revisions"}],"wp:featuredmedia":[{"embeddable":true,"href":"https:\/\/www.europesays.com\/pl\/wp-json\/wp\/v2\/media\/129048"}],"wp:attachment":[{"href":"https:\/\/www.europesays.com\/pl\/wp-json\/wp\/v2\/media?parent=129047"}],"wp:term":[{"taxonomy":"category","embeddable":true,"href":"https:\/\/www.europesays.com\/pl\/wp-json\/wp\/v2\/categories?post=129047"},{"taxonomy":"post_tag","embeddable":true,"href":"https:\/\/www.europesays.com\/pl\/wp-json\/wp\/v2\/tags?post=129047"}],"curies":[{"name":"wp","href":"https:\/\/api.w.org\/{rel}","templated":true}]}}