{"id":129220,"date":"2025-12-02T16:36:18","date_gmt":"2025-12-02T16:36:18","guid":{"rendered":"https:\/\/www.europesays.com\/pl\/129220\/"},"modified":"2025-12-02T16:36:18","modified_gmt":"2025-12-02T16:36:18","slug":"katarzyna-zillmann-dodala-jedno-zdjecie-zaraz-bedzie-burza-przeglad-sportowy-onet","status":"publish","type":"post","link":"https:\/\/www.europesays.com\/pl\/129220\/","title":{"rendered":"Katarzyna Zillmann doda\u0142a jedno zdj\u0119cie. Zaraz b\u0119dzie burza &#8211; Przegl\u0105d Sportowy Onet"},"content":{"rendered":"<ol>\n<li><a href=\"https:\/\/news.google.com\/rss\/articles\/CBMiqgFBVV95cUxQRFluUXlrVmRVSnhPLXB6UF9FTWdlWWdoMUgwdzExbThpNDR6NDZHZE5XUWRlcXVFMnlSWkowakNHUW92LUtmSXVUNmxKd0ZOMnZQX0k4VE04NUJaZTNFaHdmY29FQThSaFdjX2dONkJiM3JrREM4SC12Q3NPTXNYMHdzNVBuTUlnQ0NDR2pWcEUyeG1CSkhZZkcwSXllcjVsQWlpaHVWLUxOdw?oc=5\" target=\"_blank\" rel=\"nofollow noopener\">Katarzyna Zillmann doda\u0142a jedno zdj\u0119cie. Zaraz b\u0119dzie burza<\/a>&nbsp;&nbsp;Przegl\u0105d Sportowy Onet<\/li>\n<li><a href=\"https:\/\/news.google.com\/rss\/articles\/CBMiugFBVV95cUxQX3h6eDlDNGF4anFaQklDSFBFYTRHVkFHeXg4d01fVENtX2g3Tmd5aVRUaHpjbDREMFlOaHNYSlQwV3Z5WXYwYkF1OGlGZVctVVJpanpoVEZDTWlUUGtxVjFYelNNeU0zdFVzaXdTMlZZcTRKZHQ0LU1KQnBOUU5qLTg1ZDNsYTN2MTNycy1UT0l4TGdicGsxTXFMRmZjZU1CM0RJUkE4OHZ1bkxfTmk0bWczcnVDajJyV2c?oc=5\" target=\"_blank\" rel=\"nofollow noopener\">Potwierdzaj\u0105 si\u0119 doniesienia ws. Zillman i Lesar. Fani czekali na to od fina\u0142u &#8222;Ta\u0144ca z gwiazdami&#8221;<\/a>&nbsp;&nbsp;Sport w INTERIA.PL<\/li>\n<li><a href=\"https:\/\/news.google.com\/rss\/articles\/CBMiuwFBVV95cUxPeVoxUjZiMjFXSW9OTzl4WTZ4Mjd4OUxjaU1VWnlWLWU4SUFSaE1lellTN0NySVpQaDA5VXZ4VVVCcEhrbnFWZ0pqeTFGay1BcVFkYzNNdzFsV0Rxck5MVFRrcGl5LS1YZ2lhQWJvZ3BibVRlWXJVUHBwemF5VFBNdFhITjgxWkNXU1VmMkd6NHRRel84eXZzdmNVcjFFcG1Cb3BUY3F3ZkxjdmxpYlJieGJXQm9sRGlucXk4?oc=5\" target=\"_blank\" rel=\"nofollow noopener\">Zillman musia\u0142a si\u0119 wyprowadzi\u0107. Wtem wspomnia\u0142a o &#8222;pe\u0142nej prawdzie&#8221;<\/a>&nbsp;&nbsp;Gazeta<\/li>\n<li><a href=\"https:\/\/news.google.com\/rss\/articles\/CBMirgFBVV95cUxQOThaZUNaWUJFNWppM1JSUXZhS2tDUkx2R3hRNEVzSnlBelpfdmdoQkVZaHNMWVV3R21lLVZyTVR0Y3RXUjRXVF9mSTF5aHlfY0lGb3h1YjJELXFyWExFdFUzRkVVUVZudDV5S0hacnFEZkdjV0ZTZldRS2ljeWM0TWFXTG9OaXpuQ0IwSWlyMzBoNTRxbURvRkZMQjNKeFBiLTBINDhCRkFRUFY4U1E?oc=5\" target=\"_blank\" rel=\"nofollow noopener\">Nie ko\u0144cz\u0105 si\u0119 pytania o relacj\u0119 Zillmann i Lesar. Fani domagaj\u0105 si\u0119 jednego<\/a>&nbsp;&nbsp;Pomponik.pl<\/li>\n<\/ol>\n","protected":false},"excerpt":{"rendered":"Katarzyna Zillmann doda\u0142a jedno zdj\u0119cie. Zaraz b\u0119dzie burza&nbsp;&nbsp;Przegl\u0105d Sportowy Onet Potwierdzaj\u0105 si\u0119 doniesienia ws. Zillman i Lesar. Fani&hellip;\n","protected":false},"author":2,"featured_media":129221,"comment_status":"","ping_status":"","sticky":false,"template":"","format":"standard","meta":{"footnotes":""},"categories":[22],"tags":[122,67,3561,129,42,38,40,39,41,136,128,123,47,655,1884,130,5469],"class_list":{"0":"post-129220","1":"post","2":"type-post","3":"status-publish","4":"format-standard","5":"has-post-thumbnail","7":"category-rozrywka","8":"tag-entertainment","9":"tag-intextvideo_splayer","10":"tag-katarzyna_zillmann","11":"tag-ofsajd","12":"tag-pl","13":"tag-poland","14":"tag-polish","15":"tag-polska","16":"tag-polski","17":"tag-ps_detal_new","18":"tag-psv2","19":"tag-rozrywka","20":"tag-screening_general","21":"tag-styl_zycia_lifestyle_","22":"tag-taniec_z_gwiazdami","23":"tag-wiadomosci_sportowe","24":"tag-wioslarstwo"},"share_on_mastodon":{"url":"https:\/\/pubeurope.com\/@pl\/115650952082033567","error":""},"_links":{"self":[{"href":"https:\/\/www.europesays.com\/pl\/wp-json\/wp\/v2\/posts\/129220","targetHints":{"allow":["GET"]}}],"collection":[{"href":"https:\/\/www.europesays.com\/pl\/wp-json\/wp\/v2\/posts"}],"about":[{"href":"https:\/\/www.europesays.com\/pl\/wp-json\/wp\/v2\/types\/post"}],"author":[{"embeddable":true,"href":"https:\/\/www.europesays.com\/pl\/wp-json\/wp\/v2\/users\/2"}],"replies":[{"embeddable":true,"href":"https:\/\/www.europesays.com\/pl\/wp-json\/wp\/v2\/comments?post=129220"}],"version-history":[{"count":0,"href":"https:\/\/www.europesays.com\/pl\/wp-json\/wp\/v2\/posts\/129220\/revisions"}],"wp:featuredmedia":[{"embeddable":true,"href":"https:\/\/www.europesays.com\/pl\/wp-json\/wp\/v2\/media\/129221"}],"wp:attachment":[{"href":"https:\/\/www.europesays.com\/pl\/wp-json\/wp\/v2\/media?parent=129220"}],"wp:term":[{"taxonomy":"category","embeddable":true,"href":"https:\/\/www.europesays.com\/pl\/wp-json\/wp\/v2\/categories?post=129220"},{"taxonomy":"post_tag","embeddable":true,"href":"https:\/\/www.europesays.com\/pl\/wp-json\/wp\/v2\/tags?post=129220"}],"curies":[{"name":"wp","href":"https:\/\/api.w.org\/{rel}","templated":true}]}}