{"id":129317,"date":"2025-12-02T17:32:06","date_gmt":"2025-12-02T17:32:06","guid":{"rendered":"https:\/\/www.europesays.com\/pl\/129317\/"},"modified":"2025-12-02T17:32:06","modified_gmt":"2025-12-02T17:32:06","slug":"nowa-odslona-wojny-w-rodzinie-krawczykow-skonczylo-sie-dramatem-ujawniamy","status":"publish","type":"post","link":"https:\/\/www.europesays.com\/pl\/129317\/","title":{"rendered":"Nowa ods\u0142ona wojny w rodzinie Krawczyk\u00f3w. Sko\u0144czy\u0142o si\u0119 dramatem. Ujawniamy"},"content":{"rendered":"<p data-section=\"detail-body\">Od \u015bmierci Krzysztofa Krawczyka min\u0119\u0142y ju\u017c ponad 4 lata, a schorowany jedyny syn piosenkarza jest w coraz bardziej tragicznym po\u0142o\u017ceniu. Krzysztof Krawczyk junior, by zwi\u0105za\u0107 koniec z ko\u0144cem i mie\u0107 dach nad g\u0142ow\u0105, musi korzysta\u0107 z pomocy przyjaci\u00f3\u0142. Po ojcu nie odziedziczy\u0142 \u017cadnych pieni\u0119dzy, bo ca\u0142y maj\u0105tek ojca jest w r\u0119kach macochy, a sprawa spadku utkn\u0119\u0142a w s\u0105dzie w Zgierzu. Obecnie szanse na jej wygranie s\u0105 dla Krzysztofa Krawczyka juniora bardzo nik\u0142e. I z ka\u017cdym dniem malej\u0105.<\/p>\n<p data-section=\"detail-body\">Dlatego dzia\u0142a\u0107 postanowi\u0142 zaprzyja\u017aniony z legendarnym piosenkarzem ksi\u0105dz Piotr Turek. Uzna\u0142, \u017ce pora, by z dala od sal s\u0105dowych wdowa Ewa Krawczyk za\u017cegna\u0142a sp\u00f3r si\u0119 z Krzysztofem juniorem. Zbli\u017caj\u0105ce si\u0119 \u015bwi\u0119ta Bo\u017cego Narodzenia wydawa\u0142y si\u0119 idealn\u0105 okazj\u0105 do rodzinnego pojednania. Wdowa zgodzi\u0142a si\u0119 nawet na kupno mieszkania dla syna zmar\u0142ego m\u0119\u017ca i utrzymywania lokalu przez najbli\u017csze lata. Jednak pr\u00f3ba rozm\u00f3w sko\u0144czy\u0142a si\u0119 wprost fatalnie. \u2013 Krzysztof trafi\u0142 do szpitala. Ma ataki, po kt\u00f3rych czasem kilka godzin dochodzi do siebie. Nie mo\u017cna traktowa\u0107 go jak rekwizytu \u2013 m\u00f3wi w rozmowie z &#8222;Faktem&#8221; Krzysztof Cwynar, kt\u00f3ry od lat opiekuje si\u0119 synem piosenkarza.<\/p>\n<p>        Testament Krzysztofa Krawczyka. O co walczy wdowa z synem piosenkarza<\/p>\n<p class=\"article-p\" data-section=\"detail-body\">Legendarny piosenkarz Krzysztof Krawczyk zmar\u0142 5 kwietnia 2021 r. w swoim domu. Gdy po jego \u015bmierci otworzono testament z 2020 r., okaza\u0142o si\u0119, \u017ce ogromny maj\u0105tek dziedziczy wdowa po piosenkarzu, Ewa Krawczyk, a jego jedyny syn zosta\u0142 pomini\u0119ty. Zgodnie z polskim prawem nale\u017cy mu si\u0119 jedynie zachowek. Krzysztof Krawczyk junior ju\u017c cztery lata walczy o uniewa\u017cnienie tego testamentu, bo uwa\u017ca, \u017ce ojciec nie by\u0142 na tyle zdr\u00f3w, by podj\u0105\u0107 \u015bwiadomie tak powa\u017cn\u0105 decyzj\u0119. Wszystko wskazuje na to, \u017ce jest to walka skazana na pora\u017ck\u0119.<\/p>\n<p class=\"article-p\" data-section=\"detail-body\">Pierwsza rozprawa w sprawie spadku po Krzysztofie Krawczyku odby\u0142a si\u0119 w maju 2021 r. tu\u017c po \u015bmierci piosenkarza. Od tamtego czasu odby\u0142o si\u0119 ju\u017c kilka rozpraw, na kt\u00f3rych przes\u0142uchano w sumie kilkunastu \u015bwiadk\u00f3w. Ostatnia \u2014 w listopadzie 2022 r. i od tego czasu trwa dalsze post\u0119powanie. Kiedy odb\u0119dzie si\u0119 kolejna rozprawa, wci\u0105\u017c nie wiadomo, bo nie wyznaczono kolejnego terminu. A czas mija nieub\u0142aganie. Roszczenie o zachowek przedawnia si\u0119 po 5 latach od \u015bmierci spadkodawcy (gdy nie ma testamentu) lub od og\u0142oszenia testamentu (gdy testament istnieje). W przypadku rodziny Krawczyk\u00f3w sprawa przedawni si\u0119 w kwietniu 2026 r.<\/p>\n<p>        Czy Krzysztof Krawczyk by\u0142 w pe\u0142ni \u015bwiadomy, gdy podpisywa\u0142 testament?<\/p>\n<p class=\"article-p\" data-section=\"detail-body\">52-letni syn legendarnego piosenkarza ma ogromne problemy ze zdrowiem. W 1988 r. jecha\u0142 z ojcem samochodem i dosz\u0142o do koszmarnego wypadku. 15-letni w\u00f3wczas Krzysztof Krawczyk junior ledwo uszed\u0142 z \u017cyciem, ale na wiele miesi\u0119cy trafi\u0142 do szpitala.<\/p>\n<p class=\"article-p\" data-section=\"detail-body\">Do dzi\u015b zmaga si\u0119 z padaczk\u0105 pourazow\u0105 i wymaga opieki lekarskiej. Musi te\u017c przyjmowa\u0107 wiele lek\u00f3w. Mimo tego napadu padaczki powtarzaj\u0105 si\u0119. Dlatego Junior powinien mie\u0107 zapewnione takie warunki, by dochodzi\u0142o do nich jak najrzadziej. Trudna sytuacja zdrowotna i finansowa sprawia, \u017ce walka z macoch\u0105 Ew\u0105 Krawczyk o spadek sta\u0142a si\u0119 dla niego drog\u0105 przez m\u0119k\u0119.<\/p>\n<p>        Nieudana pr\u00f3ba pojednania mi\u0119dzy Ew\u0105 Krawczyk i Krzysztofem Krawczykiem juniorem<\/p>\n<p class=\"article-p\" data-section=\"detail-body\">Z powodu tego wlok\u0105cego si\u0119 od lat konfliktu przyjaciel zmar\u0142ego Krzysztofa Krawczyka pr\u00f3bowa\u0142 pogodzi\u0107 obie strony konfliktu jeszcze przed \u015bwi\u0119tami. Ksi\u0105dz Piotr Turek proboszcz parafii \u015bw. Anny w \u0141odzi podj\u0105\u0142 desperack\u0105 pr\u00f3b\u0119 doprowadzenia do rozm\u00f3w mi\u0119dzy macoch\u0105 a pasierbem. Plan zak\u0142ada\u0142 mediacje oraz spotkanie przy okazji koncertu. W za\u0142o\u017ceniu mia\u0142o to by\u0107 symboliczne i publiczne pogodzenie rodziny Krzysztofa Krawczyka: wdowy i jej pasierba.<\/p>\n<p class=\"article-p\" data-section=\"detail-body\">\u2014 Zaproponowa\u0142em mediacje. Pani Ewa Krawczyk wyrazi\u0142a zgod\u0119 na kupno mieszkania i utrzymywanie tego mieszkania. By\u0142a te\u017c propozycja, \u017ceby wielkie pojednanie odby\u0142o si\u0119 publicznie. Ale doszli\u015bmy do wniosku, \u017ce na razie jednak powinno odby\u0107 si\u0119 bez fleszy. Najpierw niech dojdzie do rozmowy. Chcia\u0142em, \u017ceby m\u0142ody wyst\u0105pi\u0142 z Trubadurami podczas koncertu. To by\u0142oby dla niego wsparcie \u2014 opowiada w rozmowie z &#8222;Faktem&#8221; ksi\u0105dz Piotr Turek.<\/p>\n<p class=\"article-p\" data-section=\"detail-body\">Inicjatywa ta spotka\u0142a si\u0119 jednak z oporem syna piosenkarza i jego przyjaci\u00f3\u0142. \u2014 On nie chce. I widz\u0119 \u2014 mo\u017ce nie widz\u0119, ale s\u0142ysz\u0119 \u2014 \u017ce jest sterowany przez kogo\u015b, kto nie chce pojednania \u2014 wyt\u0142umaczy\u0142 nam duchowny.<\/p>\n<p>        Opiekun syna Krzysztofa Krawczyka nie chce pojednania z Ew\u0105 Krawczyk. Junior mia\u0142 atak padaczki<\/p>\n<p class=\"article-p\" data-section=\"detail-body\">Opiekun i wieloletni przyjaciel Juniora w rozmowie z &#8222;Faktem&#8221; potwierdzi\u0142, \u017ce faktycznie podj\u0119to rozmowy w tej sprawie.\u2014 Powiedziano mi, \u017ce g\u0142\u00f3wnym celem programu ma by\u0107 pogodzenie Juniora z Ew\u0105. A ja pyta\u0142em: na jakiej podstawie? Przecie\u017c mi\u0119dzy nimi nie dosz\u0142o do \u017cadnej rozmowy, nic nie zosta\u0142o wyja\u015bnione \u2014 relacjonuje Krzysztof Cwynar.<\/p>\n<p class=\"article-p\" data-section=\"detail-body\">Wed\u0142ug opiekuna, rozmowa z ksi\u0119dzem Turkiem by\u0142a wyj\u0105tkowo napi\u0119ta i nieprzyjemna, czego nie potwierdzi\u0142 nam ks. Turek. Cwynar twierdzi r\u00f3wnie\u017c, \u017ce gdy Junior dowiedzia\u0142 si\u0119 o planach publicznego &#8222;pojednania&#8221;, sytuacja mia\u0142a si\u0119 sko\u0144czy\u0107 dramatem \u2014 dosz\u0142o do ataku padaczki, po kt\u00f3rym syn Krawczyka trafi\u0142 do szpitala.<\/p>\n<p class=\"article-p\" data-section=\"detail-body\">\u2014 Kiedy mu to przekazano, tak si\u0119 zdenerwowa\u0142, \u017ce dosta\u0142 ataku. Trafi\u0142 do szpitala. Krzysztof ma ataki, po kt\u00f3rych czasem kilka godzin dochodzi do siebie. Nie mo\u017cna traktowa\u0107 go jak rekwizytu. On nie mo\u017ce funkcjonowa\u0107 pod presj\u0105, kt\u00f3rej nie rozumie \u2014 m\u00f3wi Cwynar.<\/p>\n<p class=\"article-p\" data-section=\"detail-body\">Zapewnia jednak, \u017ce Krzysztof Krawczyk Junior od lat \u017cyje w l\u0119ku o swoj\u0105 przysz\u0142o\u015b\u0107 \u2014 zar\u00f3wno finansow\u0105, jak i zdrowotn\u0105. \u2014 Junior patrzy na to i m\u00f3wi: &#8222;ja nie mam nic, nawet mieszkania&#8221;. Naprawd\u0119 boi si\u0119, \u017ce zostanie z niczym. Nie dosta\u0142 mieszkania po babci, a ta chcia\u0142a, by w\u0142a\u015bnie on z niego korzysta\u0142 \u2014 opowiada Krzysztof Cwynar. \u2014 Ja nie chc\u0119 afer. Chc\u0119 tylko \u017ceby Krzy\u015b mia\u0142 spok\u00f3j, godno\u015b\u0107 i przysz\u0142o\u015b\u0107. \u017beby nie ba\u0142 si\u0119 dnia, kiedy zostanie sam. On ju\u017c swoje przeszed\u0142. Jest niepe\u0142nosprawny przez to, \u017ce jego ojciec mia\u0142 wypadek \u2014 dodaje Krzysztof Cwynar.<\/p>\n<p class=\"article-p\" data-section=\"detail-body\">Dlaczego wi\u0119c propozycja ksi\u0119dza Turka, kt\u00f3ra zak\u0142ada\u0142a przekazanie mieszkania na rzecz syna piosenkarza, spotka\u0142a si\u0119 z takim oporem?<\/p>\n<p class=\"article-p\" data-section=\"detail-body\">\u2014 Najpierw niech mu wr\u0119cz\u0105 akt notarialny. Jedyne, co Ewa Krawczyk zaproponowa\u0142a Krzysztofowi, to miejsce na cmentarzu w Grotnikach. Dziwi\u0119 si\u0119, \u017ce ksi\u0105dz Turek wykorzystuje okres \u015bwi\u0105teczny do takiego fa\u0142szu \u2014 m\u00f3wi poddenerwowany Cwynar.<\/p>\n<p class=\"article-p\" data-section=\"detail-body\">Mimo pierwszych krok\u00f3w w stron\u0119 rozmowy, mediacje ostatecznie si\u0119 rozpad\u0142y. Na razie nic nie wskazuje na szybkie zako\u0144czenie sporu mi\u0119dzy Ew\u0105 Krawczyk a Krzysztofem Krawczykiem Juniorem.<\/p>\n<p class=\"article-p\" data-section=\"detail-body\"><a href=\"https:\/\/ludzie.fakt.pl\/olbrychski-zdradza-kulisy-przyjazni-z-krawczykiem-czasem-mogl-rozmawiac\/05x0tp5\" id=\"3bf48cee-5bea-49c8-95e6-4e3903d5b001\" rel=\"nofollow noopener\" target=\"_blank\">Ewa Krawczyk zabiera\u0142a telefon m\u0119\u017cowi. &#8222;Czasem Krzy\u015b m\u00f3g\u0142 z nami rozmawia\u0107&#8221;<\/a><\/p>\n<p class=\"article-p\" data-section=\"detail-body\"><a href=\"https:\/\/ludzie.fakt.pl\/zaskakujace-wspomnienia-olbrychskich-o-krawczykach-ewa-nie-lubila-pasierba\/yb4lsnq\" id=\"0522d0bd-723b-41e1-a4bb-b2f40e3f795e\" rel=\"nofollow noopener\" target=\"_blank\">\u017bona Krawczyka odnios\u0142a si\u0119 do s\u0142\u00f3w dawnej przyjaci\u00f3\u0142ki. &#8222;Nie b\u0119d\u0119 si\u0119 t\u0142umaczy\u0107&#8221;<\/a><\/p>\n<p class=\"article-p\" data-section=\"detail-body\"><a href=\"https:\/\/ludzie.fakt.pl\/dotkliwy-wyrok-dla-wdowy-po-ciechowskim-pozwal-ja-muzyk-republiki\/2hglg29\" id=\"fdba30d2-be3c-46ef-89f9-d1d8864228ec\" rel=\"nofollow noopener\" target=\"_blank\">Dotkliwy wyrok dla wdowy po Ciechowskim. Pozwa\u0142 j\u0105 muzyk Republiki<\/a><\/p>\n","protected":false},"excerpt":{"rendered":"Od \u015bmierci Krzysztofa Krawczyka min\u0119\u0142y ju\u017c ponad 4 lata, a schorowany jedyny syn piosenkarza jest w coraz bardziej&hellip;\n","protected":false},"author":2,"featured_media":129318,"comment_status":"","ping_status":"","sticky":false,"template":"","format":"standard","meta":{"footnotes":""},"categories":[22],"tags":[122,42,38,40,39,41,123],"class_list":{"0":"post-129317","1":"post","2":"type-post","3":"status-publish","4":"format-standard","5":"has-post-thumbnail","7":"category-rozrywka","8":"tag-entertainment","9":"tag-pl","10":"tag-poland","11":"tag-polish","12":"tag-polska","13":"tag-polski","14":"tag-rozrywka"},"share_on_mastodon":{"url":"https:\/\/pubeurope.com\/@pl\/115651172391659048","error":""},"_links":{"self":[{"href":"https:\/\/www.europesays.com\/pl\/wp-json\/wp\/v2\/posts\/129317","targetHints":{"allow":["GET"]}}],"collection":[{"href":"https:\/\/www.europesays.com\/pl\/wp-json\/wp\/v2\/posts"}],"about":[{"href":"https:\/\/www.europesays.com\/pl\/wp-json\/wp\/v2\/types\/post"}],"author":[{"embeddable":true,"href":"https:\/\/www.europesays.com\/pl\/wp-json\/wp\/v2\/users\/2"}],"replies":[{"embeddable":true,"href":"https:\/\/www.europesays.com\/pl\/wp-json\/wp\/v2\/comments?post=129317"}],"version-history":[{"count":0,"href":"https:\/\/www.europesays.com\/pl\/wp-json\/wp\/v2\/posts\/129317\/revisions"}],"wp:featuredmedia":[{"embeddable":true,"href":"https:\/\/www.europesays.com\/pl\/wp-json\/wp\/v2\/media\/129318"}],"wp:attachment":[{"href":"https:\/\/www.europesays.com\/pl\/wp-json\/wp\/v2\/media?parent=129317"}],"wp:term":[{"taxonomy":"category","embeddable":true,"href":"https:\/\/www.europesays.com\/pl\/wp-json\/wp\/v2\/categories?post=129317"},{"taxonomy":"post_tag","embeddable":true,"href":"https:\/\/www.europesays.com\/pl\/wp-json\/wp\/v2\/tags?post=129317"}],"curies":[{"name":"wp","href":"https:\/\/api.w.org\/{rel}","templated":true}]}}