{"id":129321,"date":"2025-12-02T17:34:07","date_gmt":"2025-12-02T17:34:07","guid":{"rendered":"https:\/\/www.europesays.com\/pl\/129321\/"},"modified":"2025-12-02T17:34:07","modified_gmt":"2025-12-02T17:34:07","slug":"inflacja-w-strefie-euro-zachowuje-sie-odwrotnie-niz-w-polsce-to-moze-byc-dobry-sygnal","status":"publish","type":"post","link":"https:\/\/www.europesays.com\/pl\/129321\/","title":{"rendered":"Inflacja w strefie euro zachowuje si\u0119 odwrotnie ni\u017c w Polsce. To mo\u017ce by\u0107 dobry sygna\u0142"},"content":{"rendered":"<p data-section=\"detail-body\"><a href=\"https:\/\/businessinsider.com.pl\/gospodarka\/nowe-dane-o-inflacji-zaskakuja-takiej-sytuacji-nie-bylo-od-20-miesiecy\/fedsqw5\" id=\"60112ff3-98f7-4717-932e-7259730013c9\" rel=\"nofollow noopener\" target=\"_blank\">Polska inflacja w listopadzie wynios\u0142a zaledwie 2,4 proc.<\/a>, co by\u0142o najni\u017cszym poziomem wzrostu cen od kwietnia 2024 r. Znaczenie ma tu umocnienie z\u0142otego na fali nap\u0142ywu \u015brodk\u00f3w z KPO. To potania importowane towary. Najnowsze dane wskazuj\u0105, \u017ce odwrotny trend cenowy panuje w krajach strefy euro. Ceny tam przy\u015bpieszy\u0142y.<\/p>\n<p class=\"article_p\" data-section=\"detail-body\">Najwy\u017cszy wzrost ich dynamiki wida\u0107 w Grecji, gdzie inflacja roczna w listopadzie mierzona standardami unijnymi (HICP) wzros\u0142a do 2,9 proc. z 1,6 proc. w pa\u017adzierniku. To najwi\u0119kszy inflacyjny skok w\u015br\u00f3d kraj\u00f3w, kt\u00f3re przyj\u0119\u0142y euro za swoj\u0105 walut\u0119 pa\u0144stwow\u0105. Grecka gospodarka w ostatnim czasie radzi sobie do\u015b\u0107 dobrze i to mo\u017ce by\u0107 jeden ze skutk\u00f3w. Przy wy\u017cszym wzro\u015bcie PKB \u0142atwiej o wi\u0119ksze wzrosty cen.<\/p>\n<p class=\"article_p\" data-section=\"detail-body\">Znacz\u0105cy wzrost rocznej inflacji zaliczy\u0142 jeszcze Luksemburg (z 3 proc. w pa\u017adzierniku do 3,6 proc. w listopadzie) oraz Irlandia (z 2,8 do 3,2 proc.), ale nas bardziej b\u0119dzie interesowa\u0107 to, co si\u0119 dzieje u naszego s\u0105siada na zach\u00f3d od Odry, najwi\u0119kszego odbiorcy polskiego eksportu. I w Niemczech te\u017c wida\u0107 znacz\u0105ce przy\u015bpieszenie cen, bo inflacja wzros\u0142a z 2,3 proc. w pa\u017adzierniku do 2,6 proc. w listopadzie.<\/p>\n<p>        Niemcy stymuluj\u0105 wzrost<\/p>\n<p class=\"article_p\" data-section=\"detail-body\">To najwy\u017csze tempo cen od lutego br. i mo\u017ce sugerowa\u0107 o\u017cywienie w gospodarce. Gdyby t si\u0119 potwierdzi\u0142o, to dla nas by\u0142aby korzystna informacja. W Polsce dzia\u0142a wiele firm, kt\u00f3re utrzymuj\u0105 si\u0119 z eksportu na niemiecki rynek. W pierwszych dziewi\u0119ciu miesi\u0105cach roku wyeksportowali\u015bmy tam towary z 102 mld euro, co stanowi\u0142o 27,1 proc. naszego eksportu.<\/p>\n<p>            Czytaj tak\u017ce w BUSINESS INSIDER<\/p>\n<p class=\"article_p\" data-section=\"detail-body\">W Niemczech w listopadzie najbardziej ros\u0142y ceny us\u0142ug (+4,2 proc. rdr) oraz \u017cywno\u015bci (+2 proc.), a spad\u0142y ceny energii (-0,1 proc. rdr).<\/p>\n<p class=\"article_p\" data-section=\"detail-body\">Niemiecki rz\u0105d w celu poprawienia koniunktury zwi\u0119kszy\u0142 ostatnio wydatki na infrastruktur\u0119 i wydatki zbrojeniowe, ale te\u017c obni\u017ca podatki oraz ceny energii elektrycznej dla przedsi\u0119biorstw. Robi to zwi\u0119kszaj\u0105c deficyt, emituj\u0105c d\u0142ug i w rezultacie wi\u0119cej pieni\u0119dzy pojawia si\u0119 na rynku.<\/p>\n<p class=\"article_p\" data-section=\"detail-body\">Czytaj te\u017c: <a href=\"https:\/\/businessinsider.com.pl\/gospodarka\/niemcy-pograzaja-sie-kryzysie-czy-jest-jeszcze-nadzieja-analiza\/29thhx0\" id=\"ada51fe3-cc71-4d2e-a1cd-7ebdba744722\" rel=\"nofollow noopener\" target=\"_blank\">Rzeczywisto\u015b\u0107 gorsza ni\u017c prasowe nag\u0142\u00f3wki. Czy jest jeszcze nadzieja dla Niemiec? [ANALIZA]<\/a><\/p>\n<p class=\"article_p\" data-section=\"detail-body\">Przeg\u0142osowany pod koniec listopada bud\u017cet na 2026 r. przewiduje rekordowe, publiczne wydatki inwestycyjne za kwot\u0119 58,4 mld euro z bud\u017cetu, a w\u0142\u0105cznie z \u015brodkami pozabud\u017cetowymi \u2014 127 mld euro.<\/p>\n<p class=\"article_p\" data-section=\"detail-body\">Najszybciej w strefie ros\u0142y ceny energii w Austrii (+13,4 proc. rdr), us\u0142ug na S\u0142owacji (+8 proc. rdr) i us\u0142ug w Chorwacji (+7,5 proc. rdr). W tym samym czasie energia tania\u0142a o ponad 4 proc. rdr: na Cyprze (-4,7 proc. rdr), we Francji (-4,4 proc. rdr) i we W\u0142oszech (-4,2 proc.).<\/p>\n","protected":false},"excerpt":{"rendered":"Polska inflacja w listopadzie wynios\u0142a zaledwie 2,4 proc., co by\u0142o najni\u017cszym poziomem wzrostu cen od kwietnia 2024 r.&hellip;\n","protected":false},"author":2,"featured_media":129322,"comment_status":"","ping_status":"","sticky":false,"template":"","format":"standard","meta":{"footnotes":""},"categories":[16],"tags":[113,112,42,38,40,39,41],"class_list":{"0":"post-129321","1":"post","2":"type-post","3":"status-publish","4":"format-standard","5":"has-post-thumbnail","7":"category-biznes","8":"tag-biznes","9":"tag-business","10":"tag-pl","11":"tag-poland","12":"tag-polish","13":"tag-polska","14":"tag-polski"},"share_on_mastodon":{"url":"https:\/\/pubeurope.com\/@pl\/115651180323555371","error":""},"_links":{"self":[{"href":"https:\/\/www.europesays.com\/pl\/wp-json\/wp\/v2\/posts\/129321","targetHints":{"allow":["GET"]}}],"collection":[{"href":"https:\/\/www.europesays.com\/pl\/wp-json\/wp\/v2\/posts"}],"about":[{"href":"https:\/\/www.europesays.com\/pl\/wp-json\/wp\/v2\/types\/post"}],"author":[{"embeddable":true,"href":"https:\/\/www.europesays.com\/pl\/wp-json\/wp\/v2\/users\/2"}],"replies":[{"embeddable":true,"href":"https:\/\/www.europesays.com\/pl\/wp-json\/wp\/v2\/comments?post=129321"}],"version-history":[{"count":0,"href":"https:\/\/www.europesays.com\/pl\/wp-json\/wp\/v2\/posts\/129321\/revisions"}],"wp:featuredmedia":[{"embeddable":true,"href":"https:\/\/www.europesays.com\/pl\/wp-json\/wp\/v2\/media\/129322"}],"wp:attachment":[{"href":"https:\/\/www.europesays.com\/pl\/wp-json\/wp\/v2\/media?parent=129321"}],"wp:term":[{"taxonomy":"category","embeddable":true,"href":"https:\/\/www.europesays.com\/pl\/wp-json\/wp\/v2\/categories?post=129321"},{"taxonomy":"post_tag","embeddable":true,"href":"https:\/\/www.europesays.com\/pl\/wp-json\/wp\/v2\/tags?post=129321"}],"curies":[{"name":"wp","href":"https:\/\/api.w.org\/{rel}","templated":true}]}}