{"id":129327,"date":"2025-12-02T17:38:09","date_gmt":"2025-12-02T17:38:09","guid":{"rendered":"https:\/\/www.europesays.com\/pl\/129327\/"},"modified":"2025-12-02T17:38:09","modified_gmt":"2025-12-02T17:38:09","slug":"the-athletic-rodrygo-zostanie-wystawiony-na-sprzedaz-a-real-bedzie-chcial-kupic-stopera-i-pomocnika","status":"publish","type":"post","link":"https:\/\/www.europesays.com\/pl\/129327\/","title":{"rendered":"The Athletic: Rodrygo zostanie wystawiony na sprzeda\u017c, a Real b\u0119dzie chcia\u0142 kupi\u0107 stopera i pomocnika"},"content":{"rendered":"<p>Real Madryt zazwyczaj nie dzia\u0142a zbyt aktywnie na rynku transferowym w trakcie sezonu, ale w klubie ju\u017c zidentyfikowano pozycje, kt\u00f3re wypada\u0142oby wzmocni\u0107. Cz\u0119\u015b\u0107 tych priorytet\u00f3w zosta\u0142a wyznaczona ju\u017c latem, gdy Xabi Alonso chcia\u0142 dosta\u0107 wi\u0119cej ni\u017c cztery g\u0142\u00f3wne wzmocnienia, na kt\u00f3re klub wyda\u0142 oko\u0142o 180 milion\u00f3w euro.<\/p>\n<p>Tak jak w lipcu i sierpniu, tak\u017ce teraz Real Madryt najpewniej b\u0119dzie chcia\u0142 najpierw sprzeda\u0107 pi\u0142karzy, zanim sprowadzi nowe twarze, poniewa\u017c kadra jest niemal zape\u0142niona. To oznacza, \u017ce pojawi\u0105 si\u0119 ruchy tak\u017ce po stronie odej\u015b\u0107 \u2013 i zapadn\u0105 decyzje w sprawie do\u015bwiadczonych zawodnik\u00f3w, kt\u00f3rym kontrakty wygasaj\u0105 po zako\u0144czeniu sezonu.<\/p>\n<p>Mario Cortegan\u0119 poproszono o wyja\u015bnienie, czego mo\u017cna si\u0119 spodziewa\u0107 zim\u0105 \u2013 i na co zwraca\u0107 uwag\u0119 tak\u017ce dalej, latem. Informacje w tym tek\u015bcie zebrano zgodnie z wytycznymi The Athletic dotycz\u0105cymi \u017ar\u00f3de\u0142. Przed publikacj\u0105 rozmawiano z osobami zaznajomionymi z kulisami negocjacji transferowych, kt\u00f3re poprosi\u0142y o anonimowo\u015b\u0107, by nie naruszy\u0107 relacji, a nast\u0119pnie dano klubom mo\u017cliwo\u015b\u0107 odniesienia si\u0119 do ustale\u0144 redakcji.<\/p>\n<p>Kto b\u0119dzie podejmowa\u0107 kluczowe decyzje w tych dw\u00f3ch okienkach?<br \/>&#13;<br \/>\nFlorentino P\u00e9rez zawsze ma ostatnie s\u0142owo, ale zanim prezes podejmie decyzj\u0119, dzia\u0142a okre\u015blony mechanizm z udzia\u0142em innych kluczowych postaci w klubie. Wszystko zaczyna si\u0119 od szefa skautingu, Juniego Calafata, kt\u00f3ry odpowiada za wskazywanie profili pi\u0142karzy i zbieranie o nich szczeg\u00f3\u0142owych danych przy pomocy swojej siatki skaut\u00f3w. Calafat na bie\u017c\u0105co informuje dyrektora generalnego Jos\u00e9 \u00c1ngela S\u00e1ncheza, a ten odpowiada za prowadzenie negocjacji.<\/p>\n<p>Od przyj\u015bcia Xabi Alonso w maju, w miejsce Carlo Ancelottiego, trener ma wi\u0119kszy wp\u0142yw na transfery ni\u017c jego poprzednik. Nie oznacza to, \u017ce Real Madryt spe\u0142nia wszystkie \u017cyczenia Alonso, ale wys\u0142uchano go, gdy mocno naciska\u0142 latem na sprowadzenie Deana Huijsena i \u00c1lvaro Carrerasa. Dla por\u00f3wnania, dyrektor do spraw futbolu, Santiago Solari, jest znacznie mniej zaanga\u017cowany w codzienne dzia\u0142ania i podejmowanie decyzji.<\/p>\n<p>Jakie pozycje b\u0119d\u0105 priorytetem w 2026 roku?<br \/>&#13;<br \/>\nReal Madryt przeczesuje rynek w poszukiwaniu \u015brodkowych obro\u0144c\u00f3w i pomocnik\u00f3w. Kontrakty Antonio R\u00fcdigera i Davida Alaby wygasaj\u0105 w czerwcu. Przysz\u0142o\u015b\u0107 R\u00fcdigera wci\u0105\u017c stoi pod znakiem zapytania, natomiast w przypadku Alaby w klubie spodziewaj\u0105 si\u0119 po\u017cegnania z Santiago Bernab\u00e9u.<\/p>\n<p>Przy Huijsenie, \u00c9derze Milit\u00e3o i wychowanku Ra\u00falu Asencio jako jedynych pewnych opcjach w centrum defensywy, klub rozwa\u017ca r\u00f3\u017cne mo\u017cliwo\u015bci wzmocnienia linii obrony. Je\u015bli chodzi o \u015brodek pola, ro\u015bnie przekonanie, \u017ce potrzeba pi\u0142karza zdolnego do nadawania tempu gry. Takiego profilu Real Madryt szuka od momentu odej\u015bcia Toniego Kroosa w 2024 roku i Luki Modricia latem.<\/p>\n<p>Czy Real ma ju\u017c na celowniku konkretnych zawodnik\u00f3w?<br \/>&#13;<br \/>\nW przestrzeni medialnej pojawi\u0142o si\u0119 wiele nazwisk. Je\u015bli chodzi o obron\u0119, Real Madryt poinformowa\u0142 Liverpool, \u017ce nie b\u0119dzie stara\u0142 si\u0119 o Ibrahima Konat\u00e9. Marc Gu\u00e9hi z Crystal Palace na ten moment nie stanowi transferowego priorytetu. Pojawia\u0142y si\u0119 te\u017c plotki wok\u00f3\u0142 Dayota Upamecano z Bayernu. Ca\u0142a ta tr\u00f3jka ma kontrakty do czerwca, a taka sytuacja zawsze zwraca uwag\u0119 Realu.<\/p>\n<p>Opcja awansu kt\u00f3rego\u015b ze \u015brodkowych obro\u0144c\u00f3w z Castilli nie jest szczeg\u00f3lnie prawdopodobna, ale \u015bcie\u017cka ta pozostaje w rezerwie na wypadek awaryjnej sytuacji. Najg\u0142o\u015bniejszym nazwiskiem jest tu 18-letni Joan Mart\u00ednez. Do innych obiecuj\u0105cych zawodnik\u00f3w nale\u017c\u0105 18-letni Diego Aguado, kt\u00f3ry mo\u017ce gra\u0107 tak\u017ce jako boczny obro\u0144ca, oraz 19-letni V\u00edctor Valdepe\u00f1as.<\/p>\n<p>Real Madryt ma te\u017c zapisane klauzule odkupu wobec kilku by\u0142ych wychowank\u00f3w. Po ich odej\u015bciu klub uwa\u017cnie monitoruje rozw\u00f3j ka\u017cdego z nich. Przyk\u0142ady to Jacobo Ram\u00f3n z Como (Real zwykle czeka przynajmniej dwa sezony, zanim odkupi zawodnika wypuszczonego po to, by si\u0119 ogra\u0142 \u2013 a 20-latek odszed\u0142 dopiero latem) oraz 23-letni Rafa Mar\u00edn, obecnie wypo\u017cyczony do Villarreal z Napoli. Villarreal ma prawo wykupu stopera w ramach tej umowy, ale Real nadal dysponuje klauzul\u0105 odkupu na poziomie oko\u0142o 25 milion\u00f3w euro.<\/p>\n<p>Je\u015bli chodzi o pomoc, ju\u017c latem rozwa\u017cano r\u00f3\u017cne nazwiska \u2013 sukcesywna sprzeda\u017c Daniego Ceballosa mog\u0142a otworzy\u0107 drzwi dla nowego zawodnika. Do transferu jednak nie dosz\u0142o, ale w\u015br\u00f3d przymierzanych graczy byli Kees Smit z AZ oraz Adam Wharton z Crystal Palace. Bacznie warto przygl\u0105da\u0107 si\u0119 te\u017c Nico Pazowi. Po odej\u015bciu z klubu w 2024 roku i p\u00f3\u0142tora sezonu rozwoju w Como w Serie A istnieje powa\u017cna szansa, \u017ce wr\u00f3ci w 2026 roku. Real, kt\u00f3ry ju\u017c w czerwcu rozwa\u017ca\u0142 jego powr\u00f3t \u2013 wtedy Alonso nie da\u0142 ostatecznego \u201etak\u201d \u2013 b\u0119dzie m\u00f3g\u0142 latem aktywowa\u0107 wy\u0142\u0105czn\u0105 klauzul\u0119 odkupu w wysoko\u015bci oko\u0142o 9 milion\u00f3w euro.<\/p>\n<p>Kogo Real b\u0119dzie chcia\u0142 sprzeda\u0107?<br \/>&#13;<br \/>\nOferty zostan\u0105 wys\u0142uchane w sprawie Rodrygo. Brazylijczyk ju\u017c latem przesta\u0142 by\u0107 traktowany jako zawodnik \u201enietykalny\u201d, cho\u0107 jego ch\u0119\u0107 pozostania w Madrycie sprawi\u0142a, \u017ce zainteresowanie klub\u00f3w z Premier League nie przerodzi\u0142o si\u0119 w konkretne oferty. Obecnie Rodrygo ma na koncie 30 kolejnych mecz\u00f3w bez gola \u2013 to seria, kt\u00f3ra wyr\u00f3wnuje najgorszy wynik napastnika w historii Realu, nale\u017c\u0105cy do Mariano D\u00edaza.<\/p>\n<p>Warto zwr\u00f3ci\u0107 uwag\u0119 na jeszcze dwa nazwiska: Ceballos i Fran Garc\u00eda. Pierwszy z nich rozwa\u017ca\u0142 odej\u015bcie w letnich oknach 2024 i 2025 roku, ale \u017cadna z ofert nie podoba\u0142a si\u0119 jednocze\u015bnie Realowi i samemu pi\u0142karzowi, kt\u00f3ry zarabia oko\u0142o 4,5 miliona euro netto rocznie. Jego kontrakt obowi\u0105zuje do 2027 roku, wi\u0119c klub mo\u017ce by\u0107 sk\u0142onny do obni\u017cenia oczekiwa\u0144 finansowych przy ewentualnym transferze.<\/p>\n<p>Mimo \u015bwietnego wyst\u0119pu na Klubowym Mundialu, Fran Garc\u00eda wydaje si\u0119 obecnie trzecim wyborem na lewej obronie \u2013 za Carrerasem i Ferlandem Mendym. Brak minut mo\u017ce sk\u0142oni\u0107 go do zastanowienia nad przysz\u0142o\u015bci\u0105.<\/p>\n<p>Mo\u017cna tak\u017ce wyobrazi\u0107 sobie ruchy na pozycji \u015brodkowego napastnika. Latem w klubie dyskutowano, jak trudno b\u0119dzie zapewni\u0107 odpowiedni\u0105 liczb\u0119 minut przynajmniej jednemu z duetu Endrick \u2013 Gonzalo Garc\u00eda, skoro g\u0142\u00f3wn\u0105 gwiazd\u0105 ataku pozostaje Kylian Mbapp\u00e9. Francuz zdoby\u0142 ju\u017c 23 z 41 goli Realu we wszystkich rozgrywkach w tym sezonie.<\/p>\n<p>Ju\u017c w po\u0142owie listopada dopi\u0119to szczeg\u00f3\u0142y wypo\u017cyczenia Endricka do Lyonu. Umowa ma zosta\u0107 sfinalizowana w grudniu. Gonzalo Garc\u00eda zagra\u0142 jak dot\u0105d 135 minut w 11 meczach i cho\u0107 spodziewa si\u0119, \u017ce zostanie w klubie do ko\u0144ca sezonu, to ju\u017c teraz wiele dru\u017cyn pyta o mo\u017cliwo\u015b\u0107 sprowadzenia go zim\u0105 i od przysz\u0142ego lata.<\/p>\n<p>Komu ko\u0144cz\u0105 si\u0119 kontrakty? Kto mo\u017ce je przed\u0142u\u017cy\u0107?<br \/>&#13;<br \/>\nZbli\u017caj\u0105 si\u0119 ko\u0144ce um\u00f3w kapitana Daniego Carvajala, R\u00fcdigera i Alaby. Real ju\u017c latem by\u0142 got\u00f3w u\u0142atwi\u0107 odej\u015bcie Alaby, ale obro\u0144ca chcia\u0142 pozosta\u0107 w klubie. Dwa pozosta\u0142e przypadki pozostaj\u0105 otwarte.<\/p>\n<p>The Athletic informowa\u0142o w pa\u017adzierniku, \u017ce w sprawie R\u00fcdigera nie zapad\u0142a \u017cadna ostateczna decyzja. Wbrew pojawiaj\u0105cym si\u0119 plotkom klub nie zamierza\u0142 przed\u0142u\u017ca\u0107 jego kontraktu o dwa lata przed wakacjami, ale te\u017c nie przes\u0105dza\u0142 jego odej\u015bcia na starcie sezonu. Priorytetem Niemca jest kontynuowanie gry w Realu, a klub bardzo powa\u017cnie rozwa\u017ca tak\u0105 mo\u017cliwo\u015b\u0107, czekaj\u0105c z ostateczn\u0105 decyzj\u0105 na ocen\u0119 jego postawy w kolejnych miesi\u0105cach.<\/p>\n<p>Sytuacja R\u00fcdigera wygl\u0105da podobnie jak w przypadku Carvajala. Prawy obro\u0144ca przed\u0142u\u017cy\u0142 kontrakt do 2026 roku rok temu, gdy zerwa\u0142 wi\u0119zad\u0142o krzy\u017cowe, bo jego poprzednia umowa wygasa\u0142a w 2025 roku. To ju\u017c jego dwunasty sezon w klubie, a relacje z w\u0142adzami s\u0105 znakomite.<\/p>\n<p>Jak wygl\u0105da sytuacja z limitem p\u0142acowym i bud\u017cetem?<br \/>&#13;<br \/>\nReal Madryt nie powinien napotka\u0107 wi\u0119kszych przeszk\u00f3d zwi\u0105zanych z limitem p\u0142acowym La Ligi, kt\u00f3ry jest wyliczany indywidualnie dla ka\u017cdego klubu na podstawie jego sytuacji finansowej. Limit Realu jest najwy\u017cszy w lidze i wynosi 761,2 miliona euro. Druga pod tym wzgl\u0119dem jest Barcelona, z pu\u0142apem 351,2 miliona euro.<\/p>\n<p>Na razie nie ma sztywno wyznaczonego bud\u017cetu transferowego, ale Real tradycyjnie stara si\u0119 kontrolowa\u0107 wydatki. Z tego punktu widzenia ewentualne odej\u015bcia pomog\u0105 zar\u00f3wno obni\u017cy\u0107 \u0142\u0105czn\u0105 list\u0119 p\u0142ac, jak i \u2013 w razie potrzeby \u2013 wygenerowa\u0107 dodatkowe przychody.<\/p>\n<p>Co b\u0119dzie priorytetem trenera?<br \/>&#13;<br \/>\nLatem Alonso uwa\u017ca\u0142, \u017ce potrzebne s\u0105 jeszcze dwa transfery \u2013 jeden z nich mia\u0142 zrekompensowa\u0107 sprzeda\u017c Rodrygo, do kt\u00f3rej ostatecznie nie dosz\u0142o. Brak odej\u015b\u0107 okaza\u0142 si\u0119 barier\u0105 nie do przeskoczenia, poniewa\u017c w kadrze nie by\u0142o wolnego miejsca, by dalej j\u0105 wzmacnia\u0107. W klubie wewn\u0119trznie rozmawia si\u0119 o potrzebie sprowadzenia pomocnika, kt\u00f3ry potrafi budowa\u0107 gr\u0119, oraz o transferze nowego \u015brodkowego obro\u0144cy.<\/p>\n","protected":false},"excerpt":{"rendered":"Real Madryt zazwyczaj nie dzia\u0142a zbyt aktywnie na rynku transferowym w trakcie sezonu, ale w klubie ju\u017c zidentyfikowano&hellip;\n","protected":false},"author":2,"featured_media":129328,"comment_status":"","ping_status":"","sticky":false,"template":"","format":"standard","meta":{"footnotes":""},"categories":[24],"tags":[42,38,40,39,41,127,126],"class_list":{"0":"post-129327","1":"post","2":"type-post","3":"status-publish","4":"format-standard","5":"has-post-thumbnail","7":"category-sport","8":"tag-pl","9":"tag-poland","10":"tag-polish","11":"tag-polska","12":"tag-polski","13":"tag-sport","14":"tag-sports"},"share_on_mastodon":{"url":"https:\/\/pubeurope.com\/@pl\/115651196032001739","error":""},"_links":{"self":[{"href":"https:\/\/www.europesays.com\/pl\/wp-json\/wp\/v2\/posts\/129327","targetHints":{"allow":["GET"]}}],"collection":[{"href":"https:\/\/www.europesays.com\/pl\/wp-json\/wp\/v2\/posts"}],"about":[{"href":"https:\/\/www.europesays.com\/pl\/wp-json\/wp\/v2\/types\/post"}],"author":[{"embeddable":true,"href":"https:\/\/www.europesays.com\/pl\/wp-json\/wp\/v2\/users\/2"}],"replies":[{"embeddable":true,"href":"https:\/\/www.europesays.com\/pl\/wp-json\/wp\/v2\/comments?post=129327"}],"version-history":[{"count":0,"href":"https:\/\/www.europesays.com\/pl\/wp-json\/wp\/v2\/posts\/129327\/revisions"}],"wp:featuredmedia":[{"embeddable":true,"href":"https:\/\/www.europesays.com\/pl\/wp-json\/wp\/v2\/media\/129328"}],"wp:attachment":[{"href":"https:\/\/www.europesays.com\/pl\/wp-json\/wp\/v2\/media?parent=129327"}],"wp:term":[{"taxonomy":"category","embeddable":true,"href":"https:\/\/www.europesays.com\/pl\/wp-json\/wp\/v2\/categories?post=129327"},{"taxonomy":"post_tag","embeddable":true,"href":"https:\/\/www.europesays.com\/pl\/wp-json\/wp\/v2\/tags?post=129327"}],"curies":[{"name":"wp","href":"https:\/\/api.w.org\/{rel}","templated":true}]}}