{"id":129413,"date":"2025-12-02T18:35:13","date_gmt":"2025-12-02T18:35:13","guid":{"rendered":"https:\/\/www.europesays.com\/pl\/129413\/"},"modified":"2025-12-02T18:35:13","modified_gmt":"2025-12-02T18:35:13","slug":"byly-uczestnik-rolnik-szuka-zony-ostro-o-rolandzie-nie-zyjemy-w-sredniowieczu","status":"publish","type":"post","link":"https:\/\/www.europesays.com\/pl\/129413\/","title":{"rendered":"By\u0142y uczestnik &#8222;Rolnik szuka \u017cony&#8221; ostro o Rolandzie. &#8222;Nie \u017cyjemy w \u015bredniowieczu&#8221;"},"content":{"rendered":"<p class=\"ods-c-paragraph \">Ju\u017c w najbli\u017csz\u0105 niedziel\u0119 TVP1 wyemituje fina\u0142owy odcinek 12. edycji &#8222;Rolnik szuka \u017cony&#8221;.  Widzowie dowiedz\u0105 si\u0119, kt\u00f3re pary przetrwa\u0142y pr\u00f3b\u0119 czasu, a kt\u00f3re zako\u0144czy\u0142y znajomo\u015b\u0107 po programie. W sieci wci\u0105\u017c jednak \u017cywo komentowana jest ostatnia <a href=\"https:\/\/plejada.pl\/newsy\/najostrzejsza-klotnia-tej-edycji-rolnik-szuka-zony-nie-szanujesz-mnie-jako-kobiety\/wde0pq5\" id=\"e09558ae-05e2-4e27-b793-fb5a95b57311\" rel=\"nofollow noopener\" target=\"_blank\">konfrontacja Rolanda i Karoliny<\/a>, kt\u00f3ra \u2014 zdaniem wielu \u2014 ostatecznie przekre\u015bli\u0142a ich relacj\u0119.<\/p>\n<p class=\"ods-c-paragraph \">Uczestniczka wprost zarzuci\u0142a Rolandowi brak szacunku i zachowania, kt\u00f3rych nie jest w stanie zaakceptowa\u0107. \u2014 Na ten moment nie widz\u0119 szansy na kontynuowanie tej znajomo\u015bci \u2014 wyzna\u0142a przed kamerami.<\/p>\n<p>Dalszy ci\u0105g artyku\u0142u pod materia\u0142em wideo<\/p>\n<p> Kto skrytykowa\u0142 zachowanie Rolanda? <\/p>\n<p> Co powiedzia\u0142a Karolina o swojej przysz\u0142o\u015bci z Rolandem? <\/p>\n<p> Kiedy odb\u0119dzie si\u0119 fina\u0142owy odcinek 12. edycji? <\/p>\n<p> Jakie s\u0105 reakcje widz\u00f3w na konfrontacj\u0119 Karoliny i Rolanda? <\/p>\n<p>  By\u0142y uczestnik &#8222;Rolnik szuka \u017cony&#8221; reaguje na zachowanie Rolanda<\/p>\n<p class=\"ods-c-paragraph \">Widzowie natychmiast ruszyli z komentarzami, a sie\u0107 podzieli\u0142a si\u0119 na dwa obozy. Jedni broni\u0105 Karoliny, inni przekonuj\u0105, \u017ce Roland zosta\u0142 przedstawiony w niekorzystnym \u015bwietle. Do dyskusji do\u0142\u0105czy\u0142 r\u00f3wnie\u017c Miko\u0142aj, kt\u00f3ry w 10. edycji programu walczy\u0142 o wzgl\u0119dy Anny Derbiszewskiej. Jak si\u0119 okazuje, m\u0119\u017cczyzna nadal z zaanga\u017cowaniem \u015bledzi losy nowych uczestnik\u00f3w show i szybko zareagowa\u0142 na zachowanie Rolanda, nie kryj\u0105c, po czyjej stronie stoi.<\/p>\n<blockquote class=\"ods-o-quota\">\n<p class=\"ods-o-quota__paragraph\">Ka\u017cdy ma prawo do szcz\u0119\u015bcia i stawiania na to, co si\u0119 chce w zwi\u0105zku, a nie na to, co jest narzucane nie \u017cyjemy w \u015bredniowieczu, gdzie dziewczyna nie mia\u0142a prawa g\u0142osu, i my\u015bl\u0119, \u017ce zachowanie kiedy kto\u015b p\u0142acze, a druga osoba si\u0119 \u015bmieje jest niepowa\u017cne albo okazuje oboj\u0119tno\u015b\u0107\u2026<\/p>\n<\/blockquote>\n<p class=\"ods-c-paragraph \">\u2014 napisa\u0142 pod udost\u0119pnionym na oficjalnym profilu programu nagraniem rozmowy Karoliny i Rolanda.<\/p>\n<p> <img decoding=\"async\" src=\"https:\/\/www.europesays.com\/pl\/wp-content\/uploads\/2025\/12\/Mgak9lBaHR0cHM6Ly9vY2RuLmV1L3B1bHNjbXMvTURBXy80YjY3ODAzYTVjZDQ4MjYxN2E4ODIxNWFmMjY5YjU1Ny5wbmeRlQLNB.jpeg\" height=\"528\" width=\"940\" alt=\"Miko\u0142aj z &quot;Rolnik szuka \u017cony 10&quot;\" loading=\"lazy\" class=\"ods-c-image__img ods-c-image__img--viewport-width\"\/><\/p>\n<p>Miko\u0142aj z &#8222;Rolnik szuka \u017cony 10&#8243;rolnikszukazony.tvp.pl<\/p>\n<p class=\"ods-c-paragraph \">Dzi\u0119kujemy, \u017ce przeczyta\u0142a\u015b\/e\u015b nasz artyku\u0142 do ko\u0144ca. W serwisie Plejada.pl ka\u017cdego dnia piszemy o najwa\u017cniejszych wydarzeniach show-biznesowych. B\u0105d\u017a na bie\u017c\u0105co! <a rel=\"nofollow noopener\" href=\"https:\/\/profile.google.com\/cp\/Cg0vZy8xMWJ6X19wdHBx\" id=\"750f561e-bc46-43ca-8f49-ee76e62e8160\" target=\"_blank\">Obserwuj<\/a> Plejad\u0119 w Wiadomo\u015bciach Google. Odwied\u017a nas tak\u017ce na <a rel=\"nofollow noopener\" href=\"https:\/\/www.facebook.com\/plejadapl\" id=\"622d6ef5-563f-46ba-967e-c99fd8069a15\" target=\"_blank\">Facebooku<\/a>, <a rel=\"nofollow noopener\" href=\"https:\/\/www.instagram.com\/plejadapl\/\" id=\"ee01baec-7faf-422e-a844-46a1be977b77\" target=\"_blank\">Instagramie<\/a>, <a rel=\"nofollow noopener\" href=\"https:\/\/www.youtube.com\/c\/plejada\" id=\"896c8864-8d8f-42ea-b3fc-11a7d20d4c09\" target=\"_blank\">YouTube<\/a> oraz <a rel=\"nofollow noopener\" href=\"https:\/\/www.tiktok.com\/@plejada_pl\" id=\"d2162b09-cd13-4ffc-ace7-6f9440f66e3a\" target=\"_blank\">TikToku<\/a>.<\/p>\n<p class=\"ods-c-paragraph \">Chcesz podzieli\u0107 si\u0119 ciekawym newsem lub zaproponowa\u0107 temat? Skontaktuj si\u0119 z nami, pisz\u0105c e-maila na adres: <a rel=\"nofollow noopener\" href=\"https:\/\/plejada.pl\/newsy\/byly-uczestnik-rolnik-szuka-zony-ostro-o-rolandzie-nie-zyjemy-w-sredniowieczu\/mailto:plejada@redakcjaonet.pl\" id=\"91597ca8-f82d-4578-b82b-e02ae526a27b\" target=\"_blank\">plejada@redakcjaonet.pl<\/a>.<\/p>\n<p><script async src=\"\/\/www.instagram.com\/embed.js\"><\/script><script async src=\"\/\/www.tiktok.com\/embed.js\"><\/script><\/p>\n","protected":false},"excerpt":{"rendered":"Ju\u017c w najbli\u017csz\u0105 niedziel\u0119 TVP1 wyemituje fina\u0142owy odcinek 12. edycji &#8222;Rolnik szuka \u017cony&#8221;. Widzowie dowiedz\u0105 si\u0119, kt\u00f3re pary&hellip;\n","protected":false},"author":2,"featured_media":129414,"comment_status":"","ping_status":"","sticky":false,"template":"","format":"standard","meta":{"footnotes":""},"categories":[22],"tags":[122,48,125,46,42,38,40,39,41,10296,123,47],"class_list":{"0":"post-129413","1":"post","2":"type-post","3":"status-publish","4":"format-standard","5":"has-post-thumbnail","7":"category-rozrywka","8":"tag-entertainment","9":"tag-nat_styl","10":"tag-newsy","11":"tag-omp","12":"tag-pl","13":"tag-poland","14":"tag-polish","15":"tag-polska","16":"tag-polski","17":"tag-rolnik_szuka_zony","18":"tag-rozrywka","19":"tag-screening_general"},"share_on_mastodon":{"url":"https:\/\/pubeurope.com\/@pl\/115651420272274634","error":""},"_links":{"self":[{"href":"https:\/\/www.europesays.com\/pl\/wp-json\/wp\/v2\/posts\/129413","targetHints":{"allow":["GET"]}}],"collection":[{"href":"https:\/\/www.europesays.com\/pl\/wp-json\/wp\/v2\/posts"}],"about":[{"href":"https:\/\/www.europesays.com\/pl\/wp-json\/wp\/v2\/types\/post"}],"author":[{"embeddable":true,"href":"https:\/\/www.europesays.com\/pl\/wp-json\/wp\/v2\/users\/2"}],"replies":[{"embeddable":true,"href":"https:\/\/www.europesays.com\/pl\/wp-json\/wp\/v2\/comments?post=129413"}],"version-history":[{"count":0,"href":"https:\/\/www.europesays.com\/pl\/wp-json\/wp\/v2\/posts\/129413\/revisions"}],"wp:featuredmedia":[{"embeddable":true,"href":"https:\/\/www.europesays.com\/pl\/wp-json\/wp\/v2\/media\/129414"}],"wp:attachment":[{"href":"https:\/\/www.europesays.com\/pl\/wp-json\/wp\/v2\/media?parent=129413"}],"wp:term":[{"taxonomy":"category","embeddable":true,"href":"https:\/\/www.europesays.com\/pl\/wp-json\/wp\/v2\/categories?post=129413"},{"taxonomy":"post_tag","embeddable":true,"href":"https:\/\/www.europesays.com\/pl\/wp-json\/wp\/v2\/tags?post=129413"}],"curies":[{"name":"wp","href":"https:\/\/api.w.org\/{rel}","templated":true}]}}