{"id":129423,"date":"2025-12-02T18:41:09","date_gmt":"2025-12-02T18:41:09","guid":{"rendered":"https:\/\/www.europesays.com\/pl\/129423\/"},"modified":"2025-12-02T18:41:09","modified_gmt":"2025-12-02T18:41:09","slug":"dramatyczne-chwile-przed-ps-w-wisle-runal-na-bule","status":"publish","type":"post","link":"https:\/\/www.europesays.com\/pl\/129423\/","title":{"rendered":"Dramatyczne chwile przed P\u015a w Wi\u015ble. &#8222;Run\u0105\u0142 na bul\u0119&#8221;"},"content":{"rendered":"\n<p class=\"contentpart contentpart--default contentpart--text\" data-position=\"0\">W czwartek na <a href=\"https:\/\/sportowefakty.wp.pl\/areny\/skocznia-narciarska-im-adama-malysza-hs-134\" rel=\"nofollow noopener\" target=\"_blank\">skoczni narciarskiej im. Adama Ma\u0142ysza (HS 134)<\/a>\u00a0w Wi\u015ble rozpoczn\u0105 si\u0119 zmagania w ramach Pucharu \u015awiata kobiet i m\u0119\u017cczyzn. Na dwa dni przed startem rywalizacji odby\u0142y si\u0119 nieoficjalne testy obiektu, a treningowe skoki odda\u0142o kilku zawodnik\u00f3w z naszego kraju.<\/p>\n<p class=\"contentpart contentpart--default contentpart--text\" data-position=\"1\">W\u015br\u00f3d nich by\u0142\u00a0Mateusz Gruszka.\u00a0Micha\u0142 Chmielewski z TVP Sport relacjonuje, \u017ce 24-latek podczas swojej pr\u00f3by zaliczy\u0142 gro\u017anie wygl\u0105daj\u0105cy upadek.<\/p>\n<p> <img role=\"presentation\" src=\"https:\/\/std.wpcdn.pl\/images\/adv\/placeholder_wp.svg\" loading=\"lazy\" alt=\"\" decoding=\"async\"\/>  <\/p>\n<p class=\"contentpart contentpart--default contentpart--text\" data-position=\"2\">ZOBACZ WIDEO: By\u0142a Miss Polski nadal zachwyca. W\u0142a\u015bnie odnios\u0142a sukces<\/p>\n<p class=\"contentpart contentpart--default contentpart--text\" data-position=\"4\">&#8222;Zawodnik zakopia\u0144skiej grupy bazowej straci\u0142 r\u00f3wnowag\u0119 w locie i run\u0105\u0142 na bul\u0119, po czym bezw\u0142adnie zsun\u0105\u0142 si\u0119 po stromi\u017anie&#8221; &#8211; czytamy.<\/p>\n<p class=\"contentpart contentpart--default contentpart--text\" data-position=\"5\">Wypadek wygl\u0105da\u0142 bardzo niebezpiecznie, jednak na szcz\u0119\u015bcie Gruszka nie potrzebowa\u0142 pomocy medycznej. &#8211;\u00a0Jest w porz\u0105dku &#8211; rzuci\u0142 do dziennikarzy, zanim uda\u0142 si\u0119 do szatni.<\/p>\n<p class=\"contentpart contentpart--default contentpart--text\" data-position=\"6\">Problemy mia\u0142 te\u017c Kamil Waszek. On z kolei straci\u0142 kontrol\u0119 nad nartami tu\u017c po l\u0105dowaniu. Wygl\u0105da\u0142 na lekko poturbowanego, jednak r\u00f3wnie\u017c nie zg\u0142osi\u0142 powa\u017cniejszych uraz\u00f3w.<\/p>\n<p> <img role=\"presentation\" src=\"https:\/\/std.wpcdn.pl\/images\/adv\/placeholder_wp.svg\" loading=\"lazy\" alt=\"\" decoding=\"async\"\/>  <\/p>\n<p class=\"contentpart contentpart--default contentpart--text\" data-position=\"7\">Dodajmy, \u017ce na skoczni panowa\u0142y dobre warunki do skakania. Jeszcze kilka tygodni temu wydawa\u0142o si\u0119, \u017ce problem\u00f3w organizacyjnych mo\u017ce nastr\u0119cza\u0107 brak \u015bniegu, jednak obecnie na obiekcie panuje zimowa aura, kt\u00f3ra sprzyja przeprowadzeniu konkurs\u00f3w. &#8211;\u00a0Strach dotyczy co najwy\u017cej wiatru, ale to ju\u017c norma &#8211; podkre\u015bli\u0142 prezes PZN, Adam Ma\u0142ysz w rozmowie z TVP Sport. Kibicom pozostaje wi\u0119c ju\u017c tylko czeka\u0107 na start rywalizacji.<\/p>\n","protected":false},"excerpt":{"rendered":"W czwartek na skoczni narciarskiej im. Adama Ma\u0142ysza (HS 134)\u00a0w Wi\u015ble rozpoczn\u0105 si\u0119 zmagania w ramach Pucharu \u015awiata&hellip;\n","protected":false},"author":2,"featured_media":129424,"comment_status":"","ping_status":"","sticky":false,"template":"","format":"standard","meta":{"footnotes":""},"categories":[24],"tags":[42,38,40,39,41,27201,1538,127,126,447],"class_list":{"0":"post-129423","1":"post","2":"type-post","3":"status-publish","4":"format-standard","5":"has-post-thumbnail","7":"category-sport","8":"tag-pl","9":"tag-poland","10":"tag-polish","11":"tag-polska","12":"tag-polski","13":"tag-skocznia-narciarska-im-adama-malysza-hs-134","14":"tag-skoki-narciarskie","15":"tag-sport","16":"tag-sports","17":"tag-sporty-zimowe"},"share_on_mastodon":{"url":"https:\/\/pubeurope.com\/@pl\/115651444224497529","error":""},"_links":{"self":[{"href":"https:\/\/www.europesays.com\/pl\/wp-json\/wp\/v2\/posts\/129423","targetHints":{"allow":["GET"]}}],"collection":[{"href":"https:\/\/www.europesays.com\/pl\/wp-json\/wp\/v2\/posts"}],"about":[{"href":"https:\/\/www.europesays.com\/pl\/wp-json\/wp\/v2\/types\/post"}],"author":[{"embeddable":true,"href":"https:\/\/www.europesays.com\/pl\/wp-json\/wp\/v2\/users\/2"}],"replies":[{"embeddable":true,"href":"https:\/\/www.europesays.com\/pl\/wp-json\/wp\/v2\/comments?post=129423"}],"version-history":[{"count":0,"href":"https:\/\/www.europesays.com\/pl\/wp-json\/wp\/v2\/posts\/129423\/revisions"}],"wp:featuredmedia":[{"embeddable":true,"href":"https:\/\/www.europesays.com\/pl\/wp-json\/wp\/v2\/media\/129424"}],"wp:attachment":[{"href":"https:\/\/www.europesays.com\/pl\/wp-json\/wp\/v2\/media?parent=129423"}],"wp:term":[{"taxonomy":"category","embeddable":true,"href":"https:\/\/www.europesays.com\/pl\/wp-json\/wp\/v2\/categories?post=129423"},{"taxonomy":"post_tag","embeddable":true,"href":"https:\/\/www.europesays.com\/pl\/wp-json\/wp\/v2\/tags?post=129423"}],"curies":[{"name":"wp","href":"https:\/\/api.w.org\/{rel}","templated":true}]}}