{"id":129427,"date":"2025-12-02T18:44:15","date_gmt":"2025-12-02T18:44:15","guid":{"rendered":"https:\/\/www.europesays.com\/pl\/129427\/"},"modified":"2025-12-02T18:44:15","modified_gmt":"2025-12-02T18:44:15","slug":"co-sprawdzaja-inspektorzy-itd-podczas-kontroli-posypaly-sie-mandaty-po-100-pkt-karnych","status":"publish","type":"post","link":"https:\/\/www.europesays.com\/pl\/129427\/","title":{"rendered":"Co sprawdzaj\u0105 inspektorzy ITD podczas kontroli? Posypa\u0142y si\u0119 mandaty po 100 pkt karnych"},"content":{"rendered":"<ul class=\"ods-m-bullet-list\">\n<li class=\"ods-a-bullet ods-a-bullet--bold\"> Inspektorzy ITD ujawnili powa\u017cne naruszenia przepis\u00f3w dotycz\u0105cych czasu pracy kierowc\u00f3w, w tym jazd\u0119 przez 20 godzin bez odpowiednich przerw. <\/li>\n<li class=\"ods-a-bullet ods-a-bullet--bold\"> W Radomiu skontrolowano kierowc\u0119, kt\u00f3ry w ci\u0105gu 38 dni pope\u0142ni\u0142 28 wykrocze\u0144, w tym przekroczenia czasu jazdy i skracanie odpoczynk\u00f3w. <\/li>\n<li class=\"ods-a-bullet ods-a-bullet--bold\"> Dwaj kierowcy ukrai\u0144skiego autobusu otrzymali \u0142\u0105cznie 202 punkty karne i mandaty na sum\u0119 12,5 tys. z\u0142 za liczne naruszenia pr\u0119dko\u015bci. <\/li>\n<li data-section=\"ochat-summary-link\" class=\"ods-a-bullet ods-a-bullet--czatai\"> <a href=\"#\"><br \/>\n    Du\u017co czytania, a ma\u0142o czasu? Sprawd\u017a skr\u00f3t artyku\u0142u<br \/>\n<\/a> <\/li>\n<\/ul>\n<p>SPIS TRE\u015aCI<\/p>\n<ol class=\"ods-a-table-of-content__items\">\n<li class=\"ods-a-table-of-content__item\"><a href=\"#toc-co-sprawdzaja-inspektorzy-itd-ten-kierowca-jechal-bez-przerwy-20-godzin\" class=\"ods-a-table-of-content__link\">Co sprawdzaj\u0105 inspektorzy ITD? Ten kierowca jecha\u0142 bez przerwy 20 godzin<\/a><\/li>\n<li class=\"ods-a-table-of-content__item\"><a href=\"#toc-kontrole-itd-nieprawidlowosci-na-trasie-s8\" class=\"ods-a-table-of-content__link\">Kontrole ITD. Nieprawid\u0142owo\u015bci na trasie S8<\/a><\/li>\n<li class=\"ods-a-table-of-content__item\"><a href=\"#toc-co-grozi-kierowcy-uzbieral-az-202-punkty-karne\" class=\"ods-a-table-of-content__link\">Co grozi kierowcy? Uzbiera\u0142 a\u017c&#8230; 202 punkty karne<\/a><\/li>\n<li class=\"ods-a-table-of-content__item\"><a href=\"#toc-ojciec-i-syn-podczas-kontroli-itd-jeden-dostal-98-a-drugi-104-punkty-karne\" class=\"ods-a-table-of-content__link\">Ojciec i syn podczas kontroli ITD. Jeden dosta\u0142 98, a drugi 104 punkty karne<\/a><\/li>\n<\/ol>\n<p class=\"ods-c-paragraph \">Inspektorzy Inspekcji Transportu Drogowego ujawnili powa\u017cne naruszenia przepis\u00f3w dotycz\u0105cych czasu pracy kierowc\u00f3w. W Piotrkowie Trybunalskim zatrzymano kierowc\u0119, kt\u00f3ry przejecha\u0142 1500 kilometr\u00f3w w 20 godzin, u\u017cywaj\u0105c cudzej karty kierowcy. Z kolei w Radomiu skontrolowano kierowc\u0119, kt\u00f3ry w ci\u0105gu 38 dni dopu\u015bci\u0142 si\u0119 a\u017c 28 wykrocze\u0144. Takich kontroli by\u0142o znacznie wi\u0119cej&#8230;<\/p>\n<p class=\"ods-c-paragraph \">Przeczytaj tak\u017ce: <a href=\"https:\/\/www.auto-swiat.pl\/wiadomosci\/aktualnosci\/co-kontroluje-w-samochodach-inspektorzy-itd-mandaty-kary-i-klopoty-diagnosty\/2b7e77p\" id=\"d1f21f4c-a53c-4766-9d6a-b1bd541cb165\" rel=\"nofollow noopener\" target=\"_blank\">Inspektorzy ITD mieli pe\u0142ne r\u0119ce roboty. Po tym, co odkryli k\u0142opoty b\u0119dzie mia\u0142 diagnosta<\/a><\/p>\n<p>Co sprawdzaj\u0105 inspektorzy ITD? Ten kierowca jecha\u0142 bez przerwy 20 godzin<\/p>\n<p class=\"ods-c-paragraph \">W Piotrkowie Trybunalskim inspektorzy \u0142\u00f3dzkiej ITD zatrzymali pojazd przewo\u017c\u0105cy u\u017cywane samochody z Belgii do Polski. Kierowca pos\u0142ugiwa\u0142 si\u0119 kart\u0105 kierowcy nale\u017c\u0105c\u0105 do innej osoby. Analiza danych z tachografu wykaza\u0142a, \u017ce w ci\u0105gu 24 godzin przed zatrzymaniem prowadzi\u0142 pojazd przez ponad 20 godzin, pokonuj\u0105c 1500 kilometr\u00f3w. Najd\u0142u\u017csza przerwa w tym czasie wynosi\u0142a zaledwie godzin\u0119 i 16 minut. Za te naruszenia kierowca zosta\u0142 ukarany mandatami, a jego prawo jazdy zosta\u0142o zatrzymane na trzy miesi\u0105ce. Wobec przewo\u017anika wszcz\u0119to post\u0119powanie administracyjne.<\/p>\n<p>Dalszy ci\u0105g artyku\u0142u pod materia\u0142em wideo<\/p>\n<p> Jakie wykroczenia pope\u0142ni\u0142 kierowca, kt\u00f3ry mia\u0142 28 narusze\u0144 w 38 dni? <\/p>\n<p> Ile punkt\u00f3w karnych otrzymali kierowcy ukrai\u0144skiego autobusu? <\/p>\n<p> Jakie naruszenia stwierdzono u kierowcy z Piotrkowa Trybunalskiego? <\/p>\n<p> Co grozi kierowcom, kt\u00f3rzy przekraczaj\u0105 dozwolon\u0105 pr\u0119dko\u015b\u0107? <\/p>\n<p>  Kontrole ITD. Nieprawid\u0142owo\u015bci na trasie S8<\/p>\n<p class=\"ods-c-paragraph \">Tego samego dnia inspektorzy mazowieckiej ITD przeprowadzili kontrol\u0119 na trasie S8 pod Radzyminem. Zatrzymano ci\u0105gnik siod\u0142owy z naczep\u0105 przystosowan\u0105 do przewozu \u017cywych zwierz\u0105t, nale\u017c\u0105cy do w\u0142oskiego przewo\u017anika. Pojazd jecha\u0142 bez \u0142adunku z W\u0142och na Litw\u0119. Analiza danych z tachografu i karty kierowcy ujawni\u0142a 29 narusze\u0144 w ci\u0105gu 38 dni. W\u015br\u00f3d nich znalaz\u0142y si\u0119 przekroczenia dziennego czasu jazdy o ponad pi\u0119\u0107 godzin oraz maksymalnego dwutygodniowego czasu jazdy o blisko siedem godzin. Kierowca nie przestrzega\u0142 r\u00f3wnie\u017c wymaganych przerw, przed\u0142u\u017caj\u0105c czas jazdy bez odpoczynku o prawie trzy godziny. Dodatkowo skraca\u0142 odpoczynki dzienne, nawet o 5,5 godziny.<\/p>\n<p class=\"ods-c-paragraph \">Za te wykroczenia kierowca zosta\u0142 ukarany mandatami. Post\u0119powania administracyjne wszcz\u0119to r\u00f3wnie\u017c wobec przewo\u017anika i osoby zarz\u0105dzaj\u0105cej transportem.<\/p>\n<p><img decoding=\"async\" src=\"https:\/\/www.europesays.com\/pl\/wp-content\/uploads\/2025\/12\/Q15k9lBaHR0cHM6Ly9vY2RuLmV1L3B1bHNjbXMvTURBXy8xNmU1NTUyMzRhN2UxYmRmMWJlODhmYmQ0OWRhMTYzYS5qcGeRlQLNB.jpeg\" height=\"488\" width=\"940\" alt=\"Kontrola ITD\" loading=\"lazy\" class=\"ods-c-image__img ods-c-image__img--viewport-width\"\/><\/p>\n<p>Kontrola ITDGITD<\/p>\n<p> Co grozi kierowcy? Uzbiera\u0142 a\u017c&#8230; 202 punkty karne<\/p>\n<p class=\"ods-c-paragraph \">Dwaj kierowcy ukrai\u0144skiego autobusu, kt\u00f3rzy notorycznie \u0142amali przepisy dotycz\u0105ce pr\u0119dko\u015bci na polskich drogach, zostali surowo ukarani przez inspektor\u00f3w CANARD. \u0141\u0105czna suma mandat\u00f3w wynios\u0142a 12,5 tys. z\u0142, a na ich konta trafi\u0142o a\u017c 202 punkty karne.<\/p>\n<p class=\"ods-c-paragraph \">W poniedzia\u0142ek, 24 listopada, inspektorzy CANARD z delegatury w Krakowie zatrzymali na autostradzie A4 ukrai\u0144ski autobus. Pojazd zosta\u0142 wytypowany do kontroli po tym, jak system odcinkowego pomiaru pr\u0119dko\u015bci wykaza\u0142 liczne naruszenia przepis\u00f3w. Po sprawdzeniu numer\u00f3w rejestracyjnych w systemie ujawniono, \u017ce kierowcy dopu\u015bcili si\u0119 kilkudziesi\u0119ciu wykrocze\u0144 zwi\u0105zanych z przekraczaniem dozwolonej pr\u0119dko\u015bci.<\/p>\n<p class=\"ods-c-paragraph \">Przeczytaj tak\u017ce: <a href=\"https:\/\/www.auto-swiat.pl\/wiadomosci\/aktualnosci\/inspektorzy-itd-znowu-zatrzymali-te-sama-ciezarowke-zlozyli-zawiadomienie-do\/dtv1wd5\" id=\"1f35e636-aa68-4305-be14-301401217238\" rel=\"nofollow noopener\" target=\"_blank\">Inspektorzy ITD znowu zatrzymali t\u0119 sam\u0105 ci\u0119\u017car\u00f3wk\u0119. Musieli a\u017c zawiadomi\u0107 prokuratur\u0119<\/a><\/p>\n<p>Ojciec i syn podczas kontroli ITD. Jeden dosta\u0142 98, a drugi 104 punkty karne<\/p>\n<p class=\"ods-c-paragraph \">Kontrola wykaza\u0142a, \u017ce 59-letni kierowca oraz jego 34-letni syn, od grudnia ubieg\u0142ego roku, pope\u0142nili \u0142\u0105cznie 52 wykroczenia. Obaj m\u0119\u017cczy\u017ani regularnie przekraczali pr\u0119dko\u015b\u0107 na drogach ekspresowych i autostradach. W efekcie ka\u017cdy z nich otrzyma\u0142 po 26 mandat\u00f3w, kt\u00f3re op\u0142acili na miejscu. Suma kar wynios\u0142a 12,5 tys. z\u0142. Starszy z kierowc\u00f3w zosta\u0142 dodatkowo obci\u0105\u017cony 98 punktami karnymi, a jego syn \u2014 104 punktami.<\/p>\n<p class=\"ods-c-paragraph \">Wed\u0142ug danych CANARD, w bie\u017c\u0105cym roku inspektorzy na\u0142o\u017cyli ponad 4 tys. mandat\u00f3w na kierowc\u00f3w pojazd\u00f3w zarejestrowanych poza Uni\u0105 Europejsk\u0105. \u0141\u0105czna warto\u015b\u0107 tych kar wynios\u0142a 826 tys. z\u0142. Ignorowanie ogranicze\u0144 pr\u0119dko\u015bci przez zagranicznych kierowc\u00f3w pozostaje powa\u017cnym problemem na polskich drogach, szczeg\u00f3lnie w miejscach obj\u0119tych nadzorem systemu odcinkowego pomiaru pr\u0119dko\u015bci.<\/p>\n<p><img decoding=\"async\" src=\"https:\/\/www.europesays.com\/pl\/wp-content\/uploads\/2025\/12\/DGok9lBaHR0cHM6Ly9vY2RuLmV1L3B1bHNjbXMvTURBXy9jNDk1MzQ1NWM2ZjAyZGIzM2VmNTJlOTJmOTk0Y2ZjOC5wbmeRlQLNB.jpeg\" height=\"686\" width=\"940\" alt=\"Jedna kontrola i 52 mandaty za przekroczenie dozwolonej pr\u0119dko\u015bci\" loading=\"lazy\" class=\"ods-c-image__img ods-c-image__img--viewport-width\"\/><\/p>\n<p>Jedna kontrola i 52 mandaty za przekroczenie dozwolonej pr\u0119dko\u015bciGITD<\/p>\n","protected":false},"excerpt":{"rendered":"Inspektorzy ITD ujawnili powa\u017cne naruszenia przepis\u00f3w dotycz\u0105cych czasu pracy kierowc\u00f3w, w tym jazd\u0119 przez 20 godzin bez odpowiednich&hellip;\n","protected":false},"author":2,"featured_media":129428,"comment_status":"","ping_status":"","sticky":false,"template":"","format":"standard","meta":{"footnotes":""},"categories":[16],"tags":[210,113,112,2639,496,27202,3777,48,46,42,38,40,39,41,47,26],"class_list":{"0":"post-129427","1":"post","2":"type-post","3":"status-publish","4":"format-standard","5":"has-post-thumbnail","7":"category-biznes","8":"tag-aktualnosci","9":"tag-biznes","10":"tag-business","11":"tag-gitd","12":"tag-kierowcy","13":"tag-kontrola_itd","14":"tag-mandaty","15":"tag-nat_styl","16":"tag-omp","17":"tag-pl","18":"tag-poland","19":"tag-polish","20":"tag-polska","21":"tag-polski","22":"tag-screening_general","23":"tag-wiadomosci"},"share_on_mastodon":{"url":"https:\/\/pubeurope.com\/@pl\/115651456129292993","error":""},"_links":{"self":[{"href":"https:\/\/www.europesays.com\/pl\/wp-json\/wp\/v2\/posts\/129427","targetHints":{"allow":["GET"]}}],"collection":[{"href":"https:\/\/www.europesays.com\/pl\/wp-json\/wp\/v2\/posts"}],"about":[{"href":"https:\/\/www.europesays.com\/pl\/wp-json\/wp\/v2\/types\/post"}],"author":[{"embeddable":true,"href":"https:\/\/www.europesays.com\/pl\/wp-json\/wp\/v2\/users\/2"}],"replies":[{"embeddable":true,"href":"https:\/\/www.europesays.com\/pl\/wp-json\/wp\/v2\/comments?post=129427"}],"version-history":[{"count":0,"href":"https:\/\/www.europesays.com\/pl\/wp-json\/wp\/v2\/posts\/129427\/revisions"}],"wp:featuredmedia":[{"embeddable":true,"href":"https:\/\/www.europesays.com\/pl\/wp-json\/wp\/v2\/media\/129428"}],"wp:attachment":[{"href":"https:\/\/www.europesays.com\/pl\/wp-json\/wp\/v2\/media?parent=129427"}],"wp:term":[{"taxonomy":"category","embeddable":true,"href":"https:\/\/www.europesays.com\/pl\/wp-json\/wp\/v2\/categories?post=129427"},{"taxonomy":"post_tag","embeddable":true,"href":"https:\/\/www.europesays.com\/pl\/wp-json\/wp\/v2\/tags?post=129427"}],"curies":[{"name":"wp","href":"https:\/\/api.w.org\/{rel}","templated":true}]}}