{"id":129429,"date":"2025-12-02T18:45:11","date_gmt":"2025-12-02T18:45:11","guid":{"rendered":"https:\/\/www.europesays.com\/pl\/129429\/"},"modified":"2025-12-02T18:45:11","modified_gmt":"2025-12-02T18:45:11","slug":"byla-szefowa-unijnej-dyplomacji-w-centrum-skandalu-w-tle-powazne-podejrzenia-o-korupcje","status":"publish","type":"post","link":"https:\/\/www.europesays.com\/pl\/129429\/","title":{"rendered":"By\u0142a szefowa unijnej dyplomacji w centrum skandalu. W tle powa\u017cne podejrzenia o korupcj\u0119"},"content":{"rendered":"<p>Przeszukania \u2014 przeprowadzone na wniosek Europejskiej Prokuratury (EPPO) i zatwierdzone przez belgijsk\u0105 policj\u0119 \u2014 mia\u0142y miejsce w siedzibie Europejskiej S\u0142u\u017cby Dzia\u0142a\u0144 Zewn\u0119trznych (EEAS) w Brukseli, w budynkach Kolegium Europejskiego w Brugii oraz w prywatnych domach, wynika z o\u015bwiadczenia EPPO. W zwi\u0105zku z domnieman\u0105 korupcj\u0105 policja zatrzyma\u0142a trzech podejrzanych.<\/p>\n<p>EEAS jest organem odpowiedzialnym za polityk\u0119 zagraniczn\u0105 UE, a do 2019 r. kierowa\u0142a nim by\u0142a wiceprzewodnicz\u0105ca Komisji Europejskiej Mogherini. Od 2020 r. pe\u0142ni funkcj\u0119 rektora Kolegium Europejskiego, plac\u00f3wki szkoleniowej dla przysz\u0142ych urz\u0119dnik\u00f3w UE.<\/p>\n<p>Sannino, by\u0142y w\u0142oski dyplomata, by\u0142 najwy\u017cszym urz\u0119dnikiem w EEAS, a obecnie pe\u0142ni funkcj\u0119 dyrektora generalnego departamentu ds. Bliskiego Wschodu, Afryki P\u00f3\u0142nocnej i Zatoki Perskiej w Komisji Europejskiej.<\/p>\n<p class=\"ods-c-paragraph \">Troje zatrzymanych nie zosta\u0142o oskar\u017canych, a s\u0119dzia \u015bledczy ma teraz 48 godzin na podj\u0119cie decyzji o dalszych dzia\u0142aniach, poinformowa\u0142a osoba zaznajomiona z dochodzeniem. Komisja Europejska odm\u00f3wi\u0142a komentarza.<\/p>\n<p class=\"ods-c-paragraph \">Belgijskie w\u0142adze prowadz\u0105 dochodzenie w sprawie Akademii Dyplomatycznej Unii Europejskiej, programu dla m\u0142odych dyplomat\u00f3w z kraj\u00f3w UE, prowadzonego przez Kolegium Europejskie, kt\u00f3rego rektorem od sierpnia 2022 r. jest Mogherini. O nalotach poinformowa\u0142 jako pierwszy serwis Euractiv.<\/p>\n<p class=\"ods-c-paragraph \">Europejska Prokuratura stwierdzi\u0142a, \u017ce ma &#8222;powa\u017cne podejrzenia&#8221;, i\u017c zasady &#8222;uczciwej konkurencji&#8221; zosta\u0142y naruszone, gdy EEAS przyzna\u0142a zam\u00f3wienie na utworzenie akademii dyplomatycznej w Kolegium Europejskim. \u015aledztwo koncentruje si\u0119 na tym, czy kolegium zosta\u0142o poinformowane o kryteriach wyboru w procedurze przetargowej przed opublikowaniem oficjalnego og\u0142oszenia.<\/p>\n<p>Naloty i przeszukania<\/p>\n<p class=\"ods-c-paragraph \">Urz\u0119dnik EEAS, kt\u00f3ry poprosi\u0142 o zachowanie anonimowo\u015bci, aby m\u00f3c m\u00f3wi\u0107 szczerze, powiedzia\u0142, \u017ce przeszukania mia\u0142y miejsce w budynku administracyjnym EEAS przy Rue d&#8217;Arlon 62 w Brukseli, a nie w g\u0142\u00f3wnym budynku przy rondzie Schumana. Pracownicy zostali poproszeni o opuszczenie pomieszcze\u0144 i pozostawienie drzwi biur oraz mebli otwartych.<\/p>\n<p class=\"ods-c-paragraph \">Wysoki rang\u0105 urz\u0119dnik UE powiedzia\u0142 serwisowi POLITICO, \u017ce naloty s\u0105 zwi\u0105zane z dochodzeniem, kt\u00f3re rozpocz\u0119\u0142o si\u0119 przed obj\u0119ciem przez Kaj\u0119 Kallas stanowiska szefowej dyplomacji UE.<\/p>\n<p><img decoding=\"async\" src=\"https:\/\/www.europesays.com\/pl\/wp-content\/uploads\/2025\/12\/jyqk9lBaHR0cHM6Ly9vY2RuLmV1L3B1bHNjbXMvTURBXy9jZTgwOTZjNTdjNWM3NWM4ODUwNmM1OWI2MmRmNzRmYi5qcGeRlQLNB.jpeg\" height=\"627\" width=\"940\" alt=\"Logo Europejskiej S\u0142u\u017cby Dzia\u0142a\u0144 Zewn\u0119trznych (EEAS), s\u0142u\u017cby dyplomatycznej Unii Europejskiej, Bruksela, 2 grudnia 2025 r.\" loading=\"lazy\" class=\"ods-c-image__img ods-c-image__img--viewport-width\"\/><\/p>\n<p>Logo Europejskiej S\u0142u\u017cby Dzia\u0142a\u0144 Zewn\u0119trznych (EEAS), s\u0142u\u017cby dyplomatycznej Unii Europejskiej, Bruksela, 2 grudnia 2025 r.NICOLAS TUCAT \/ AFP \/ AFP<\/p>\n<p class=\"ods-c-paragraph \">Rzeczniczka Komisji Europejskiej Anitta Hipper potwierdzi\u0142a, \u017ce we wtorek policja przeprowadzi\u0142a nalot na EEAS w ramach &#8222;trwaj\u0105cego \u015bledztwa w sprawie dzia\u0142a\u0144, kt\u00f3re mia\u0142y miejsce w poprzedniej kadencji&#8221;, czyli przed ponownym mianowaniem przewodnicz\u0105cej Komisji Ursuli von der Leyen w grudniu 2024 r.<\/p>\n<p class=\"ods-c-paragraph \">Poproszeni o dalsze szczeg\u00f3\u0142y podczas po\u0142udniowej konferencji prasowej Komisji, rzecznicy odm\u00f3wili komentarza na temat tego, czy kt\u00f3ry\u015b z pracownik\u00f3w instytucji zosta\u0142 zatrzymany, ani nie udzielili dalszych informacji na temat \u015bledztwa.<\/p>\n<p class=\"ods-c-paragraph \">EPPO poinformowa\u0142a, \u017ce przed rozpocz\u0119ciem \u015bledztwa zwr\u00f3ci\u0142a si\u0119 do w\u0142adz o uchylenie immunitetu \u2014 zazwyczaj przyznawanego dyplomatom w celu ochrony przed post\u0119powaniem s\u0105dowym \u2014 &#8222;kilku podejrzanych&#8221; i \u017ce wniosek ten zosta\u0142 przyj\u0119ty. Nie sprecyzowano, do jakich organ\u00f3w zwr\u00f3cono si\u0119 z tym wnioskiem<\/p>\n","protected":false},"excerpt":{"rendered":"Przeszukania \u2014 przeprowadzone na wniosek Europejskiej Prokuratury (EPPO) i zatwierdzone przez belgijsk\u0105 policj\u0119 \u2014 mia\u0142y miejsce w siedzibie&hellip;\n","protected":false},"author":2,"featured_media":129430,"comment_status":"","ping_status":"","sticky":false,"template":"","format":"standard","meta":{"footnotes":""},"categories":[14],"tags":[56,32,33,27,2882,34,35,28,31,48,25,46,40,1314,41,47,1389,80,29,30,86,26,82,83,84],"class_list":{"0":"post-129429","1":"post","2":"type-post","3":"status-publish","4":"format-standard","5":"has-post-thumbnail","7":"category-swiat","8":"tag-article_premium","9":"tag-breaking-news","10":"tag-breakingnews","11":"tag-headlines","12":"tag-korupcja","13":"tag-latest-news","14":"tag-latestnews","15":"tag-naglowki","16":"tag-najwazniejsze-artykuly","17":"tag-nat_styl","18":"tag-news","19":"tag-omp","20":"tag-polish","21":"tag-politico","22":"tag-polski","23":"tag-screening_general","24":"tag-sledztwo","25":"tag-swiat","26":"tag-top-stories","27":"tag-topstories","28":"tag-unia_europejska","29":"tag-wiadomosci","30":"tag-world","31":"tag-world-news","32":"tag-worldnews"},"share_on_mastodon":{"url":"https:\/\/pubeurope.com\/@pl\/115651459480249600","error":""},"_links":{"self":[{"href":"https:\/\/www.europesays.com\/pl\/wp-json\/wp\/v2\/posts\/129429","targetHints":{"allow":["GET"]}}],"collection":[{"href":"https:\/\/www.europesays.com\/pl\/wp-json\/wp\/v2\/posts"}],"about":[{"href":"https:\/\/www.europesays.com\/pl\/wp-json\/wp\/v2\/types\/post"}],"author":[{"embeddable":true,"href":"https:\/\/www.europesays.com\/pl\/wp-json\/wp\/v2\/users\/2"}],"replies":[{"embeddable":true,"href":"https:\/\/www.europesays.com\/pl\/wp-json\/wp\/v2\/comments?post=129429"}],"version-history":[{"count":0,"href":"https:\/\/www.europesays.com\/pl\/wp-json\/wp\/v2\/posts\/129429\/revisions"}],"wp:featuredmedia":[{"embeddable":true,"href":"https:\/\/www.europesays.com\/pl\/wp-json\/wp\/v2\/media\/129430"}],"wp:attachment":[{"href":"https:\/\/www.europesays.com\/pl\/wp-json\/wp\/v2\/media?parent=129429"}],"wp:term":[{"taxonomy":"category","embeddable":true,"href":"https:\/\/www.europesays.com\/pl\/wp-json\/wp\/v2\/categories?post=129429"},{"taxonomy":"post_tag","embeddable":true,"href":"https:\/\/www.europesays.com\/pl\/wp-json\/wp\/v2\/tags?post=129429"}],"curies":[{"name":"wp","href":"https:\/\/api.w.org\/{rel}","templated":true}]}}