{"id":129450,"date":"2025-12-02T19:00:09","date_gmt":"2025-12-02T19:00:09","guid":{"rendered":"https:\/\/www.europesays.com\/pl\/129450\/"},"modified":"2025-12-02T19:00:09","modified_gmt":"2025-12-02T19:00:09","slug":"ustawa-lancuchowa-weto-karola-nawrockiego-jest-komentarz-donalda-tuska","status":"publish","type":"post","link":"https:\/\/www.europesays.com\/pl\/129450\/","title":{"rendered":"Ustawa \u0142a\u0144cuchowa. Weto Karola Nawrockiego, jest komentarz Donalda Tuska"},"content":{"rendered":"<p class=\"ods-c-paragraph \">Donald Tusk w krytycznym tonie odni\u00f3s\u0142 si\u0119 do decyzji Karola Nawrockiego w sprawie <a href=\"https:\/\/wiadomosci.onet.pl\/kraj\/karol-nawrocki-wetuje-kolejna-ustawe-chodzi-o-ochrone-zwierzat\/397gsmz\" id=\"06fd6842-0a21-4a1c-b1a4-c0c996c3df4b\" rel=\"nofollow noopener\" target=\"_blank\">ustawy o zakazie trzymaniu ps\u00f3w na \u0142a\u0144cuchu<\/a>. Premier skomentowa\u0142 weto prezydenta w kr\u00f3tkim wpisie w mediach spo\u0142eczno\u015bciowych.<\/p>\n<p class=\"ods-c-paragraph \">&#8222;I co ci psy zawini\u0142y?&#8221; \u2014 zapyta\u0142.<\/p>\n<p>Dalszy ci\u0105g artyku\u0142u pod materia\u0142em wideo<\/p>\n<p> Dlaczego Karol Nawrocki zawetowa\u0142 ustaw\u0119 \u0142a\u0144cuchow\u0105? <\/p>\n<p> Jakie b\u0119d\u0105 nowe propozycje dotycz\u0105ce ps\u00f3w? <\/p>\n<p> Co Donald Tusk s\u0105dzi o decyzji Nawrockiego? <\/p>\n<p> Jakie problemy mia\u0142a poprzednia ustawa dotycz\u0105ca ps\u00f3w? <\/p>\n<p>  Karol Nawrocki zawetowa\u0142 &#8222;ustaw\u0119 \u0142a\u0144cuchow\u0105&#8221;. Prezydent t\u0142umaczy<\/p>\n<p class=\"ods-c-paragraph \">Prezydent Karol Nawrocki poinformowa\u0142 we wtorek w mediach spo\u0142eczno\u015bciowych, \u017ce <a href=\"https:\/\/wiadomosci.onet.pl\/kraj\/karol-nawrocki-wetuje-kolejna-ustawe-chodzi-o-ochrone-zwierzat\/397gsmz\" id=\"2a88225d-7949-4346-81f2-e3e2833362ba\" rel=\"nofollow noopener\" target=\"_blank\">zdecydowa\u0142 si\u0119 podpisa\u0107 ustaw\u0119 o zakazie hodowli zwierz\u0105t na futra. Przyw\u00f3dca zawetowa\u0142 jednocze\u015bnie tzw. ustaw\u0119 \u0142a\u0144cuchow\u0105<\/a>, zapowiadaj\u0105c, \u017ce z\u0142o\u017cy do Sejmu prezydencki projekt ustawy, &#8222;kt\u00f3ry pozwoli spu\u015bci\u0107 psy z \u0142a\u0144cuch\u00f3w&#8221;. <\/p>\n<p class=\"ods-c-paragraph \">\u2014 Cho\u0107 intencja, ochrona zwierz\u0105t, jest s\u0142uszna i szlachetna, to sama ustawa by\u0142a \u017ale napisana. Zamiast rozwi\u0105zywa\u0107 problemy, tworzy\u0142a nowe, kt\u00f3re mog\u0142y doprowadzi\u0107 do pogorszenia, a nie polepszenia sytuacji zwierz\u0105t. Proponowane normy kojc\u00f3w dla ps\u00f3w by\u0142y kompletnie nierealne. Kojce wielko\u015bci miejskich kawalerek to absurd, kt\u00f3ry uderza\u0142by w rolnik\u00f3w, hodowc\u00f3w i zwyk\u0142e wiejskie gospodarstwa \u2014 podkre\u015bli\u0142.<\/p>\n<p class=\"ods-c-paragraph \">Prezydent doda\u0142, \u017ce przygotowywany przez niego projekt &#8222;realnie poprawi los zwierz\u0105t, ale nie b\u0119dzie nak\u0142ada\u0142 na ludzi restrykcyjnych, a jednocze\u015bnie nierealnych do spe\u0142nienia obowi\u0105zk\u00f3w budowania kilkudziesi\u0119ciometrowych kojc\u00f3w&#8221;.<\/p>\n","protected":false},"excerpt":{"rendered":"Donald Tusk w krytycznym tonie odni\u00f3s\u0142 si\u0119 do decyzji Karola Nawrockiego w sprawie ustawy o zakazie trzymaniu ps\u00f3w&hellip;\n","protected":false},"author":2,"featured_media":129451,"comment_status":"","ping_status":"","sticky":false,"template":"","format":"standard","meta":{"footnotes":""},"categories":[12],"tags":[32,33,212,36,37,27,43,49,34,35,15273,28,31,48,25,46,6183,42,38,40,39,41,47,29,30,26],"class_list":{"0":"post-129450","1":"post","2":"type-post","3":"status-publish","4":"format-standard","5":"has-post-thumbnail","7":"category-polska","8":"tag-breaking-news","9":"tag-breakingnews","10":"tag-donald_tusk","11":"tag-featured-news","12":"tag-featurednews","13":"tag-headlines","14":"tag-karol_nawrocki","15":"tag-kraj","16":"tag-latest-news","17":"tag-latestnews","18":"tag-lancuchy","19":"tag-naglowki","20":"tag-najwazniejsze-artykuly","21":"tag-nat_styl","22":"tag-news","23":"tag-omp","24":"tag-pies","25":"tag-pl","26":"tag-poland","27":"tag-polish","28":"tag-polska","29":"tag-polski","30":"tag-screening_general","31":"tag-top-stories","32":"tag-topstories","33":"tag-wiadomosci"},"share_on_mastodon":{"url":"https:\/\/pubeurope.com\/@pl\/115651518362040712","error":""},"_links":{"self":[{"href":"https:\/\/www.europesays.com\/pl\/wp-json\/wp\/v2\/posts\/129450","targetHints":{"allow":["GET"]}}],"collection":[{"href":"https:\/\/www.europesays.com\/pl\/wp-json\/wp\/v2\/posts"}],"about":[{"href":"https:\/\/www.europesays.com\/pl\/wp-json\/wp\/v2\/types\/post"}],"author":[{"embeddable":true,"href":"https:\/\/www.europesays.com\/pl\/wp-json\/wp\/v2\/users\/2"}],"replies":[{"embeddable":true,"href":"https:\/\/www.europesays.com\/pl\/wp-json\/wp\/v2\/comments?post=129450"}],"version-history":[{"count":0,"href":"https:\/\/www.europesays.com\/pl\/wp-json\/wp\/v2\/posts\/129450\/revisions"}],"wp:featuredmedia":[{"embeddable":true,"href":"https:\/\/www.europesays.com\/pl\/wp-json\/wp\/v2\/media\/129451"}],"wp:attachment":[{"href":"https:\/\/www.europesays.com\/pl\/wp-json\/wp\/v2\/media?parent=129450"}],"wp:term":[{"taxonomy":"category","embeddable":true,"href":"https:\/\/www.europesays.com\/pl\/wp-json\/wp\/v2\/categories?post=129450"},{"taxonomy":"post_tag","embeddable":true,"href":"https:\/\/www.europesays.com\/pl\/wp-json\/wp\/v2\/tags?post=129450"}],"curies":[{"name":"wp","href":"https:\/\/api.w.org\/{rel}","templated":true}]}}