{"id":129466,"date":"2025-12-02T19:09:10","date_gmt":"2025-12-02T19:09:10","guid":{"rendered":"https:\/\/www.europesays.com\/pl\/129466\/"},"modified":"2025-12-02T19:09:10","modified_gmt":"2025-12-02T19:09:10","slug":"isack-hadjar-obok-maxa-verstappena-zmiany-w-zespole-red-bull","status":"publish","type":"post","link":"https:\/\/www.europesays.com\/pl\/129466\/","title":{"rendered":"Isack Hadjar obok Maxa Verstappena. Zmiany w zespole Red Bull"},"content":{"rendered":"<p>Decyzja o\u00a0sk\u0142adzie kierowc\u00f3w Red Bull Racing na sezon 2026 zapad\u0142a po d\u0142ugim oczekiwaniu. Jak poinformowa\u0142 &#8222;it.motorsport&#8221;, Isack Hadjar, kt\u00f3ry zako\u0144czy\u0142 sw\u00f3j debiutancki sezon w\u00a0Formule 1, stanie u\u00a0boku Maxa Verstappena, jednego z\u00a0najbardziej utytu\u0142owanych kierowc\u00f3w ostatnich lat. Wsp\u00f3\u0142praca z\u00a0Verstappenem to dla Hadjara nie tylko wyzwanie, ale i\u00a0ogromna szansa na rozw\u00f3j kariery.<\/p>\n<p>Isack Hadjar pokaza\u0142 swoj\u0105 warto\u015b\u0107 w\u00a0ci\u0105gu swojego pierwszego sezonu, zdobywaj\u0105c 51 punkt\u00f3w i\u00a0plasuj\u0105c si\u0119 na podium w\u00a0Zandvoort. Jego agresywna jazda oraz umiej\u0119tno\u015b\u0107 radzenia sobie z\u00a0presj\u0105 zrobi\u0142y wra\u017cenie na w\u0142adzach Red Bull. Hadjar zast\u0105pi Yuki Tsunod\u0119, kt\u00f3ry nie spe\u0142ni\u0142 oczekiwa\u0144 zespo\u0142u, zdobywaj\u0105c zaledwie 33 punkty przez ca\u0142y sezon.<\/p>\n<p>Miejsce Hadjara w\u00a0Racing Bulls zajmie Arvid Lindblad. M\u0142ody brytyjski kierowca z\u00a0sukcesami w\u00a0ni\u017cszych kategoriach, takich jak Formula Regional Oceania, zacz\u0105\u0142 ju\u017c oswaja\u0107 si\u0119 z\u00a0bolidami F1 podczas test\u00f3w. Alan Permane, dyrektor Racing Bulls, wyrazi\u0142 entuzjazm dla nadchodz\u0105cej wsp\u00f3\u0142pracy z\u00a0Lindbladem i\u00a0jego potencja\u0142u.<\/p>\n<p>Liam Lawson, po burzliwej rotacji z\u00a0Tsunod\u0105, utrzyma\u0142 swoje miejsce w\u00a0Racing Bulls dzi\u0119ki solidnym wyst\u0119pom i\u00a0uzbieraniu 38 punkt\u00f3w. Nowozelandczyk, cho\u0107 pocz\u0105tkowo zdegradowany na rzecz Tsunody, udowodni\u0142 swoj\u0105 warto\u015b\u0107, plasuj\u0105c si\u0119 regularnie w\u00a0pierwszej dziesi\u0105tce. To \u015bwiadczy o\u00a0jego zdolno\u015bciach i\u00a0kondycji fizycznej oraz psychicznej.<\/p>\n<p>Zar\u00f3wno Hadjar, jak i\u00a0pozostali kierowcy b\u0119d\u0105 mieli przed sob\u0105 nie lada wyzwania w\u00a0kolejnym sezonie. Rywalizacja w\u00a0zespole takim jak Red Bull wymaga nie tylko umiej\u0119tno\u015bci, ale i\u00a0zdolno\u015bci do dzia\u0142ania pod du\u017c\u0105 presj\u0105. Kibice z\u00a0niecierpliwo\u015bci\u0105 czekaj\u0105 na to, co przyniesie przysz\u0142y rok.<\/p>\n","protected":false},"excerpt":{"rendered":"Decyzja o\u00a0sk\u0142adzie kierowc\u00f3w Red Bull Racing na sezon 2026 zapad\u0142a po d\u0142ugim oczekiwaniu. Jak poinformowa\u0142 &#8222;it.motorsport&#8221;, Isack Hadjar,&hellip;\n","protected":false},"author":2,"featured_media":129467,"comment_status":"","ping_status":"","sticky":false,"template":"","format":"standard","meta":{"footnotes":""},"categories":[24],"tags":[42,38,40,39,41,127,126],"class_list":{"0":"post-129466","1":"post","2":"type-post","3":"status-publish","4":"format-standard","5":"has-post-thumbnail","7":"category-sport","8":"tag-pl","9":"tag-poland","10":"tag-polish","11":"tag-polska","12":"tag-polski","13":"tag-sport","14":"tag-sports"},"share_on_mastodon":{"url":"https:\/\/pubeurope.com\/@pl\/115651553811384540","error":""},"_links":{"self":[{"href":"https:\/\/www.europesays.com\/pl\/wp-json\/wp\/v2\/posts\/129466","targetHints":{"allow":["GET"]}}],"collection":[{"href":"https:\/\/www.europesays.com\/pl\/wp-json\/wp\/v2\/posts"}],"about":[{"href":"https:\/\/www.europesays.com\/pl\/wp-json\/wp\/v2\/types\/post"}],"author":[{"embeddable":true,"href":"https:\/\/www.europesays.com\/pl\/wp-json\/wp\/v2\/users\/2"}],"replies":[{"embeddable":true,"href":"https:\/\/www.europesays.com\/pl\/wp-json\/wp\/v2\/comments?post=129466"}],"version-history":[{"count":0,"href":"https:\/\/www.europesays.com\/pl\/wp-json\/wp\/v2\/posts\/129466\/revisions"}],"wp:featuredmedia":[{"embeddable":true,"href":"https:\/\/www.europesays.com\/pl\/wp-json\/wp\/v2\/media\/129467"}],"wp:attachment":[{"href":"https:\/\/www.europesays.com\/pl\/wp-json\/wp\/v2\/media?parent=129466"}],"wp:term":[{"taxonomy":"category","embeddable":true,"href":"https:\/\/www.europesays.com\/pl\/wp-json\/wp\/v2\/categories?post=129466"},{"taxonomy":"post_tag","embeddable":true,"href":"https:\/\/www.europesays.com\/pl\/wp-json\/wp\/v2\/tags?post=129466"}],"curies":[{"name":"wp","href":"https:\/\/api.w.org\/{rel}","templated":true}]}}