{"id":129468,"date":"2025-12-02T19:10:07","date_gmt":"2025-12-02T19:10:07","guid":{"rendered":"https:\/\/www.europesays.com\/pl\/129468\/"},"modified":"2025-12-02T19:10:07","modified_gmt":"2025-12-02T19:10:07","slug":"madrosci-ciag-dalszy-teraz-wymienia-co-powinna-prawdziwa-kobieta","status":"publish","type":"post","link":"https:\/\/www.europesays.com\/pl\/129468\/","title":{"rendered":"M\u0105dro\u015bci ci\u0105g dalszy. Teraz wymienia, &#8222;co powinna PRAWDZIWA KOBIETA&#8221;"},"content":{"rendered":"<p>Patrz\u0105c na poczynania Marianny Schreiber, mo\u017cna \u015bmia\u0142o zaryzykowa\u0107 stwierdzenie, i\u017c kobieta zmienn\u0105 jest. Trudno si\u0119 ju\u017c po\u0142apa\u0107 w\u00a0kolejnych rewolucjach zachodz\u0105cych w\u00a0jej jak\u017ce barwnym \u017cyciu osobistym. Wszystko wskazuje na to, \u017ce jej burzliwy zwi\u0105zek z\u00a0Piotrem Korczarowskim ostatecznie przeszed\u0142 do historii po zaledwie kilku miesi\u0105cach. Podobnie by\u0142o zreszt\u0105 z\u00a0jego &#8222;poprzednikiem&#8221;, Przemys\u0142awem Czarneckim.<\/p>\n<p>Tym samym s\u0142ynna skandalistka wesz\u0142a w\u00a033. rok \u017cycia jako singielka, organizuj\u0105c huczn\u0105 balang\u0119 w\u00a0jednym z\u00a0klub\u00f3w w\u00a0Mi\u0144sku Mazowieckim. Przypomnijmy, \u017ce kilka dni przed imprez\u0105 celebrytka &#8222;\u017cali\u0142a si\u0119&#8221;, \u017ce dostaje &#8222;setki wiadomo\u015bci dziennie z\u00a0ofertami matrymonialnymi&#8221;. By\u0142a \u017cona \u0141ukasza Schreibera zapewni\u0142a w\u00f3wczas, \u017ce ma tego serdecznie do\u015b\u0107. Postanowi\u0142a wi\u0119c <a href=\"https:\/\/www.pudelek.pl\/wazny-przekaz-marianny-schreiber-nie-szukam-faceta-dajcie-mi-spokoj-7224844449913376a\" rel=\"noopener noreferrer nofollow\" target=\"_blank\">zapozowa\u0107 z\u00a0kartonem, na kt\u00f3rym widnia\u0142 wa\u017cny przekaz do jej wielbicieli.<\/a><\/p>\n<p>Eliza i\u00a0Trybson wbijaj\u0105 szpil\u0119 Schreiber! Zdemaskowali (?) jej wyp\u0142at\u0119 z\u00a0&#8222;Kr\u00f3lowej Przetrwania&#8221;: &#8222;Mog\u0142aby za\u00a0to\u00a0kupi\u0107 rower&#8221; <\/p>\n<p>Schreiber niby nie szuka faceta, jednak jej my\u015bli najwyra\u017aniej wci\u0105\u017c kr\u0105\u017c\u0105 wok\u00f3\u0142 randkowania. Po zako\u0144czeniu kolejnej nieudanej relacji \u015bwie\u017co upieczona 33-latka ochoczo dzieli si\u0119 w\u00a0sieci przemy\u015bleniami na temat relacji damsko-m\u0119skich. Tak te\u017c poczyni\u0142a w\u00a0niedzielne popo\u0142udnie, kiedy na InstaStory celebrytki pojawi\u0142 si\u0119 kolejny osobliwy wpis. <\/p>\n<p>Prawdziwa kobieta powinna:<\/p>\n<p>1. Dba\u0107 o\u00a0swojego m\u0119\u017cczyzn\u0119<\/p>\n<p>3. Uprasowa\u0107 mu koszul\u0119<\/p>\n<p>4. Nie strzela\u0107 foch\u00f3w, gdy wraca zm\u0119czony z\u00a0pracy<\/p>\n<p>6. Wspiera\u0107 w\u00a0sukcesach<\/p>\n<p>7. Liczy\u0107 si\u0119 z\u00a0jego zdaniem<\/p>\n<p>8. Da\u0107 si\u0119 mu prowadzi\u0107<\/p>\n<p>9. By\u0107 zupe\u0142nie niezale\u017cna, ale pokazywa\u0107 mu jednocze\u015bnie, \u017ce bez niego to nic i\u00a0nigdzie<\/p>\n<p>10. Okazywa\u0107 mu zainteresowanie<\/p>\n<p>11. Nie ogl\u0105da\u0107 si\u0119 za innymi<\/p>\n<p>12. By\u0107 siln\u0105, ale czasem uleg\u0142\u0105<\/p>\n<p>Tak, napisa\u0142am to, bo sama taka jestem &#8211;\u00a0doda\u0142a na koniec celebrytka.<\/p>\n<p>We\u017amiecie sobie rady Marianny do serca?<\/p>\n","protected":false},"excerpt":{"rendered":"Patrz\u0105c na poczynania Marianny Schreiber, mo\u017cna \u015bmia\u0142o zaryzykowa\u0107 stwierdzenie, i\u017c kobieta zmienn\u0105 jest. Trudno si\u0119 ju\u017c po\u0142apa\u0107 w\u00a0kolejnych&hellip;\n","protected":false},"author":2,"featured_media":129469,"comment_status":"","ping_status":"","sticky":false,"template":"","format":"standard","meta":{"footnotes":""},"categories":[22],"tags":[122,42,38,40,39,41,123],"class_list":{"0":"post-129468","1":"post","2":"type-post","3":"status-publish","4":"format-standard","5":"has-post-thumbnail","7":"category-rozrywka","8":"tag-entertainment","9":"tag-pl","10":"tag-poland","11":"tag-polish","12":"tag-polska","13":"tag-polski","14":"tag-rozrywka"},"share_on_mastodon":{"url":"https:\/\/pubeurope.com\/@pl\/115651557959550181","error":""},"_links":{"self":[{"href":"https:\/\/www.europesays.com\/pl\/wp-json\/wp\/v2\/posts\/129468","targetHints":{"allow":["GET"]}}],"collection":[{"href":"https:\/\/www.europesays.com\/pl\/wp-json\/wp\/v2\/posts"}],"about":[{"href":"https:\/\/www.europesays.com\/pl\/wp-json\/wp\/v2\/types\/post"}],"author":[{"embeddable":true,"href":"https:\/\/www.europesays.com\/pl\/wp-json\/wp\/v2\/users\/2"}],"replies":[{"embeddable":true,"href":"https:\/\/www.europesays.com\/pl\/wp-json\/wp\/v2\/comments?post=129468"}],"version-history":[{"count":0,"href":"https:\/\/www.europesays.com\/pl\/wp-json\/wp\/v2\/posts\/129468\/revisions"}],"wp:featuredmedia":[{"embeddable":true,"href":"https:\/\/www.europesays.com\/pl\/wp-json\/wp\/v2\/media\/129469"}],"wp:attachment":[{"href":"https:\/\/www.europesays.com\/pl\/wp-json\/wp\/v2\/media?parent=129468"}],"wp:term":[{"taxonomy":"category","embeddable":true,"href":"https:\/\/www.europesays.com\/pl\/wp-json\/wp\/v2\/categories?post=129468"},{"taxonomy":"post_tag","embeddable":true,"href":"https:\/\/www.europesays.com\/pl\/wp-json\/wp\/v2\/tags?post=129468"}],"curies":[{"name":"wp","href":"https:\/\/api.w.org\/{rel}","templated":true}]}}