{"id":129561,"date":"2025-12-02T20:03:10","date_gmt":"2025-12-02T20:03:10","guid":{"rendered":"https:\/\/www.europesays.com\/pl\/129561\/"},"modified":"2025-12-02T20:03:10","modified_gmt":"2025-12-02T20:03:10","slug":"donald-trump-o-negocjacjach-pokojowych-w-sprawie-ukrainy-co-za-balagan-onet","status":"publish","type":"post","link":"https:\/\/www.europesays.com\/pl\/129561\/","title":{"rendered":"Donald Trump o negocjacjach pokojowych w sprawie Ukrainy. &quot;Co za ba\u0142agan&quot; &#8211; Onet"},"content":{"rendered":"<ol>\n<li><a href=\"https:\/\/news.google.com\/rss\/articles\/CBMizgFBVV95cUxOcFU5OTVCQk1zdFNzalVTMjFkLUpoUzdLdF9peDRiYU9HVUdNYjVGY3ZaTUk1NERLSV9qWHM0Qmx3WnpiYjFXY2JpOGhZbDZQX2lKaFJrNC1NcEExS3hVU21KWE5sYUlFekdSZGN3RFNQLXk2LVc3YklSaEpqSWxPVEdUUUM5Y0J0VkV3TDBjRkJSR3hIMVVabFlVY0ItX0tBbFRNejVqWnFnaDFpbmVXNWtlTXBaV0VXUGxqRDhYSXJLOEJ5dVBuRDFKRUZhZw?oc=5\" target=\"_blank\" rel=\"nofollow noopener\">Donald Trump o negocjacjach pokojowych w sprawie Ukrainy. &#8222;Co za ba\u0142agan&#8221;<\/a>&nbsp;&nbsp;Onet<\/li>\n<li><a href=\"https:\/\/news.google.com\/rss\/articles\/CBMiywFBVV95cUxQc3NDbUQ3THJWTy1VRS16T0ZXb2k4R1ZJQVl6a1RZUGs4UGRnaWRTR3pOblF0cmN2MDBiQzBTMUk4azMyUUd1dFdMc0lHUG9KX2VVMkZnbHVnbHZZS3d4aW1yWGtULV9lby1UWUQyOE5kVEpOWjQ1dmlVQnJUU2lmV2xKWWhTZTJidU0xTHZaRlFST3hpN3VxNnRzWjZZc2ZfeTZpOGNRWE9wRS1feTBMeVRjNXRMOWNQR0tOVURvSVVUbjlSTWZrbG5Vbw?oc=5\" target=\"_blank\" rel=\"nofollow noopener\">&#8222;Co za ba\u0142agan&#8221;. Donald Trump o &#8222;pr\u00f3bie zako\u0144czenia&#8221; wojny w Ukrainie<\/a>&nbsp;&nbsp;TVN24<\/li>\n<li><a href=\"https:\/\/news.google.com\/rss\/articles\/CBMitgFBVV95cUxQeXp5dExyUnVkX1NFZ2NoemtTY2h4ZlpkRzQyVWJBSUg4cG50QUlXNFpwOUlmalViQ3BKVmFyNnV1UlF5Y2NIMFpPWHJzTF9iTHdyZXlXOW5jNk1uaU03eDZIVURjWkxRMXFSdEVsVVVtbFZjRzhIaFJIeUJ3ZFhiR29Pcks1b2xiM1M2a0UwajZkQm9oQk1uY0pMck1LVHlxc0l3TUxkdl9mRmdvLUhJMVZVSnZFUQ?oc=5\" target=\"_blank\" rel=\"nofollow noopener\">Wo\u0142odymyr Ze\u0142enski o rozmowach z USA. &#8222;Kontynuujemy konstruktywn\u0105 wsp\u00f3\u0142prac\u0119 z Trumpem&#8221;<\/a>&nbsp;&nbsp;Onet Wiadomo\u015bci<\/li>\n<li><a href=\"https:\/\/news.google.com\/rss\/articles\/CBMi0AFBVV95cUxNcVlIOXpDanJqaHBmSGczNGxlMURqZF9GanhDUW8zUmhlVWRFQUstYzNSR3VUVFZ0TXNrOXRFRTBRNjdaVDM2blFhbGNiR1RwWTRTbk1vN2tNQ2otNDJuZzZoTjAxQVJoVm9sa2FxZHhTemNDbm1hWWtHS296Qk1BTjdKTWM4Slc3Z1BYaGdRb2JOQ0k0TVotU1RmTHoxQ0czRFBrRS1DeW5IZXdZMWEwcTNXVmZGZzF6bXZ1bnVCbUowcjZrNm92Q3BYRDlmTGxp?oc=5\" target=\"_blank\" rel=\"nofollow noopener\">Trump skrytykowa\u0142 pomoc dla Ukrainy. &#8222;Rozda\u0142 miliardy dolar\u00f3w jak cukierki&#8221;<\/a>&nbsp;&nbsp;PolsatNews.pl<\/li>\n<li><a href=\"https:\/\/news.google.com\/rss\/articles\/CBMixgFBVV95cUxQY3o3MVZTY0dwcng5d19EMGk3OUVnRGlqQktHdEtDbTkwZlpuLVN3WGx0bUkxTTZVUVpCdUlQZ29LVDBGOWVBX2ZTRnBuek5HNVhtT2V1SF9LRTdNYURoODN2ZDY2RnZaclZJcUEzX3VPLUNJcTVKMXdmd0E0Vmd5cVRoX1NFbWRhT2V5OFZGQU9hMUxzV0JTOXRwMUgxV2s1OXJ0RTk0Nm9yUUdPanpnZWRLZ0lEeUdVc2JvNVZVZDltR3NOOXc?oc=5\" target=\"_blank\" rel=\"nofollow noopener\">Ukrai\u0144cy powiedzieli Amerykanom &#8222;nie&#8221;. Kulisy rozm\u00f3w na Florydzie<\/a>&nbsp;&nbsp;RMF24<\/li>\n<\/ol>\n","protected":false},"excerpt":{"rendered":"Donald Trump o negocjacjach pokojowych w sprawie Ukrainy. &#8222;Co za ba\u0142agan&#8221;&nbsp;&nbsp;Onet &#8222;Co za ba\u0142agan&#8221;. Donald Trump o &#8222;pr\u00f3bie&hellip;\n","protected":false},"author":2,"featured_media":129562,"comment_status":"","ping_status":"","sticky":false,"template":"","format":"standard","meta":{"footnotes":""},"categories":[14],"tags":[32,33,58,27,64,34,35,28,31,53,25,52,68,51,55,40,41,62,47,80,29,30,390,65,50,26,82,83,84],"class_list":{"0":"post-129561","1":"post","2":"type-post","3":"status-publish","4":"format-standard","5":"has-post-thumbnail","7":"category-swiat","8":"tag-breaking-news","9":"tag-breakingnews","10":"tag-donald_trump_prezydent_usa","11":"tag-headlines","12":"tag-inwazja_rosji_na_ukraine_2014_","13":"tag-latest-news","14":"tag-latestnews","15":"tag-naglowki","16":"tag-najwazniejsze-artykuly","17":"tag-new_header","18":"tag-news","19":"tag-onet3","20":"tag-onet3d","21":"tag-onet3d_2i","22":"tag-phx","23":"tag-polish","24":"tag-polski","25":"tag-rosja_kraj_rosjanin_rosjanie_rosjanka_rosjanki","26":"tag-screening_general","27":"tag-swiat","28":"tag-top-stories","29":"tag-topstories","30":"tag-ukraina_ukrainiec_ukrainka_ukraincy_ukrainki","31":"tag-update_me","32":"tag-v2021","33":"tag-wiadomosci","34":"tag-world","35":"tag-world-news","36":"tag-worldnews"},"share_on_mastodon":{"url":"","error":"Validation failed: Text character limit of 500 exceeded"},"_links":{"self":[{"href":"https:\/\/www.europesays.com\/pl\/wp-json\/wp\/v2\/posts\/129561","targetHints":{"allow":["GET"]}}],"collection":[{"href":"https:\/\/www.europesays.com\/pl\/wp-json\/wp\/v2\/posts"}],"about":[{"href":"https:\/\/www.europesays.com\/pl\/wp-json\/wp\/v2\/types\/post"}],"author":[{"embeddable":true,"href":"https:\/\/www.europesays.com\/pl\/wp-json\/wp\/v2\/users\/2"}],"replies":[{"embeddable":true,"href":"https:\/\/www.europesays.com\/pl\/wp-json\/wp\/v2\/comments?post=129561"}],"version-history":[{"count":0,"href":"https:\/\/www.europesays.com\/pl\/wp-json\/wp\/v2\/posts\/129561\/revisions"}],"wp:featuredmedia":[{"embeddable":true,"href":"https:\/\/www.europesays.com\/pl\/wp-json\/wp\/v2\/media\/129562"}],"wp:attachment":[{"href":"https:\/\/www.europesays.com\/pl\/wp-json\/wp\/v2\/media?parent=129561"}],"wp:term":[{"taxonomy":"category","embeddable":true,"href":"https:\/\/www.europesays.com\/pl\/wp-json\/wp\/v2\/categories?post=129561"},{"taxonomy":"post_tag","embeddable":true,"href":"https:\/\/www.europesays.com\/pl\/wp-json\/wp\/v2\/tags?post=129561"}],"curies":[{"name":"wp","href":"https:\/\/api.w.org\/{rel}","templated":true}]}}