{"id":129624,"date":"2025-12-02T20:47:09","date_gmt":"2025-12-02T20:47:09","guid":{"rendered":"https:\/\/www.europesays.com\/pl\/129624\/"},"modified":"2025-12-02T20:47:09","modified_gmt":"2025-12-02T20:47:09","slug":"wojna-na-szczyty-rzadu-i-prezydenta-nie-wytrzymali-onet-wiadomosci","status":"publish","type":"post","link":"https:\/\/www.europesays.com\/pl\/129624\/","title":{"rendered":"&quot;Wojna na szczyty&quot; rz\u0105du i prezydenta. &quot;Nie wytrzymali&quot; &#8211; Onet Wiadomo\u015bci"},"content":{"rendered":"<ol>\n<li><a href=\"https:\/\/news.google.com\/rss\/articles\/CBMilAFBVV95cUxQSEw1LTRKekJCUFNKRnFHdzVjSnhKNDFDQ3lzUFY2emJEckZqMU9EeXpRTGZlR0poNkk3Q1ExQ2pkalFQWDlxT2NELW53aktxOXgyU3NxTTROaGVsMjlUZjk5dy1mM25FM3UwRXRIMFpwS1JhcHVudVA1ZGtGOXpPODMydWVrTFlXRHo5NHRhTVR1cnBL?oc=5\" target=\"_blank\" rel=\"nofollow noopener\">&#8222;Wojna na szczyty&#8221; rz\u0105du i prezydenta. &#8222;Nie wytrzymali&#8221;<\/a>&nbsp;&nbsp;Onet Wiadomo\u015bci<\/li>\n<li><a href=\"https:\/\/news.google.com\/rss\/articles\/CBMiygFBVV95cUxNSmdWQ1lXZHdmdVFTMnR2UXA3bWRqRWU4QVRiZUowU2FpUmdXSl9DQ3lYUnJjMkpYbjJVdTUySmxudDJsUjFocmdhcnFjV3ZJbjhwVmdCTmdIVThnYWU0a0NuVjVNUmc0Ql9TaTJyOC1yamx6SkZaR0dxT1Fvb2oyZ1AtWHBBU1kwY2NjcEZvb3pVdzBuVUVUY3ZaR3NqY1hYczE1V3RWeE1LMl94U21XZ2w2UDRnSW1OS2REdEVNaWxMTmd2QmFMbF9B?oc=5\" target=\"_blank\" rel=\"nofollow noopener\">&#8222;To nie mia\u0142oby sensu&#8221;. Prezydenckie zaproszenie dla minister nie do przyj\u0119cia?<\/a>&nbsp;&nbsp;Money.pl<\/li>\n<li><a href=\"https:\/\/news.google.com\/rss\/articles\/CBMivAFBVV95cUxPb1o1TzlFT09MLVUtY0pHUUtIQ0ZlQUlYNmdjcFdIWVNZeHZnOF9qU2dxS29EaE1Hal9jVm5ZMkVaLW9ncXNUYjZFdFlOSkdOS1VtcWJBdEVYZlRYYWdsakxTOWY5SHZyVTE5NTI2RjUybGJOYW9Ib1lVNU1sTGNlNXVQTzNTVGVaS3FKQlNGVG9wMUV0UC1PNUNWYU5kdndDaFpOTFhMVDBrcjI1TnM1dlQxaFVOOXdsNVJwMA?oc=5\" target=\"_blank\" rel=\"nofollow noopener\">Bitwa na &#8222;szczyty zdrowotne&#8221;. Tak rz\u0105d odpowiada prezydentowi<\/a>&nbsp;&nbsp;Rynek Zdrowia<\/li>\n<li><a href=\"https:\/\/news.google.com\/rss\/articles\/CBMiqAFBVV95cUxPZWE1cUI5YndYVENfWW5BWW1ZcHpkZjM2U3NOTGdVdEdSN1haOTBKQnloVzVsRHBPaXFjM0s4ZkRibnBmZHdBUUF0UEtpbEZTWHNxRDBZRTVTdGRfamgyb2huMTJQTVhvdlF6SGRmb1pyX0JwTUdFbmtaNnNaVF80dHFFaVRrZjlMVXdZS21nR0FqdXE2YzlkaTlCbllZQ2EtYWI1TkV0MWo?oc=5\" target=\"_blank\" rel=\"nofollow noopener\">&#8222;Wojna na szczyty&#8221;. Rz\u0105d odpowiada na pomys\u0142 prezydenta<\/a>&nbsp;&nbsp;Wydarzenia w INTERIA.PL<\/li>\n<li><a href=\"https:\/\/news.google.com\/rss\/articles\/CBMiugFBVV95cUxPVENwNTV4aEktd2tjc0RSYUNlX2hZckdfNFFEUjNGaHo1bDBQMExCdElTRVJnbnJPaldjVjVRUlAwQ3hXbjBaZHBtcENXanlrSWxDUFdieU1ONGVvN2FVMzRjWGZXVGQ3Y3FGVkVYVl93b2s4NWQxMVAyLW9WR1dENXE2LWgtVWhVb0ZwX1ZReEFac2laQnZBQmg5U253cE5aZnR2OXViZnh4Z1dLcjU5ZTZaYUl1d0h1ZFE?oc=5\" target=\"_blank\" rel=\"nofollow noopener\">Rz\u0105d zorganizuje w\u0142asny szczyt medyczny. Dzie\u0144 przed szczytem w Pa\u0142acu Prezydenckim<\/a>&nbsp;&nbsp;Rzeczpospolita<\/li>\n<\/ol>\n","protected":false},"excerpt":{"rendered":"&#8222;Wojna na szczyty&#8221; rz\u0105du i prezydenta. &#8222;Nie wytrzymali&#8221;&nbsp;&nbsp;Onet Wiadomo\u015bci &#8222;To nie mia\u0142oby sensu&#8221;. Prezydenckie zaproszenie dla minister nie&hellip;\n","protected":false},"author":2,"featured_media":129625,"comment_status":"","ping_status":"","sticky":false,"template":"","format":"standard","meta":{"footnotes":""},"categories":[5],"tags":[32,33,36,37,27,15492,43,49,34,35,534,28,31,48,25,5354,46,42,38,40,39,41,47,29,30,26],"class_list":{"0":"post-129624","1":"post","2":"type-post","3":"status-publish","4":"format-standard","5":"has-post-thumbnail","7":"category-naglowki","8":"tag-breaking-news","9":"tag-breakingnews","10":"tag-featured-news","11":"tag-featurednews","12":"tag-headlines","13":"tag-jolanta_sobieranska_grenda","14":"tag-karol_nawrocki","15":"tag-kraj","16":"tag-latest-news","17":"tag-latestnews","18":"tag-ministerstwo_zdrowia","19":"tag-naglowki","20":"tag-najwazniejsze-artykuly","21":"tag-nat_styl","22":"tag-news","23":"tag-ochrona_zdrowia","24":"tag-omp","25":"tag-pl","26":"tag-poland","27":"tag-polish","28":"tag-polska","29":"tag-polski","30":"tag-screening_general","31":"tag-top-stories","32":"tag-topstories","33":"tag-wiadomosci"},"share_on_mastodon":{"url":"https:\/\/pubeurope.com\/@pl\/115651939216189434","error":""},"_links":{"self":[{"href":"https:\/\/www.europesays.com\/pl\/wp-json\/wp\/v2\/posts\/129624","targetHints":{"allow":["GET"]}}],"collection":[{"href":"https:\/\/www.europesays.com\/pl\/wp-json\/wp\/v2\/posts"}],"about":[{"href":"https:\/\/www.europesays.com\/pl\/wp-json\/wp\/v2\/types\/post"}],"author":[{"embeddable":true,"href":"https:\/\/www.europesays.com\/pl\/wp-json\/wp\/v2\/users\/2"}],"replies":[{"embeddable":true,"href":"https:\/\/www.europesays.com\/pl\/wp-json\/wp\/v2\/comments?post=129624"}],"version-history":[{"count":0,"href":"https:\/\/www.europesays.com\/pl\/wp-json\/wp\/v2\/posts\/129624\/revisions"}],"wp:featuredmedia":[{"embeddable":true,"href":"https:\/\/www.europesays.com\/pl\/wp-json\/wp\/v2\/media\/129625"}],"wp:attachment":[{"href":"https:\/\/www.europesays.com\/pl\/wp-json\/wp\/v2\/media?parent=129624"}],"wp:term":[{"taxonomy":"category","embeddable":true,"href":"https:\/\/www.europesays.com\/pl\/wp-json\/wp\/v2\/categories?post=129624"},{"taxonomy":"post_tag","embeddable":true,"href":"https:\/\/www.europesays.com\/pl\/wp-json\/wp\/v2\/tags?post=129624"}],"curies":[{"name":"wp","href":"https:\/\/api.w.org\/{rel}","templated":true}]}}